{"id":123135,"date":"2023-10-12T10:06:02","date_gmt":"2023-10-12T13:06:02","guid":{"rendered":"https:\/\/eldiariodesanpedro.com.ar\/sitio\/?p=123135"},"modified":"2023-10-12T10:06:04","modified_gmt":"2023-10-12T13:06:04","slug":"edicto-de-sucesion-de-abraham-jose-y-hunziker-ida-haydee","status":"publish","type":"post","link":"https:\/\/eldiariodesanpedro.com.ar\/sitio\/edicto-de-sucesion-de-abraham-jose-y-hunziker-ida-haydee\/","title":{"rendered":"Edicto de Sucesi\u00f3n de Abraham Jose y Hunziker Ida Haydee"},"content":{"rendered":"<!-- VideographyWP Plugin Message: Automatic video embedding prevented by plugin options. -->\n\n<p>El Juzgado de Paz Letrado de Baradero cita y emplaza por treinta d\u00edas a herederos y acreedores de <strong>Don Abraham Jose y Do\u00f1a Hunziker Ida Haydee<\/strong>.- Baradero, 09 de octubre de 2023.-<\/p>\n\n\n\n<p>ESTEBAN OMAR PERUSINA<br>ABOGADO SECRETARIO&nbsp;<\/p>\n\n\n\n<p>(Publicaci\u00f3n V\u00e1lida los d\u00edas 12, 13 y 14 de octubre de 2023)<\/p>\n","protected":false},"excerpt":{"rendered":"<p>El Juzgado de Paz Letrado de Baradero cita y emplaza por treinta d\u00edas a herederos y acreedores de Don Abraham Jose y Do\u00f1a Hunziker Ida Haydee.- Baradero, 09 de octubre de 2023.- ESTEBAN OMAR PERUSINAABOGADO SECRETARIO&nbsp; (Publicaci\u00f3n V\u00e1lida los d\u00edas 12, 13 y 14 de octubre de 2023)<\/p>\n","protected":false},"author":4,"featured_media":102746,"comment_status":"closed","ping_status":"closed","sticky":false,"template":"","format":"standard","meta":{"om_disable_all_campaigns":false,"_jetpack_memberships_contains_paid_content":false,"footnotes":""},"categories":[676,677],"tags":[4541],"class_list":["post-123135","post","type-post","status-publish","format-standard","has-post-thumbnail","hentry","category-edictos","category-edictos-sucesorios","tag-edicto-de-sucesion-de-abraham-jose-y-hunziker-ida-haydee"],"aioseo_notices":[],"gutentor_comment":0,"jetpack_featured_media_url":"https:\/\/eldiariodesanpedro.com.ar\/sitio\/wp-content\/uploads\/2022\/01\/EDICTO.jpg","jetpack_shortlink":"https:\/\/wp.me\/p6RhLt-w23","jetpack_sharing_enabled":true,"_links":{"self":[{"href":"https:\/\/eldiariodesanpedro.com.ar\/sitio\/wp-json\/wp\/v2\/posts\/123135","targetHints":{"allow":["GET"]}}],"collection":[{"href":"https:\/\/eldiariodesanpedro.com.ar\/sitio\/wp-json\/wp\/v2\/posts"}],"about":[{"href":"https:\/\/eldiariodesanpedro.com.ar\/sitio\/wp-json\/wp\/v2\/types\/post"}],"author":[{"embeddable":true,"href":"https:\/\/eldiariodesanpedro.com.ar\/sitio\/wp-json\/wp\/v2\/users\/4"}],"replies":[{"embeddable":true,"href":"https:\/\/eldiariodesanpedro.com.ar\/sitio\/wp-json\/wp\/v2\/comments?post=123135"}],"version-history":[{"count":1,"href":"https:\/\/eldiariodesanpedro.com.ar\/sitio\/wp-json\/wp\/v2\/posts\/123135\/revisions"}],"predecessor-version":[{"id":123136,"href":"https:\/\/eldiariodesanpedro.com.ar\/sitio\/wp-json\/wp\/v2\/posts\/123135\/revisions\/123136"}],"wp:featuredmedia":[{"embeddable":true,"href":"https:\/\/eldiariodesanpedro.com.ar\/sitio\/wp-json\/wp\/v2\/media\/102746"}],"wp:attachment":[{"href":"https:\/\/eldiariodesanpedro.com.ar\/sitio\/wp-json\/wp\/v2\/media?parent=123135"}],"wp:term":[{"taxonomy":"category","embeddable":true,"href":"https:\/\/eldiariodesanpedro.com.ar\/sitio\/wp-json\/wp\/v2\/categories?post=123135"},{"taxonomy":"post_tag","embeddable":true,"href":"https:\/\/eldiariodesanpedro.com.ar\/sitio\/wp-json\/wp\/v2\/tags?post=123135"}],"curies":[{"name":"wp","href":"https:\/\/api.w.org\/{rel}","templated":true}]}}