{"id":123131,"date":"2023-10-12T09:42:32","date_gmt":"2023-10-12T12:42:32","guid":{"rendered":"https:\/\/eldiariodesanpedro.com.ar\/sitio\/?p=123131"},"modified":"2023-10-12T09:42:34","modified_gmt":"2023-10-12T12:42:34","slug":"edicto-de-sucesion-de-carlos-alberto-dobalo-y-mirta-ester-barbieri","status":"publish","type":"post","link":"https:\/\/eldiariodesanpedro.com.ar\/sitio\/edicto-de-sucesion-de-carlos-alberto-dobalo-y-mirta-ester-barbieri\/","title":{"rendered":"Edicto de Sucesi\u00f3n de Carlos Alberto Dobalo y Mirta Ester Barbieri"},"content":{"rendered":"<!-- VideographyWP Plugin Message: Automatic video embedding prevented by plugin options. -->\n\n<p>El juzgado de Paz Letrado, Secretar\u00eda \u00danica, de la ciudad de San Pedro, Provincia de Buenos Aires, cita y emplaza por treinta d\u00edas a todos los que se consideren con derechos a los bienes dejados por <strong>Don Carlos Alberto Dobalo y Do\u00f1a Mirta Ester Barbieri<\/strong>.- San Pedro, 05 de octubre de 2023.-<\/p>\n\n\n\n<p>FACUNDO VELL\u00d3N<br>ABOGADO SECRETARIO\u00a0<\/p>\n\n\n\n<p>(Publicaci\u00f3n V\u00e1lida los d\u00edas 12, 13 y 14 de octubre de 2023)<br><a href=\"https:\/\/notificaciones.scba.gov.ar\/verificarnotificacion.aspx?codNotif=KN2HM7\">https:\/\/notificaciones.scba.gov.ar\/verificarnotificacion.aspx?codNotif=KN2HM7<\/a><\/p>\n","protected":false},"excerpt":{"rendered":"<p>El juzgado de Paz Letrado, Secretar\u00eda \u00danica, de la ciudad de San Pedro, Provincia de Buenos Aires, cita y emplaza por treinta d\u00edas a todos los que se consideren con derechos a los bienes dejados por Don Carlos Alberto Dobalo y Do\u00f1a Mirta Ester Barbieri.- San Pedro, 05 de octubre de 2023.- FACUNDO VELL\u00d3NABOGADO SECRETARIO\u00a0 [&hellip;]<\/p>\n","protected":false},"author":4,"featured_media":102746,"comment_status":"closed","ping_status":"closed","sticky":false,"template":"","format":"standard","meta":{"om_disable_all_campaigns":false,"_jetpack_memberships_contains_paid_content":false,"footnotes":""},"categories":[676,677],"tags":[4539],"class_list":["post-123131","post","type-post","status-publish","format-standard","has-post-thumbnail","hentry","category-edictos","category-edictos-sucesorios","tag-edicto-de-sucesion-de-carlos-alberto-dobalo-y-mirta-ester-barbieri"],"aioseo_notices":[],"gutentor_comment":0,"jetpack_featured_media_url":"https:\/\/eldiariodesanpedro.com.ar\/sitio\/wp-content\/uploads\/2022\/01\/EDICTO.jpg","jetpack_shortlink":"https:\/\/wp.me\/p6RhLt-w1Z","jetpack_sharing_enabled":true,"_links":{"self":[{"href":"https:\/\/eldiariodesanpedro.com.ar\/sitio\/wp-json\/wp\/v2\/posts\/123131","targetHints":{"allow":["GET"]}}],"collection":[{"href":"https:\/\/eldiariodesanpedro.com.ar\/sitio\/wp-json\/wp\/v2\/posts"}],"about":[{"href":"https:\/\/eldiariodesanpedro.com.ar\/sitio\/wp-json\/wp\/v2\/types\/post"}],"author":[{"embeddable":true,"href":"https:\/\/eldiariodesanpedro.com.ar\/sitio\/wp-json\/wp\/v2\/users\/4"}],"replies":[{"embeddable":true,"href":"https:\/\/eldiariodesanpedro.com.ar\/sitio\/wp-json\/wp\/v2\/comments?post=123131"}],"version-history":[{"count":1,"href":"https:\/\/eldiariodesanpedro.com.ar\/sitio\/wp-json\/wp\/v2\/posts\/123131\/revisions"}],"predecessor-version":[{"id":123132,"href":"https:\/\/eldiariodesanpedro.com.ar\/sitio\/wp-json\/wp\/v2\/posts\/123131\/revisions\/123132"}],"wp:featuredmedia":[{"embeddable":true,"href":"https:\/\/eldiariodesanpedro.com.ar\/sitio\/wp-json\/wp\/v2\/media\/102746"}],"wp:attachment":[{"href":"https:\/\/eldiariodesanpedro.com.ar\/sitio\/wp-json\/wp\/v2\/media?parent=123131"}],"wp:term":[{"taxonomy":"category","embeddable":true,"href":"https:\/\/eldiariodesanpedro.com.ar\/sitio\/wp-json\/wp\/v2\/categories?post=123131"},{"taxonomy":"post_tag","embeddable":true,"href":"https:\/\/eldiariodesanpedro.com.ar\/sitio\/wp-json\/wp\/v2\/tags?post=123131"}],"curies":[{"name":"wp","href":"https:\/\/api.w.org\/{rel}","templated":true}]}}