{"id":12313,"date":"2017-01-05T20:03:03","date_gmt":"2017-01-05T23:03:03","guid":{"rendered":"https:\/\/eldiariodesanpedro.com.ar\/sitio\/?p=12313"},"modified":"2017-01-05T20:03:03","modified_gmt":"2017-01-05T23:03:03","slug":"la-policia-local-patrullara-la-costanera-y-zona-centrica","status":"publish","type":"post","link":"https:\/\/eldiariodesanpedro.com.ar\/sitio\/la-policia-local-patrullara-la-costanera-y-zona-centrica\/","title":{"rendered":"La Polic\u00eda Local patrullar\u00e1 la costanera y zona c\u00e9ntrica"},"content":{"rendered":"<p><!-- VideographyWP Plugin Message: Automatic video embedding prevented by plugin options. --><br \/>\nEl secretario de Gobierno Silvio Corti brind\u00f3 detalles de la puesta en marcha de la nueva fuerza policial.<\/p>\n<p>\u201cHoy en San Pedro contamos con 36 oficiales que no est\u00e1n participando del Operativo Sol y por lo tanto est\u00e1n hasta el d\u00eda de hoy, licenciados aqu\u00ed en San Pedro, m\u00e1s los 15 cadetes que ya han aprobado todas sus materias y estamos en espera de la resoluci\u00f3n ministerial que los egrese como oficiales\u201d, explic\u00f3 Corti.<\/p>\n<p>Y agreg\u00f3: \u201cEn el d\u00eda de hoy recibimos una circular donde ya se autoriza a poner en operaciones a estos oficiales\u201d.<\/p>\n<p>Sin embargo, a\u00fan hace falta que los uniformados sean dotados de algunos elementos. \u201cLo que tambi\u00e9n se prev\u00e9 es una serie de detalles operativos que hay que cumplimentar, por los cuales hemos estado reunidos hoy y que tiene que ver con equipamiento de comunicaciones que el Municipio est\u00e1 adquiriendo, estamos hablando de radios y los chalecos antibalas que los provee la provincia, que tambi\u00e9n estamos a la espera de eso y una vez cumplimentado eso ya estamos en condiciones de sacar a nuestra Polic\u00eda Local a la calle\u201d, dijo el funcionario.<\/p>\n<p>\u201cEn principio solo cumplir\u00e1n funciones en horario diurno\u201d y \u201cdesde la provincia nos sugieren tener presencia en los sectores de mayor concurrencia de turismo\u201d, que \u201ccoincide con el lugar donde la mayor\u00eda de los sampedrinos hacen tr\u00e1mites\u201d (la zona c\u00e9ntrica), confirm\u00f3 Corti.<\/p>\n<p>\u201cNo podr\u00e1n conducir m\u00f3viles, todo el patrullaje lo deber\u00e1n hacer a pie\u201d, agreg\u00f3 y tampoco no podr\u00e1n usar celulares ni equipos de reproducci\u00f3n de m\u00fasica, \u201cpara que no se distraigan\u201d, asever\u00f3 el secretario de Gobierno.<\/p>\n<p>\u201cEquipo de comunicaciones ya se han instalado las antenas y en pocos d\u00edas m\u00e1s vamos a estar proveyendo a los oficiales a cada uno con su handy\u201d, explic\u00f3. <\/p>\n<p>En tanto, se barajan varias opciones para reemplazar a la subcomisaria Gabriela Lencina que dej\u00f3 el puesto por motivos personales. \u201cLa gente que ha venido trabajando en la academia van a seguir a cargo de ello. El intendente tiene algunas opciones para proponer a un jefe de Polic\u00eda Local y todo se har\u00e1 en estos d\u00edas con la puesta en marcha de algunos de estos detalles que faltan\u201d.<\/p>\n","protected":false},"excerpt":{"rendered":"<p>El secretario de Gobierno Silvio Corti brind\u00f3 detalles de la puesta en marcha de la nueva fuerza policial. \u201cHoy en San Pedro contamos con 36 oficiales que no est\u00e1n participando del Operativo Sol y por lo tanto est\u00e1n hasta el d\u00eda de hoy, licenciados aqu\u00ed en San Pedro, m\u00e1s los 15 cadetes que ya han [&hellip;]<\/p>\n","protected":false},"author":4,"featured_media":11263,"comment_status":"open","ping_status":"closed","sticky":false,"template":"","format":"standard","meta":{"om_disable_all_campaigns":false,"_jetpack_memberships_contains_paid_content":false,"footnotes":""},"categories":[101,2],"tags":[],"class_list":["post-12313","post","type-post","status-publish","format-standard","has-post-thumbnail","hentry","category-interes-general-locales","category-locales"],"aioseo_notices":[],"gutentor_comment":0,"jetpack_featured_media_url":"https:\/\/eldiariodesanpedro.com.ar\/sitio\/wp-content\/uploads\/2016\/12\/Silvio-Corti.jpg","jetpack_shortlink":"https:\/\/wp.me\/p6RhLt-3cB","jetpack_sharing_enabled":true,"_links":{"self":[{"href":"https:\/\/eldiariodesanpedro.com.ar\/sitio\/wp-json\/wp\/v2\/posts\/12313","targetHints":{"allow":["GET"]}}],"collection":[{"href":"https:\/\/eldiariodesanpedro.com.ar\/sitio\/wp-json\/wp\/v2\/posts"}],"about":[{"href":"https:\/\/eldiariodesanpedro.com.ar\/sitio\/wp-json\/wp\/v2\/types\/post"}],"author":[{"embeddable":true,"href":"https:\/\/eldiariodesanpedro.com.ar\/sitio\/wp-json\/wp\/v2\/users\/4"}],"replies":[{"embeddable":true,"href":"https:\/\/eldiariodesanpedro.com.ar\/sitio\/wp-json\/wp\/v2\/comments?post=12313"}],"version-history":[{"count":1,"href":"https:\/\/eldiariodesanpedro.com.ar\/sitio\/wp-json\/wp\/v2\/posts\/12313\/revisions"}],"predecessor-version":[{"id":12314,"href":"https:\/\/eldiariodesanpedro.com.ar\/sitio\/wp-json\/wp\/v2\/posts\/12313\/revisions\/12314"}],"wp:featuredmedia":[{"embeddable":true,"href":"https:\/\/eldiariodesanpedro.com.ar\/sitio\/wp-json\/wp\/v2\/media\/11263"}],"wp:attachment":[{"href":"https:\/\/eldiariodesanpedro.com.ar\/sitio\/wp-json\/wp\/v2\/media?parent=12313"}],"wp:term":[{"taxonomy":"category","embeddable":true,"href":"https:\/\/eldiariodesanpedro.com.ar\/sitio\/wp-json\/wp\/v2\/categories?post=12313"},{"taxonomy":"post_tag","embeddable":true,"href":"https:\/\/eldiariodesanpedro.com.ar\/sitio\/wp-json\/wp\/v2\/tags?post=12313"}],"curies":[{"name":"wp","href":"https:\/\/api.w.org\/{rel}","templated":true}]}}