{"id":123118,"date":"2023-10-11T21:44:09","date_gmt":"2023-10-12T00:44:09","guid":{"rendered":"https:\/\/eldiariodesanpedro.com.ar\/sitio\/?p=123118"},"modified":"2023-10-11T21:44:12","modified_gmt":"2023-10-12T00:44:12","slug":"visita-y-recorrida-de-funcionarios-del-desarrollo-social-y-ambiente","status":"publish","type":"post","link":"https:\/\/eldiariodesanpedro.com.ar\/sitio\/visita-y-recorrida-de-funcionarios-del-desarrollo-social-y-ambiente\/","title":{"rendered":"Visita y recorrida de funcionarios del Desarrollo Social y Ambiente"},"content":{"rendered":"<!-- VideographyWP Plugin Message: Automatic video embedding prevented by plugin options. -->\n\n<p>El Intendente Cecilio Salazar recibi\u00f3 junto a su equipo esta ma\u00f1ana, a la Secretaria de Integraci\u00f3n Socio Urbana, dependiente del Ministerio de Desarrollo Social de Naci\u00f3n Fernanda Mi\u00f1o, la Subsecretaria de Residuos S\u00f3lidos Urbanos y Econom\u00eda Circular Jackie Flores y Mar\u00eda Castillo, Directora del programa Argentina Recicla, del Ministerio de Desarrollo Social.<\/p>\n\n\n\n<p>Junto al Secretario de Gobierno Mart\u00edn Baraybar y al Director de Medio Ambiente, Gustavo Sol\u00e1 mantuvieron una reuni\u00f3n de trabajo en el despacho oficial para analizar la marcha de todas las tareas emprendidas de manera conjunta.<\/p>\n\n\n\n<p>Los funcionarios luego se dirigieron a la zona del Barrio Los Cazadores (La Tosquera) donde se encuentra la planta de recuperaci\u00f3n y tratamiento de residuos s\u00f3lidos urbanos secos y se llevan adelante obras enmarcadas en los programas destinados a favorecer la tarea de los Recicladores Urbanos dentro de una pol\u00edtica de inclusi\u00f3n social y de apoyo.<\/p>\n\n\n\n<p>All\u00ed se han generado importantes avances en los \u00faltimos meses con obras de infraestructura para la ampliaci\u00f3n de la instalaci\u00f3n de redes de agua potable, cloacas, energ\u00eda el\u00e9ctrica, planta de tratamiento y otras importantes mejoras.<\/p>\n\n\n\n<p>Hace algunas semanas en esa zona se inaugur\u00f3 un play\u00f3n deportivo, se anunci\u00f3 la constituci\u00f3n de una delegaci\u00f3n municipal y la continuidad de un amplio plan de acciones compartidas desde la Municipalidad con los vecinos\u00a0de\u00a0la\u00a0zona.<\/p>\n\n\n\n<figure class=\"wp-block-image size-full\"><img decoding=\"async\" width=\"933\" height=\"630\" data-attachment-id=\"123120\" data-permalink=\"https:\/\/eldiariodesanpedro.com.ar\/sitio\/visita-y-recorrida-de-funcionarios-del-desarrollo-social-y-ambiente\/imagen-de-whatsapp-2023-10-11-a-las-19-07-08_b98a1e9b\/\" data-orig-file=\"https:\/\/eldiariodesanpedro.com.ar\/sitio\/wp-content\/uploads\/2023\/10\/Imagen-de-WhatsApp-2023-10-11-a-las-19.07.08_b98a1e9b.jpg\" data-orig-size=\"933,630\" data-comments-opened=\"0\" data-image-meta=\"{&quot;aperture&quot;:&quot;0&quot;,&quot;credit&quot;:&quot;&quot;,&quot;camera&quot;:&quot;&quot;,&quot;caption&quot;:&quot;&quot;,&quot;created_timestamp&quot;:&quot;0&quot;,&quot;copyright&quot;:&quot;&quot;,&quot;focal_length&quot;:&quot;0&quot;,&quot;iso&quot;:&quot;0&quot;,&quot;shutter_speed&quot;:&quot;0&quot;,&quot;title&quot;:&quot;&quot;,&quot;orientation&quot;:&quot;0&quot;}\" data-image-title=\"Imagen de WhatsApp 2023-10-11 a las 19.07.08_b98a1e9b\" data-image-description=\"\" data-image-caption=\"\" data-large-file=\"https:\/\/eldiariodesanpedro.com.ar\/sitio\/wp-content\/uploads\/2023\/10\/Imagen-de-WhatsApp-2023-10-11-a-las-19.07.08_b98a1e9b.jpg\" data-src=\"https:\/\/eldiariodesanpedro.com.ar\/sitio\/wp-content\/uploads\/2023\/10\/Imagen-de-WhatsApp-2023-10-11-a-las-19.07.08_b98a1e9b.jpg\" alt=\"\" class=\"wp-image-123120 lazyload\" data-srcset=\"https:\/\/eldiariodesanpedro.com.ar\/sitio\/wp-content\/uploads\/2023\/10\/Imagen-de-WhatsApp-2023-10-11-a-las-19.07.08_b98a1e9b.jpg 933w, https:\/\/eldiariodesanpedro.com.ar\/sitio\/wp-content\/uploads\/2023\/10\/Imagen-de-WhatsApp-2023-10-11-a-las-19.07.08_b98a1e9b-300x203.jpg 300w, https:\/\/eldiariodesanpedro.com.ar\/sitio\/wp-content\/uploads\/2023\/10\/Imagen-de-WhatsApp-2023-10-11-a-las-19.07.08_b98a1e9b-768x519.jpg 768w, https:\/\/eldiariodesanpedro.com.ar\/sitio\/wp-content\/uploads\/2023\/10\/Imagen-de-WhatsApp-2023-10-11-a-las-19.07.08_b98a1e9b-305x207.jpg 305w\" data-sizes=\"(max-width: 933px) 100vw, 933px\" src=\"data:image\/svg+xml;base64,PHN2ZyB3aWR0aD0iMSIgaGVpZ2h0PSIxIiB4bWxucz0iaHR0cDovL3d3dy53My5vcmcvMjAwMC9zdmciPjwvc3ZnPg==\" style=\"--smush-placeholder-width: 933px; --smush-placeholder-aspect-ratio: 933\/630;\" \/><\/figure>\n\n\n\n<figure class=\"wp-block-image size-full\"><img decoding=\"async\" width=\"995\" height=\"630\" data-attachment-id=\"123122\" data-permalink=\"https:\/\/eldiariodesanpedro.com.ar\/sitio\/visita-y-recorrida-de-funcionarios-del-desarrollo-social-y-ambiente\/imagen-de-whatsapp-2023-10-11-a-las-19-07-09_36ec34c6\/\" data-orig-file=\"https:\/\/eldiariodesanpedro.com.ar\/sitio\/wp-content\/uploads\/2023\/10\/Imagen-de-WhatsApp-2023-10-11-a-las-19.07.09_36ec34c6.jpg\" data-orig-size=\"995,630\" data-comments-opened=\"0\" data-image-meta=\"{&quot;aperture&quot;:&quot;0&quot;,&quot;credit&quot;:&quot;&quot;,&quot;camera&quot;:&quot;&quot;,&quot;caption&quot;:&quot;&quot;,&quot;created_timestamp&quot;:&quot;0&quot;,&quot;copyright&quot;:&quot;&quot;,&quot;focal_length&quot;:&quot;0&quot;,&quot;iso&quot;:&quot;0&quot;,&quot;shutter_speed&quot;:&quot;0&quot;,&quot;title&quot;:&quot;&quot;,&quot;orientation&quot;:&quot;0&quot;}\" data-image-title=\"Imagen de WhatsApp 2023-10-11 a las 19.07.09_36ec34c6\" data-image-description=\"\" data-image-caption=\"\" data-large-file=\"https:\/\/eldiariodesanpedro.com.ar\/sitio\/wp-content\/uploads\/2023\/10\/Imagen-de-WhatsApp-2023-10-11-a-las-19.07.09_36ec34c6.jpg\" data-src=\"https:\/\/eldiariodesanpedro.com.ar\/sitio\/wp-content\/uploads\/2023\/10\/Imagen-de-WhatsApp-2023-10-11-a-las-19.07.09_36ec34c6.jpg\" alt=\"\" class=\"wp-image-123122 lazyload\" data-srcset=\"https:\/\/eldiariodesanpedro.com.ar\/sitio\/wp-content\/uploads\/2023\/10\/Imagen-de-WhatsApp-2023-10-11-a-las-19.07.09_36ec34c6.jpg 995w, https:\/\/eldiariodesanpedro.com.ar\/sitio\/wp-content\/uploads\/2023\/10\/Imagen-de-WhatsApp-2023-10-11-a-las-19.07.09_36ec34c6-300x190.jpg 300w, https:\/\/eldiariodesanpedro.com.ar\/sitio\/wp-content\/uploads\/2023\/10\/Imagen-de-WhatsApp-2023-10-11-a-las-19.07.09_36ec34c6-768x486.jpg 768w, https:\/\/eldiariodesanpedro.com.ar\/sitio\/wp-content\/uploads\/2023\/10\/Imagen-de-WhatsApp-2023-10-11-a-las-19.07.09_36ec34c6-345x218.jpg 345w\" data-sizes=\"(max-width: 995px) 100vw, 995px\" src=\"data:image\/svg+xml;base64,PHN2ZyB3aWR0aD0iMSIgaGVpZ2h0PSIxIiB4bWxucz0iaHR0cDovL3d3dy53My5vcmcvMjAwMC9zdmciPjwvc3ZnPg==\" style=\"--smush-placeholder-width: 995px; --smush-placeholder-aspect-ratio: 995\/630;\" \/><\/figure>\n","protected":false},"excerpt":{"rendered":"<p>El Intendente Cecilio Salazar recibi\u00f3 junto a su equipo esta ma\u00f1ana, a la Secretaria de Integraci\u00f3n Socio Urbana, dependiente del Ministerio de Desarrollo Social de Naci\u00f3n Fernanda Mi\u00f1o, la Subsecretaria de Residuos S\u00f3lidos Urbanos y Econom\u00eda Circular Jackie Flores y Mar\u00eda Castillo, Directora del programa Argentina Recicla, del Ministerio de Desarrollo Social. Junto al Secretario [&hellip;]<\/p>\n","protected":false},"author":4,"featured_media":123119,"comment_status":"closed","ping_status":"closed","sticky":false,"template":"","format":"standard","meta":{"om_disable_all_campaigns":false,"_jetpack_memberships_contains_paid_content":false,"footnotes":""},"categories":[50,101,2],"tags":[197,696,33,19],"class_list":["post-123118","post","type-post","status-publish","format-standard","has-post-thumbnail","hentry","category-destacadas","category-interes-general-locales","category-locales","tag-buenos-aires","tag-interes-general","tag-locales","tag-san-pedro"],"aioseo_notices":[],"gutentor_comment":0,"jetpack_featured_media_url":"https:\/\/eldiariodesanpedro.com.ar\/sitio\/wp-content\/uploads\/2023\/10\/Imagen-de-WhatsApp-2023-10-11-a-las-19.07.06_c264ae89.jpg","jetpack_shortlink":"https:\/\/wp.me\/p6RhLt-w1M","jetpack_sharing_enabled":true,"_links":{"self":[{"href":"https:\/\/eldiariodesanpedro.com.ar\/sitio\/wp-json\/wp\/v2\/posts\/123118","targetHints":{"allow":["GET"]}}],"collection":[{"href":"https:\/\/eldiariodesanpedro.com.ar\/sitio\/wp-json\/wp\/v2\/posts"}],"about":[{"href":"https:\/\/eldiariodesanpedro.com.ar\/sitio\/wp-json\/wp\/v2\/types\/post"}],"author":[{"embeddable":true,"href":"https:\/\/eldiariodesanpedro.com.ar\/sitio\/wp-json\/wp\/v2\/users\/4"}],"replies":[{"embeddable":true,"href":"https:\/\/eldiariodesanpedro.com.ar\/sitio\/wp-json\/wp\/v2\/comments?post=123118"}],"version-history":[{"count":1,"href":"https:\/\/eldiariodesanpedro.com.ar\/sitio\/wp-json\/wp\/v2\/posts\/123118\/revisions"}],"predecessor-version":[{"id":123124,"href":"https:\/\/eldiariodesanpedro.com.ar\/sitio\/wp-json\/wp\/v2\/posts\/123118\/revisions\/123124"}],"wp:featuredmedia":[{"embeddable":true,"href":"https:\/\/eldiariodesanpedro.com.ar\/sitio\/wp-json\/wp\/v2\/media\/123119"}],"wp:attachment":[{"href":"https:\/\/eldiariodesanpedro.com.ar\/sitio\/wp-json\/wp\/v2\/media?parent=123118"}],"wp:term":[{"taxonomy":"category","embeddable":true,"href":"https:\/\/eldiariodesanpedro.com.ar\/sitio\/wp-json\/wp\/v2\/categories?post=123118"},{"taxonomy":"post_tag","embeddable":true,"href":"https:\/\/eldiariodesanpedro.com.ar\/sitio\/wp-json\/wp\/v2\/tags?post=123118"}],"curies":[{"name":"wp","href":"https:\/\/api.w.org\/{rel}","templated":true}]}}