{"id":123116,"date":"2023-10-11T21:34:23","date_gmt":"2023-10-12T00:34:23","guid":{"rendered":"https:\/\/eldiariodesanpedro.com.ar\/sitio\/?p=123116"},"modified":"2023-10-11T21:34:25","modified_gmt":"2023-10-12T00:34:25","slug":"ingreso-a-la-escuelas-de-formacion-policial-juan-vucetich","status":"publish","type":"post","link":"https:\/\/eldiariodesanpedro.com.ar\/sitio\/ingreso-a-la-escuelas-de-formacion-policial-juan-vucetich\/","title":{"rendered":"Ingreso a la Escuelas de Formaci\u00f3n Policial Juan Vucetich"},"content":{"rendered":"<!-- VideographyWP Plugin Message: Automatic video embedding prevented by plugin options. -->\n\n<p>La Municipalidad de San Pedro a trav\u00e9s de la Secretar\u00eda de Seguridad informa que est\u00e1 abierta la inscripci\u00f3n para quienes deseen incorporarse a la Polic\u00eda de la Provincia de Buenos Aires.<\/p>\n\n\n\n<p>Si bien todo el tr\u00e1mite debe realizarse de manera on-line, desde la Municipalidad de San Pedro se pone a disposici\u00f3n el asesoramiento de la Secretar\u00eda de Seguridad en Mitre 1925.<\/p>\n\n\n\n<p>El formulario de carga y la informaci\u00f3n on-line correspondiente se encuentra disponible aqu\u00ed: <a href=\"https:\/\/www.mseg.gba.gov.ar\">https:\/\/www.mseg.gba.gov.ar<\/a><\/p>\n\n\n\n<p>Requisitos formales para la Inscripci\u00f3n:<\/p>\n\n\n\n<ul class=\"wp-block-list\">\n<li>Ser argentino nativo, naturalizado o por opci\u00f3n.<\/li>\n\n\n\n<li>Tener entre 17 y 19 a\u00f1os de edad<\/li>\n\n\n\n<li>Tener domicilio registrado en Provincia de Buenos Aires.<\/li>\n\n\n\n<li>Haber finalizado de cursar el nivel secundario completo, en los t\u00e9rminos de la Ley N\u00b0 13.688 o equivalente, conforme lo establece la reglamentaci\u00f3n.<\/li>\n\n\n\n<li>Responder a las aptitudes psicof\u00edsicas establecidas en la Ley N\u00b0 13.982 y su reglamentaci\u00f3n.<\/li>\n\n\n\n<li>No registrar Antecedentes Penales (Provincia \u2013 Naci\u00f3n).<\/li>\n<\/ul>\n\n\n\n<p>Documentaci\u00f3n Requerida:<\/p>\n\n\n\n<ul class=\"wp-block-list\">\n<li>Planilla de Inscripci\u00f3n con firma y sellos correspondientes sin enmiendas.<\/li>\n\n\n\n<li>Una foto 4&#215;4 color, de frente, fondo blanco (reciente).<\/li>\n\n\n\n<li>Una fotocopia del DNI (frente y dorso).<\/li>\n\n\n\n<li>Fotocopia de Partida de Nacimiento.<\/li>\n\n\n\n<li>Una fotocopia de T\u00edtulo de Estudios Secundarios (autenticada por autoridad judicial o administrativa competente), o en su defecto Constancia Original del tr\u00e1mite del mismo.<\/li>\n\n\n\n<li>Constancia de CUIL.<\/li>\n\n\n\n<li>Certificado de Reincidencia (consultar web www.dnrec.jus.gov.ar).<\/li>\n\n\n\n<li>Certificado de Antecedentes Policiales (consultar web www.mseg.gba.gov.ar).<\/li>\n\n\n\n<li>Deudor Alimentario (s\u00f3lo si tiene hijos\/as &#8211; dmorosos@mjus.gba.gob.ar).<\/li>\n\n\n\n<li>Fotocopia de Licencia de Conducir&nbsp;(si&nbsp;tuviera).<\/li>\n<\/ul>\n","protected":false},"excerpt":{"rendered":"<p>La Municipalidad de San Pedro a trav\u00e9s de la Secretar\u00eda de Seguridad informa que est\u00e1 abierta la inscripci\u00f3n para quienes deseen incorporarse a la Polic\u00eda de la Provincia de Buenos Aires. Si bien todo el tr\u00e1mite debe realizarse de manera on-line, desde la Municipalidad de San Pedro se pone a disposici\u00f3n el asesoramiento de la [&hellip;]<\/p>\n","protected":false},"author":4,"featured_media":113626,"comment_status":"closed","ping_status":"closed","sticky":false,"template":"","format":"standard","meta":{"om_disable_all_campaigns":false,"_jetpack_memberships_contains_paid_content":false,"footnotes":""},"categories":[50,101,2],"tags":[],"class_list":["post-123116","post","type-post","status-publish","format-standard","has-post-thumbnail","hentry","category-destacadas","category-interes-general-locales","category-locales"],"aioseo_notices":[],"gutentor_comment":0,"jetpack_featured_media_url":"https:\/\/eldiariodesanpedro.com.ar\/sitio\/wp-content\/uploads\/2023\/01\/policia-bonaerense-2022jpg.jpg","jetpack_shortlink":"https:\/\/wp.me\/p6RhLt-w1K","jetpack_sharing_enabled":true,"_links":{"self":[{"href":"https:\/\/eldiariodesanpedro.com.ar\/sitio\/wp-json\/wp\/v2\/posts\/123116","targetHints":{"allow":["GET"]}}],"collection":[{"href":"https:\/\/eldiariodesanpedro.com.ar\/sitio\/wp-json\/wp\/v2\/posts"}],"about":[{"href":"https:\/\/eldiariodesanpedro.com.ar\/sitio\/wp-json\/wp\/v2\/types\/post"}],"author":[{"embeddable":true,"href":"https:\/\/eldiariodesanpedro.com.ar\/sitio\/wp-json\/wp\/v2\/users\/4"}],"replies":[{"embeddable":true,"href":"https:\/\/eldiariodesanpedro.com.ar\/sitio\/wp-json\/wp\/v2\/comments?post=123116"}],"version-history":[{"count":1,"href":"https:\/\/eldiariodesanpedro.com.ar\/sitio\/wp-json\/wp\/v2\/posts\/123116\/revisions"}],"predecessor-version":[{"id":123117,"href":"https:\/\/eldiariodesanpedro.com.ar\/sitio\/wp-json\/wp\/v2\/posts\/123116\/revisions\/123117"}],"wp:featuredmedia":[{"embeddable":true,"href":"https:\/\/eldiariodesanpedro.com.ar\/sitio\/wp-json\/wp\/v2\/media\/113626"}],"wp:attachment":[{"href":"https:\/\/eldiariodesanpedro.com.ar\/sitio\/wp-json\/wp\/v2\/media?parent=123116"}],"wp:term":[{"taxonomy":"category","embeddable":true,"href":"https:\/\/eldiariodesanpedro.com.ar\/sitio\/wp-json\/wp\/v2\/categories?post=123116"},{"taxonomy":"post_tag","embeddable":true,"href":"https:\/\/eldiariodesanpedro.com.ar\/sitio\/wp-json\/wp\/v2\/tags?post=123116"}],"curies":[{"name":"wp","href":"https:\/\/api.w.org\/{rel}","templated":true}]}}