{"id":123110,"date":"2023-10-11T20:48:24","date_gmt":"2023-10-11T23:48:24","guid":{"rendered":"https:\/\/eldiariodesanpedro.com.ar\/sitio\/?p=123110"},"modified":"2023-10-11T20:48:26","modified_gmt":"2023-10-11T23:48:26","slug":"mr-splendini-el-vendedor-de-humo-en-el-teatro-municipal-siripo","status":"publish","type":"post","link":"https:\/\/eldiariodesanpedro.com.ar\/sitio\/mr-splendini-el-vendedor-de-humo-en-el-teatro-municipal-siripo\/","title":{"rendered":"Mr. Splendini, el vendedor de humo, en el Teatro Municipal Siripo"},"content":{"rendered":"<!-- VideographyWP Plugin Message: Automatic video embedding prevented by plugin options. -->\n\n<p>Entre las actividades presentadas esta ma\u00f1ana en conferencia de prensa para el pr\u00f3ximo fin de semana largo de octubre, la Secretar\u00eda de Turismo y Cultura ofrece para los d\u00edas viernes 13, s\u00e1bado 14 y domingo 15 de octubre desde las 20 hs. un espect\u00e1culo ideal para que lo disfruten chicos y chicas de todas las edades adem\u00e1s de los adultos.<\/p>\n\n\n\n<p>\u201cMr. Splendid, el vendedor de humo\u201d nos adentra en una atm\u00f3sfera m\u00e1gica ambientada en los a\u00f1os 1920, en un contexto donde suceder\u00e1n grandes efectos m\u00e1gicos que adelant\u00f3 durante la presentaci\u00f3n de actividades en la Casona de Turismo y Cultura.<\/p>\n\n\n\n<p>Las entradas tienen un valor de 1500 pesos anticipadas hasta el jueves 12 de octubre a las 14 horas y 1800 pesos en la boleter\u00eda del teatro, ubicado en Salta y Oliveira Cezar, el d\u00eda de la funci\u00f3n desde las 19 horas. Para reservas se pueden comunicar al 3329 343157.<\/p>\n\n\n\n<p>Este espect\u00e1culo es ideal para ir con toda la familia, en pareja o con amigos. Es apto para todo p\u00fablico y recomendado a partir\u00a0de\u00a05\u00a0a\u00f1os.<\/p>\n\n\n\n<figure class=\"wp-block-image size-full\"><img decoding=\"async\" width=\"630\" height=\"630\" data-attachment-id=\"123111\" data-permalink=\"https:\/\/eldiariodesanpedro.com.ar\/sitio\/mr-splendini-el-vendedor-de-humo-en-el-teatro-municipal-siripo\/imagen-de-whatsapp-2023-10-11-a-las-13-53-58_2635c844\/\" data-orig-file=\"https:\/\/eldiariodesanpedro.com.ar\/sitio\/wp-content\/uploads\/2023\/10\/Imagen-de-WhatsApp-2023-10-11-a-las-13.53.58_2635c844.jpg\" data-orig-size=\"630,630\" data-comments-opened=\"0\" data-image-meta=\"{&quot;aperture&quot;:&quot;0&quot;,&quot;credit&quot;:&quot;&quot;,&quot;camera&quot;:&quot;&quot;,&quot;caption&quot;:&quot;&quot;,&quot;created_timestamp&quot;:&quot;0&quot;,&quot;copyright&quot;:&quot;&quot;,&quot;focal_length&quot;:&quot;0&quot;,&quot;iso&quot;:&quot;0&quot;,&quot;shutter_speed&quot;:&quot;0&quot;,&quot;title&quot;:&quot;&quot;,&quot;orientation&quot;:&quot;0&quot;}\" data-image-title=\"Imagen de WhatsApp 2023-10-11 a las 13.53.58_2635c844\" data-image-description=\"\" data-image-caption=\"\" data-large-file=\"https:\/\/eldiariodesanpedro.com.ar\/sitio\/wp-content\/uploads\/2023\/10\/Imagen-de-WhatsApp-2023-10-11-a-las-13.53.58_2635c844.jpg\" data-src=\"https:\/\/eldiariodesanpedro.com.ar\/sitio\/wp-content\/uploads\/2023\/10\/Imagen-de-WhatsApp-2023-10-11-a-las-13.53.58_2635c844.jpg\" alt=\"\" class=\"wp-image-123111 lazyload\" data-srcset=\"https:\/\/eldiariodesanpedro.com.ar\/sitio\/wp-content\/uploads\/2023\/10\/Imagen-de-WhatsApp-2023-10-11-a-las-13.53.58_2635c844.jpg 630w, https:\/\/eldiariodesanpedro.com.ar\/sitio\/wp-content\/uploads\/2023\/10\/Imagen-de-WhatsApp-2023-10-11-a-las-13.53.58_2635c844-300x300.jpg 300w, https:\/\/eldiariodesanpedro.com.ar\/sitio\/wp-content\/uploads\/2023\/10\/Imagen-de-WhatsApp-2023-10-11-a-las-13.53.58_2635c844-150x150.jpg 150w\" data-sizes=\"(max-width: 630px) 100vw, 630px\" src=\"data:image\/svg+xml;base64,PHN2ZyB3aWR0aD0iMSIgaGVpZ2h0PSIxIiB4bWxucz0iaHR0cDovL3d3dy53My5vcmcvMjAwMC9zdmciPjwvc3ZnPg==\" style=\"--smush-placeholder-width: 630px; --smush-placeholder-aspect-ratio: 630\/630;\" \/><\/figure>\n\n\n\n<figure class=\"wp-block-image size-full\"><img decoding=\"async\" width=\"934\" height=\"630\" data-attachment-id=\"123114\" data-permalink=\"https:\/\/eldiariodesanpedro.com.ar\/sitio\/mr-splendini-el-vendedor-de-humo-en-el-teatro-municipal-siripo\/imagen-de-whatsapp-2023-10-11-a-las-13-54-02_ca43362f\/\" data-orig-file=\"https:\/\/eldiariodesanpedro.com.ar\/sitio\/wp-content\/uploads\/2023\/10\/Imagen-de-WhatsApp-2023-10-11-a-las-13.54.02_ca43362f.jpg\" data-orig-size=\"934,630\" data-comments-opened=\"0\" data-image-meta=\"{&quot;aperture&quot;:&quot;0&quot;,&quot;credit&quot;:&quot;&quot;,&quot;camera&quot;:&quot;&quot;,&quot;caption&quot;:&quot;&quot;,&quot;created_timestamp&quot;:&quot;0&quot;,&quot;copyright&quot;:&quot;&quot;,&quot;focal_length&quot;:&quot;0&quot;,&quot;iso&quot;:&quot;0&quot;,&quot;shutter_speed&quot;:&quot;0&quot;,&quot;title&quot;:&quot;&quot;,&quot;orientation&quot;:&quot;0&quot;}\" data-image-title=\"Imagen de WhatsApp 2023-10-11 a las 13.54.02_ca43362f\" data-image-description=\"\" data-image-caption=\"\" data-large-file=\"https:\/\/eldiariodesanpedro.com.ar\/sitio\/wp-content\/uploads\/2023\/10\/Imagen-de-WhatsApp-2023-10-11-a-las-13.54.02_ca43362f.jpg\" data-src=\"https:\/\/eldiariodesanpedro.com.ar\/sitio\/wp-content\/uploads\/2023\/10\/Imagen-de-WhatsApp-2023-10-11-a-las-13.54.02_ca43362f.jpg\" alt=\"\" class=\"wp-image-123114 lazyload\" data-srcset=\"https:\/\/eldiariodesanpedro.com.ar\/sitio\/wp-content\/uploads\/2023\/10\/Imagen-de-WhatsApp-2023-10-11-a-las-13.54.02_ca43362f.jpg 934w, https:\/\/eldiariodesanpedro.com.ar\/sitio\/wp-content\/uploads\/2023\/10\/Imagen-de-WhatsApp-2023-10-11-a-las-13.54.02_ca43362f-300x202.jpg 300w, https:\/\/eldiariodesanpedro.com.ar\/sitio\/wp-content\/uploads\/2023\/10\/Imagen-de-WhatsApp-2023-10-11-a-las-13.54.02_ca43362f-768x518.jpg 768w, https:\/\/eldiariodesanpedro.com.ar\/sitio\/wp-content\/uploads\/2023\/10\/Imagen-de-WhatsApp-2023-10-11-a-las-13.54.02_ca43362f-305x207.jpg 305w\" data-sizes=\"(max-width: 934px) 100vw, 934px\" src=\"data:image\/svg+xml;base64,PHN2ZyB3aWR0aD0iMSIgaGVpZ2h0PSIxIiB4bWxucz0iaHR0cDovL3d3dy53My5vcmcvMjAwMC9zdmciPjwvc3ZnPg==\" style=\"--smush-placeholder-width: 934px; --smush-placeholder-aspect-ratio: 934\/630;\" \/><\/figure>\n","protected":false},"excerpt":{"rendered":"<p>Entre las actividades presentadas esta ma\u00f1ana en conferencia de prensa para el pr\u00f3ximo fin de semana largo de octubre, la Secretar\u00eda de Turismo y Cultura ofrece para los d\u00edas viernes 13, s\u00e1bado 14 y domingo 15 de octubre desde las 20 hs. un espect\u00e1culo ideal para que lo disfruten chicos y chicas de todas las [&hellip;]<\/p>\n","protected":false},"author":4,"featured_media":123112,"comment_status":"closed","ping_status":"closed","sticky":false,"template":"","format":"standard","meta":{"om_disable_all_campaigns":false,"_jetpack_memberships_contains_paid_content":false,"footnotes":""},"categories":[101,2],"tags":[197,696,33,19],"class_list":["post-123110","post","type-post","status-publish","format-standard","has-post-thumbnail","hentry","category-interes-general-locales","category-locales","tag-buenos-aires","tag-interes-general","tag-locales","tag-san-pedro"],"aioseo_notices":[],"gutentor_comment":0,"jetpack_featured_media_url":"https:\/\/eldiariodesanpedro.com.ar\/sitio\/wp-content\/uploads\/2023\/10\/Imagen-de-WhatsApp-2023-10-11-a-las-13.53.59_10d5dcc8.jpg","jetpack_shortlink":"https:\/\/wp.me\/p6RhLt-w1E","jetpack_sharing_enabled":true,"_links":{"self":[{"href":"https:\/\/eldiariodesanpedro.com.ar\/sitio\/wp-json\/wp\/v2\/posts\/123110","targetHints":{"allow":["GET"]}}],"collection":[{"href":"https:\/\/eldiariodesanpedro.com.ar\/sitio\/wp-json\/wp\/v2\/posts"}],"about":[{"href":"https:\/\/eldiariodesanpedro.com.ar\/sitio\/wp-json\/wp\/v2\/types\/post"}],"author":[{"embeddable":true,"href":"https:\/\/eldiariodesanpedro.com.ar\/sitio\/wp-json\/wp\/v2\/users\/4"}],"replies":[{"embeddable":true,"href":"https:\/\/eldiariodesanpedro.com.ar\/sitio\/wp-json\/wp\/v2\/comments?post=123110"}],"version-history":[{"count":1,"href":"https:\/\/eldiariodesanpedro.com.ar\/sitio\/wp-json\/wp\/v2\/posts\/123110\/revisions"}],"predecessor-version":[{"id":123115,"href":"https:\/\/eldiariodesanpedro.com.ar\/sitio\/wp-json\/wp\/v2\/posts\/123110\/revisions\/123115"}],"wp:featuredmedia":[{"embeddable":true,"href":"https:\/\/eldiariodesanpedro.com.ar\/sitio\/wp-json\/wp\/v2\/media\/123112"}],"wp:attachment":[{"href":"https:\/\/eldiariodesanpedro.com.ar\/sitio\/wp-json\/wp\/v2\/media?parent=123110"}],"wp:term":[{"taxonomy":"category","embeddable":true,"href":"https:\/\/eldiariodesanpedro.com.ar\/sitio\/wp-json\/wp\/v2\/categories?post=123110"},{"taxonomy":"post_tag","embeddable":true,"href":"https:\/\/eldiariodesanpedro.com.ar\/sitio\/wp-json\/wp\/v2\/tags?post=123110"}],"curies":[{"name":"wp","href":"https:\/\/api.w.org\/{rel}","templated":true}]}}