{"id":12310,"date":"2017-01-05T20:00:42","date_gmt":"2017-01-05T23:00:42","guid":{"rendered":"https:\/\/eldiariodesanpedro.com.ar\/sitio\/?p=12310"},"modified":"2026-01-24T00:39:14","modified_gmt":"2026-01-24T03:39:14","slug":"inauguraron-las-nuevas-salas-de-internacion-del-ala-de-pediatria","status":"publish","type":"post","link":"https:\/\/eldiariodesanpedro.com.ar\/sitio\/inauguraron-las-nuevas-salas-de-internacion-del-ala-de-pediatria\/","title":{"rendered":"Inauguraron las nuevas salas de internaci\u00f3n del ala de pediatr\u00eda"},"content":{"rendered":"<p><!-- VideographyWP Plugin Message: Automatic video embedding prevented by plugin options. --><br \/>\nEl acto cont\u00f3 con la presencia de la diputada provincial Alejandra Lorden, presidente de la comisi\u00f3n de Salud, de la c\u00e1mara que integra, de la coordinadora de los Centros de Referencia del Ministerio de Desarrollo Social, Agustina Ciarletta; Eduardo Kronberg, gerente de Relaciones P\u00fablicas, Responsabilidad Social y Comunidad de Toyota; funcionarios municipales, concejales e integrantes de instituciones intermedias.<\/p>\n<p>Se trata de un proyecto iniciado hace a\u00f1os atr\u00e1s y que hab\u00eda quedado sin terminar. Una de las decisiones que tom\u00f3 Salazar junto a su equipo de salud luego de su asunci\u00f3n como intendente a fines del 2015 fue concretar la iniciativa, que se pudo lograr gracias al aporte de subsidios del gobierno provincial, a trav\u00e9s del Ministerio de Desarrollo Social y el de Salud. 700 mil en el primer caso y 400 mil en el segundo.<\/p>\n<p>Tambi\u00e9n se cont\u00f3 con el aporte invalorable, como siempre, de la Cooperadora del nosocomio y tambi\u00e9n de Red Solidaria, porque a trav\u00e9s de ellos la comunidad de San Pedro pudo estar presente.<\/p>\n<p>Adem\u00e1s se dieron a conocer p\u00fablicamente nuevos consultorios para pacientes psiqui\u00e1tricos. En ese sentido, el Dr. Sergio Pellegrino dijo: \u201cAhora vamos a poder dar una mejor atenci\u00f3n y a su vez uno entiende que la problem\u00e1tica de salud mental, por los tiempos que vivimos, va a aumentando d\u00eda a d\u00eda\u201d. \u201cSe van a construir dos habitaciones, una para hombres y otras para mujeres, para la contenci\u00f3n de los pacientes con problemas mentales\u201d.<\/p>\n<p>En tanto que tambi\u00e9n se realiz\u00f3 una recorrida por el shock room que va a complementar el trabajo de la guardia, mejorando la atenci\u00f3n en pacientes con urgencias complejas.<\/p>\n<p>En ese sentido, el Dr. Herbas agradeci\u00f3 al intendente Salazar de haber tenido la decisi\u00f3n pol\u00edtica y sostuvo: \u201cHabitualmente tenemos que batallar con patolog\u00edas que son muy graves y no ten\u00edamos d\u00f3nde tener una buena atenci\u00f3n\u201d.<\/p>\n<p>Por \u00faltimo, se llev\u00f3 a cabo el acto formal, donde accedieron a la palabra el director del Hospital, Dr. Juan Salgado, autoridades de la Cooperadora del Hospital y de Red Solidaria. Tambi\u00e9n se refiri\u00f3 Agustina Ciarletta del Ministerio de Desarrollo Social y luego brind\u00f3 una palabra a los presentes Eduardo Kronberg de Toyota, y seguidamente la diputada Lorden.<\/p>\n<p>El cierre estuvo a cargo del intendente Salazar. \u201cEs la culminaci\u00f3n de una etapa importante para nosotros. Tenemos otro objetivo, que es seguir avanzando, seguir mejorando el Hospital. Mi compromiso es seguir trabajando y redoblar esfuerzos como le he pedido a mi equipo para lo que viene\u201d, sostuvo el mandatario.<\/p>\n<p>\u201cFalta mucho, falta much\u00edsimo para que San Pedro vuelva a ser lo que nunca debi\u00f3 dejar de ser\u201d, agreg\u00f3.<\/p>\n<p>Destac\u00f3 los aportes de los ministerios de Desarrollo Social y Salud, de la Cooperadora y Red Solidaria y de la empresa Toyota, que don\u00f3 los pisos e inst\u00f3 a empresas sampedrinas a seguir el ejemplo, a involucrarse con la responsabilidad social empresaria, apadrinando las distintas habitaciones del ala de pediatr\u00eda.<\/p>\n<p>Por \u00faltimo, el jefe comunal desbord\u00f3 de emoci\u00f3n cuando nombr\u00f3 a Juli\u00e1n, Pedro y Gael, tres ni\u00f1os que fueron atendidos en el Hospital que hoy han salido adelante pero que atravesaron una dif\u00edcil situaci\u00f3n de salud.<\/p>\n<p><strong>Testimonios<\/strong><\/p>\n<p>B\u00e1rbara Centuri\u00f3n, madre de Rom\u00e1n, paciente pedi\u00e1trico, se mostr\u00f3 muy feliz por las remodelaciones: \u201cLa atenci\u00f3n es muy buena, a mis hijos siempre los he tra\u00eddo ac\u00e1. Es hermoso c\u00f3mo quedaron las salas, un lujo. Esperamos que las cuiden porque es para nosotros. El lugar cambi\u00f3 mucho, ahora hay espacio para las madres y para los chicos y la verdad que las enfermeras y los doctores son muy buenos. Estoy muy contenta\u201d.<\/p>\n<p>Del mismo modo, Georgina Algacibiur, flamante mam\u00e1, agradeci\u00f3 por esta nueva obra y por el trabajo de los profesionales del hospital: \u201cYo tuve a mi beba ac\u00e1, y me atendieron muy bien.<br \/>\nDurante el embarazo parec\u00eda que era un var\u00f3n, pero cuando naci\u00f3 era una nena, as\u00ed que en el hospital me ayudaron mucho con ropa, bolso, mamadera y un mont\u00f3n de cosas que me faltaban\u201d, record\u00f3 y agreg\u00f3: \u201cLas salas nuevas son muy lindas, estoy muy sorprendida. Seguir\u00e9 trayendo a mi beb\u00e9 para que la atiendan\u201d.<\/p>\n<p>El espacio donde se instalaron las habitaciones, que se encontraba en desuso y en mal estado, fue decorado por artistas locales con diferentes intervenciones tem\u00e1ticas que le dan al ambiente mayor atractivo para los ni\u00f1os. En ese sentido, Raquel Rodr\u00edguez, madre de una ni\u00f1a internada, se\u00f1al\u00f3 que \u201ces muy importante contar no solo con una buena ambientaci\u00f3n sino tambi\u00e9n con un buen clima para darles energ\u00eda a los chicos\u201d.<\/p>\n","protected":false},"excerpt":{"rendered":"<p>El acto cont\u00f3 con la presencia de la diputada provincial Alejandra Lorden, presidente de la comisi\u00f3n de Salud, de la c\u00e1mara que integra, de la coordinadora de los Centros de Referencia del Ministerio de Desarrollo Social, Agustina Ciarletta; Eduardo Kronberg, gerente de Relaciones P\u00fablicas, Responsabilidad Social y Comunidad de Toyota; funcionarios municipales, concejales e integrantes [&hellip;]<\/p>\n","protected":false},"author":4,"featured_media":12311,"comment_status":"open","ping_status":"closed","sticky":false,"template":"","format":"standard","meta":{"om_disable_all_campaigns":false,"_jetpack_memberships_contains_paid_content":false,"footnotes":""},"categories":[2],"tags":[],"class_list":["post-12310","post","type-post","status-publish","format-standard","has-post-thumbnail","hentry","category-locales"],"aioseo_notices":[],"gutentor_comment":0,"jetpack_featured_media_url":"https:\/\/eldiariodesanpedro.com.ar\/sitio\/wp-content\/uploads\/2017\/01\/pediatr\u00eda.jpg","jetpack_shortlink":"https:\/\/wp.me\/p6RhLt-3cy","jetpack_sharing_enabled":true,"_links":{"self":[{"href":"https:\/\/eldiariodesanpedro.com.ar\/sitio\/wp-json\/wp\/v2\/posts\/12310","targetHints":{"allow":["GET"]}}],"collection":[{"href":"https:\/\/eldiariodesanpedro.com.ar\/sitio\/wp-json\/wp\/v2\/posts"}],"about":[{"href":"https:\/\/eldiariodesanpedro.com.ar\/sitio\/wp-json\/wp\/v2\/types\/post"}],"author":[{"embeddable":true,"href":"https:\/\/eldiariodesanpedro.com.ar\/sitio\/wp-json\/wp\/v2\/users\/4"}],"replies":[{"embeddable":true,"href":"https:\/\/eldiariodesanpedro.com.ar\/sitio\/wp-json\/wp\/v2\/comments?post=12310"}],"version-history":[{"count":1,"href":"https:\/\/eldiariodesanpedro.com.ar\/sitio\/wp-json\/wp\/v2\/posts\/12310\/revisions"}],"predecessor-version":[{"id":12312,"href":"https:\/\/eldiariodesanpedro.com.ar\/sitio\/wp-json\/wp\/v2\/posts\/12310\/revisions\/12312"}],"wp:featuredmedia":[{"embeddable":true,"href":"https:\/\/eldiariodesanpedro.com.ar\/sitio\/wp-json\/wp\/v2\/media\/12311"}],"wp:attachment":[{"href":"https:\/\/eldiariodesanpedro.com.ar\/sitio\/wp-json\/wp\/v2\/media?parent=12310"}],"wp:term":[{"taxonomy":"category","embeddable":true,"href":"https:\/\/eldiariodesanpedro.com.ar\/sitio\/wp-json\/wp\/v2\/categories?post=12310"},{"taxonomy":"post_tag","embeddable":true,"href":"https:\/\/eldiariodesanpedro.com.ar\/sitio\/wp-json\/wp\/v2\/tags?post=12310"}],"curies":[{"name":"wp","href":"https:\/\/api.w.org\/{rel}","templated":true}]}}