{"id":12304,"date":"2017-01-05T19:26:05","date_gmt":"2017-01-05T22:26:05","guid":{"rendered":"https:\/\/eldiariodesanpedro.com.ar\/sitio\/?p=12304"},"modified":"2017-01-05T19:26:05","modified_gmt":"2017-01-05T22:26:05","slug":"vidal-un-ano-no-alcanza-para-cambiar-lo-que-no-funciono-durante-veinticinco","status":"publish","type":"post","link":"https:\/\/eldiariodesanpedro.com.ar\/sitio\/vidal-un-ano-no-alcanza-para-cambiar-lo-que-no-funciono-durante-veinticinco\/","title":{"rendered":"Vidal: \u00abUn a\u00f1o no alcanza para cambiar lo que no funcion\u00f3 durante veinticinco\u00bb"},"content":{"rendered":"<p><!-- VideographyWP Plugin Message: Automatic video embedding prevented by plugin options. --><br \/>\n La gobernadora de la provincia de Buenos Aires, Mar\u00eda Eugenia Vidal, sostuvo este jueves que \u00abun a\u00f1o\u00bb de gesti\u00f3n \u00abno alcanza para cambiar lo que no funcion\u00f3 durante m\u00e1s de veinticinco, pero todos los d\u00edas damos un paso adelante\u00bb, al visitar los partidos bonaerenses de Chivilcoy y Chacabuco.<\/p>\n<p>   En el marco de sus recorridas semanales por los distintos distritos de la provincia, Vidal asisti\u00f3 a la Planta Principal de Bombeo de Agua de Chivilcoy, acompa\u00f1ada por el viceministro de Interior de la Naci\u00f3n, Sebasti\u00e1n Garc\u00eda de Luca; el presidente de Aguas Bonaerenses (ABSA), Rafaelle Sardella; los subsecretarios de Gobierno y Asuntos Municipales, Alex Campbell; y de Infraestructura Hidr\u00e1ulica de la Provincia, Rodrigo Silvosa; y el intendente local, Guillermo Britos.<\/p>\n<p>   \u00abEstoy muy contenta de ver los avances que hace ABSA y la Provincia para que los vecinos de Chivilcoy tengan m\u00e1s presi\u00f3n, m\u00e1s caudal, m\u00e1s calidad de agua, un reclamo que ten\u00edamos desde que empez\u00f3 la gesti\u00f3n y llevaba muchos a\u00f1os. Y tambi\u00e9n mostramos que con el trabajo en equipo y esfuerzo, se puede\u00bb, indic\u00f3 la gobernadora en declaraciones a la prensa.<\/p>\n<p>   Vidal resalt\u00f3 que \u00abun a\u00f1o no alcanza para cambiar lo que no funcion\u00f3 durante m\u00e1s de veinticinco, pero todos los d\u00edas damos un paso adelante, como hoy (por ayer) en la planta, viendo que avanza la obra de ABSA\u00bb.<\/p>\n<p>   Luego, en Chacabuco, la gobernadora visit\u00f3 la Asociaci\u00f3n M\u00e1ximo Gil en compa\u00f1\u00eda del ministro de Desarrollo Social, Santiago L\u00f3pez Medrano; el subsecretario de Gobierno Asuntos Municipales, Alex Campbell; la titular del organismo provincial de Ni\u00f1ez y Adolescencia, Pilar Molina; el diputado nacional Pablo Torello, el legislador provincial Marcelo Daletto y el intendente V\u00edctor Aiola.<\/p>\n<p>   \u00abGobernar es hacer y estar. Este a\u00f1o hicimos un gran trabajo con los hogares. La provincia aument\u00f3 un ciento por ciento los recursos destinados a estos lugares y pag\u00f3 por primera vez en muchos a\u00f1os al d\u00eda. Todo esto se ve, y lo m\u00e1s importante es ver a los chicos contentos\u00bb, manifest\u00f3 al ser consultada por periodistas locales.<\/p>\n<p>   El hogar de la Asociaci\u00f3n M\u00e1ximo Gil asiste diariamente a 31 ni\u00f1os que padecieron abusos, maltratos y acosos sexuales y son atendidos por un equipo de m\u00e9dicos y psic\u00f3logos.<\/p>\n<p>   A la fecha, Vidal lleva recorridos 124 municipios de la provincia. Durante sus visitas, la gobernadora tambi\u00e9n supervis\u00f3, en los \u00faltimos meses, las obras de desague pluvial en Tordillo, as\u00ed como las obras de ampliaci\u00f3n de la depuradora de desechos cloacales en Bah\u00eda Blanca y las de extensi\u00f3n de la red cloacal en Alem-Vedia. <\/p>\n<p>   A su vez, y as\u00ed como lo hizo en Chacabuco, Vidal visit\u00f3 tambi\u00e9n el Hogar de ancianos Eva Per\u00f3n de Guamin\u00ed, la escuela especial n\u00ba 501 \u00abH\u00e9roes de Malvinas\u00bb del partido de Lezama y el taller protegido de producci\u00f3n municipal de Capit\u00e1n Sarmiento, \u00abAmor y Fe\u00bb. <\/p>\n","protected":false},"excerpt":{"rendered":"<p>La gobernadora de la provincia de Buenos Aires, Mar\u00eda Eugenia Vidal, sostuvo este jueves que \u00abun a\u00f1o\u00bb de gesti\u00f3n \u00abno alcanza para cambiar lo que no funcion\u00f3 durante m\u00e1s de veinticinco, pero todos los d\u00edas damos un paso adelante\u00bb, al visitar los partidos bonaerenses de Chivilcoy y Chacabuco. En el marco de sus recorridas semanales [&hellip;]<\/p>\n","protected":false},"author":4,"featured_media":12305,"comment_status":"open","ping_status":"closed","sticky":false,"template":"","format":"standard","meta":{"om_disable_all_campaigns":false,"_jetpack_memberships_contains_paid_content":false,"footnotes":""},"categories":[3],"tags":[],"class_list":["post-12304","post","type-post","status-publish","format-standard","has-post-thumbnail","hentry","category-nacionales"],"aioseo_notices":[],"gutentor_comment":0,"jetpack_featured_media_url":"https:\/\/eldiariodesanpedro.com.ar\/sitio\/wp-content\/uploads\/2017\/01\/Vidal.jpg","jetpack_shortlink":"https:\/\/wp.me\/p6RhLt-3cs","jetpack_sharing_enabled":true,"_links":{"self":[{"href":"https:\/\/eldiariodesanpedro.com.ar\/sitio\/wp-json\/wp\/v2\/posts\/12304","targetHints":{"allow":["GET"]}}],"collection":[{"href":"https:\/\/eldiariodesanpedro.com.ar\/sitio\/wp-json\/wp\/v2\/posts"}],"about":[{"href":"https:\/\/eldiariodesanpedro.com.ar\/sitio\/wp-json\/wp\/v2\/types\/post"}],"author":[{"embeddable":true,"href":"https:\/\/eldiariodesanpedro.com.ar\/sitio\/wp-json\/wp\/v2\/users\/4"}],"replies":[{"embeddable":true,"href":"https:\/\/eldiariodesanpedro.com.ar\/sitio\/wp-json\/wp\/v2\/comments?post=12304"}],"version-history":[{"count":1,"href":"https:\/\/eldiariodesanpedro.com.ar\/sitio\/wp-json\/wp\/v2\/posts\/12304\/revisions"}],"predecessor-version":[{"id":12306,"href":"https:\/\/eldiariodesanpedro.com.ar\/sitio\/wp-json\/wp\/v2\/posts\/12304\/revisions\/12306"}],"wp:featuredmedia":[{"embeddable":true,"href":"https:\/\/eldiariodesanpedro.com.ar\/sitio\/wp-json\/wp\/v2\/media\/12305"}],"wp:attachment":[{"href":"https:\/\/eldiariodesanpedro.com.ar\/sitio\/wp-json\/wp\/v2\/media?parent=12304"}],"wp:term":[{"taxonomy":"category","embeddable":true,"href":"https:\/\/eldiariodesanpedro.com.ar\/sitio\/wp-json\/wp\/v2\/categories?post=12304"},{"taxonomy":"post_tag","embeddable":true,"href":"https:\/\/eldiariodesanpedro.com.ar\/sitio\/wp-json\/wp\/v2\/tags?post=12304"}],"curies":[{"name":"wp","href":"https:\/\/api.w.org\/{rel}","templated":true}]}}