{"id":12300,"date":"2017-01-05T19:23:19","date_gmt":"2017-01-05T22:23:19","guid":{"rendered":"https:\/\/eldiariodesanpedro.com.ar\/sitio\/?p=12300"},"modified":"2017-01-05T19:23:19","modified_gmt":"2017-01-05T22:23:19","slug":"notificaron-a-milagro-sala-la-elevacion-a-juicio-en-una-causa-por-malversacion-de-fondos","status":"publish","type":"post","link":"https:\/\/eldiariodesanpedro.com.ar\/sitio\/notificaron-a-milagro-sala-la-elevacion-a-juicio-en-una-causa-por-malversacion-de-fondos\/","title":{"rendered":"Notificaron a Milagro Sala la elevaci\u00f3n a juicio en una causa por malversaci\u00f3n de fondos"},"content":{"rendered":"<p><!-- VideographyWP Plugin Message: Automatic video embedding prevented by plugin options. --><br \/>\n(NA) &#8211; La l\u00edder de la agrupaci\u00f3n Tupac Amaru, Milagro Sala, fue notificada del requerimiento de elevaci\u00f3n a juicio de una causa por la presunta la malversaci\u00f3n de fondos destinados al Plan Federal Mejor Vivir 2.<\/p>\n<p>   Para ser notificada, la dirigente detenida fue trasladada al Juzgado de Control y se le inform\u00f3 del requerimiento presentado por el fiscal de Investigaci\u00f3n N\u00b0 1 Diego Cussel.<\/p>\n<p>   Junto a Sala se hicieron presentes sus abogados, Ariel Ruarte y Paola \u00c1lvarez Carrera en presencia del juez de control a cargo en la feria judicial, Jorge Zurueta. <\/p>\n<p>   \u00abEl tr\u00e1mite fue \u00fanicamente ese, los imputados van a ser notificados del requerimiento del fiscal y de ah\u00ed, una vez que todos los involucrados en esta causa se notifiquen, tendr\u00e1 que verse si algunas de las partes presentar\u00e1n nulidades o incidencias\u00bb, inform\u00f3 la abogada \u00c1lvarez Carrera.<\/p>\n<p>   Adem\u00e1s la letrada dijo que \u00aba\u00fan se est\u00e1 estudiando el requerimiento de elevaci\u00f3n a juicio, teniendo en cuenta que hay algunos funcionarios que en un momento fueron imputados, pero no fueron requeridos en este elevamiento\u00bb.<\/p>\n<p>   En la causa conocida como \u00abpibes villeros\u00bb se investiga la malversaci\u00f3n de fondos destinados al Plan Federal Mejor Vivir 2, donde el Ministerio de Producci\u00f3n de la Naci\u00f3n remit\u00eda fondos al Instituto de la Vivienda juje\u00f1o y \u00e9ste los derivaba a los distintos municipios, para que realicen contrato de obras con las cooperativas. <\/p>\n<p>   Una vez que estas cooperativas recib\u00edan el cheque, el fiscal consider\u00f3 que deb\u00edan d\u00e1rselo a la dirigente social Milagro Sala, en un movimiento que es presuntamente ilegal.<\/p>\n","protected":false},"excerpt":{"rendered":"<p>(NA) &#8211; La l\u00edder de la agrupaci\u00f3n Tupac Amaru, Milagro Sala, fue notificada del requerimiento de elevaci\u00f3n a juicio de una causa por la presunta la malversaci\u00f3n de fondos destinados al Plan Federal Mejor Vivir 2. Para ser notificada, la dirigente detenida fue trasladada al Juzgado de Control y se le inform\u00f3 del requerimiento presentado [&hellip;]<\/p>\n","protected":false},"author":4,"featured_media":12301,"comment_status":"open","ping_status":"closed","sticky":false,"template":"","format":"standard","meta":{"om_disable_all_campaigns":false,"_jetpack_memberships_contains_paid_content":false,"footnotes":""},"categories":[3],"tags":[],"class_list":["post-12300","post","type-post","status-publish","format-standard","has-post-thumbnail","hentry","category-nacionales"],"aioseo_notices":[],"gutentor_comment":0,"jetpack_featured_media_url":"https:\/\/eldiariodesanpedro.com.ar\/sitio\/wp-content\/uploads\/2017\/01\/Milagro-Sala.jpg","jetpack_shortlink":"https:\/\/wp.me\/p6RhLt-3co","jetpack_sharing_enabled":true,"_links":{"self":[{"href":"https:\/\/eldiariodesanpedro.com.ar\/sitio\/wp-json\/wp\/v2\/posts\/12300","targetHints":{"allow":["GET"]}}],"collection":[{"href":"https:\/\/eldiariodesanpedro.com.ar\/sitio\/wp-json\/wp\/v2\/posts"}],"about":[{"href":"https:\/\/eldiariodesanpedro.com.ar\/sitio\/wp-json\/wp\/v2\/types\/post"}],"author":[{"embeddable":true,"href":"https:\/\/eldiariodesanpedro.com.ar\/sitio\/wp-json\/wp\/v2\/users\/4"}],"replies":[{"embeddable":true,"href":"https:\/\/eldiariodesanpedro.com.ar\/sitio\/wp-json\/wp\/v2\/comments?post=12300"}],"version-history":[{"count":2,"href":"https:\/\/eldiariodesanpedro.com.ar\/sitio\/wp-json\/wp\/v2\/posts\/12300\/revisions"}],"predecessor-version":[{"id":12303,"href":"https:\/\/eldiariodesanpedro.com.ar\/sitio\/wp-json\/wp\/v2\/posts\/12300\/revisions\/12303"}],"wp:featuredmedia":[{"embeddable":true,"href":"https:\/\/eldiariodesanpedro.com.ar\/sitio\/wp-json\/wp\/v2\/media\/12301"}],"wp:attachment":[{"href":"https:\/\/eldiariodesanpedro.com.ar\/sitio\/wp-json\/wp\/v2\/media?parent=12300"}],"wp:term":[{"taxonomy":"category","embeddable":true,"href":"https:\/\/eldiariodesanpedro.com.ar\/sitio\/wp-json\/wp\/v2\/categories?post=12300"},{"taxonomy":"post_tag","embeddable":true,"href":"https:\/\/eldiariodesanpedro.com.ar\/sitio\/wp-json\/wp\/v2\/tags?post=12300"}],"curies":[{"name":"wp","href":"https:\/\/api.w.org\/{rel}","templated":true}]}}