{"id":122999,"date":"2023-10-06T21:17:43","date_gmt":"2023-10-07T00:17:43","guid":{"rendered":"https:\/\/eldiariodesanpedro.com.ar\/sitio\/?p=122999"},"modified":"2023-10-06T21:17:48","modified_gmt":"2023-10-07T00:17:48","slug":"cecilio-salazar-realizo-el-relanzamiento-de-la-campana-de-union-por-la-patria-en-el-centro-cosmopolita","status":"publish","type":"post","link":"https:\/\/eldiariodesanpedro.com.ar\/sitio\/cecilio-salazar-realizo-el-relanzamiento-de-la-campana-de-union-por-la-patria-en-el-centro-cosmopolita\/","title":{"rendered":"Cecilio Salazar realiz\u00f3 el relanzamiento de la campa\u00f1a de Uni\u00f3n por la Patria en el Centro Cosmopolita"},"content":{"rendered":"<!-- VideographyWP Plugin Message: Automatic video embedding prevented by plugin options. -->\n\n<p>Con un repaso de su gesti\u00f3n al frente de la Municipalidad y con anuncios de iniciativas que se impulsar\u00e1n en caso de llegar a un tercer mandato, Cecilio Salazar relanz\u00f3 la campa\u00f1a de Uni\u00f3n por la Patria con una conferencia de prensa en el Centro Cosmopolita.<\/p>\n\n\n\n<p>Rodeado de los integrantes de la lista de concejales y consejeros escolares, y con un sal\u00f3n en el que \u00fanicamente se encontraban los funcionarios de su gabinete, Salazar analiz\u00f3, \u00e1rea por \u00e1rea, el funcionamiento del Municipio.<\/p>\n\n\n\n<p>Adem\u00e1s, confirm\u00f3 que, de ganar las elecciones, gestionar\u00e1 la construcci\u00f3n de un nuevo hospital ante la demanda del sistema p\u00fablico de salud y elevar\u00e1 a Direcci\u00f3n el \u00e1rea de Tercera Edad para dar continuidad a la tarea de Silvia Tri\u00f1anes. Tambi\u00e9n anticip\u00f3 la instalaci\u00f3n en los pr\u00f3ximos meses cincuenta nuevas c\u00e1maras de seguridad y la adquisici\u00f3n de nuevas herramientas como otro cami\u00f3n desobstructor para la Direcci\u00f3n de Servicios Sanitarios.<\/p>\n","protected":false},"excerpt":{"rendered":"<p>Con un repaso de su gesti\u00f3n al frente de la Municipalidad y con anuncios de iniciativas que se impulsar\u00e1n en caso de llegar a un tercer mandato, Cecilio Salazar relanz\u00f3 la campa\u00f1a de Uni\u00f3n por la Patria con una conferencia de prensa en el Centro Cosmopolita. Rodeado de los integrantes de la lista de concejales [&hellip;]<\/p>\n","protected":false},"author":4,"featured_media":123000,"comment_status":"closed","ping_status":"closed","sticky":false,"template":"","format":"standard","meta":{"om_disable_all_campaigns":false,"_jetpack_memberships_contains_paid_content":false,"footnotes":""},"categories":[101,2],"tags":[197,696,33,19],"class_list":["post-122999","post","type-post","status-publish","format-standard","has-post-thumbnail","hentry","category-interes-general-locales","category-locales","tag-buenos-aires","tag-interes-general","tag-locales","tag-san-pedro"],"aioseo_notices":[],"gutentor_comment":0,"jetpack_featured_media_url":"https:\/\/eldiariodesanpedro.com.ar\/sitio\/wp-content\/uploads\/2023\/10\/Salazar-presentacion.jpg","jetpack_shortlink":"https:\/\/wp.me\/p6RhLt-vZR","jetpack_sharing_enabled":true,"_links":{"self":[{"href":"https:\/\/eldiariodesanpedro.com.ar\/sitio\/wp-json\/wp\/v2\/posts\/122999","targetHints":{"allow":["GET"]}}],"collection":[{"href":"https:\/\/eldiariodesanpedro.com.ar\/sitio\/wp-json\/wp\/v2\/posts"}],"about":[{"href":"https:\/\/eldiariodesanpedro.com.ar\/sitio\/wp-json\/wp\/v2\/types\/post"}],"author":[{"embeddable":true,"href":"https:\/\/eldiariodesanpedro.com.ar\/sitio\/wp-json\/wp\/v2\/users\/4"}],"replies":[{"embeddable":true,"href":"https:\/\/eldiariodesanpedro.com.ar\/sitio\/wp-json\/wp\/v2\/comments?post=122999"}],"version-history":[{"count":1,"href":"https:\/\/eldiariodesanpedro.com.ar\/sitio\/wp-json\/wp\/v2\/posts\/122999\/revisions"}],"predecessor-version":[{"id":123001,"href":"https:\/\/eldiariodesanpedro.com.ar\/sitio\/wp-json\/wp\/v2\/posts\/122999\/revisions\/123001"}],"wp:featuredmedia":[{"embeddable":true,"href":"https:\/\/eldiariodesanpedro.com.ar\/sitio\/wp-json\/wp\/v2\/media\/123000"}],"wp:attachment":[{"href":"https:\/\/eldiariodesanpedro.com.ar\/sitio\/wp-json\/wp\/v2\/media?parent=122999"}],"wp:term":[{"taxonomy":"category","embeddable":true,"href":"https:\/\/eldiariodesanpedro.com.ar\/sitio\/wp-json\/wp\/v2\/categories?post=122999"},{"taxonomy":"post_tag","embeddable":true,"href":"https:\/\/eldiariodesanpedro.com.ar\/sitio\/wp-json\/wp\/v2\/tags?post=122999"}],"curies":[{"name":"wp","href":"https:\/\/api.w.org\/{rel}","templated":true}]}}