{"id":122996,"date":"2023-10-06T21:10:16","date_gmt":"2023-10-07T00:10:16","guid":{"rendered":"https:\/\/eldiariodesanpedro.com.ar\/sitio\/?p=122996"},"modified":"2023-10-06T21:10:18","modified_gmt":"2023-10-07T00:10:18","slug":"recuperaron-una-tostadora-robada-dias-atras-de-una-vivienda","status":"publish","type":"post","link":"https:\/\/eldiariodesanpedro.com.ar\/sitio\/recuperaron-una-tostadora-robada-dias-atras-de-una-vivienda\/","title":{"rendered":"Recuperaron una tostadora robada d\u00edas atr\u00e1s de una vivienda"},"content":{"rendered":"<!-- VideographyWP Plugin Message: Automatic video embedding prevented by plugin options. -->\n\n<p>En la tarde de ayer, personal policial del grupo GTO llevaron a cabo un allanamiento en una residencia ubicada en la calle Manuel Iglesias al 1500 de San Pedro, en cumplimiento de una orden judicial emitida por el Juzgado de Garant\u00edas N\u00famero 02, a cargo del Dr. Ricardo L. Prati. En el lugar, se encontraba un hombre de 20 a\u00f1os de edad.<\/p>\n\n\n\n<p>Durante la ejecuci\u00f3n del allanamiento, se incaut\u00f3 una tostadora de color blanco de la marca \u00abPhilips\u00bb. La operaci\u00f3n arroj\u00f3 un resultado positivo. La investigaci\u00f3n est\u00e1 siendo supervisada por la UFI N\u00ba 07.<\/p>\n","protected":false},"excerpt":{"rendered":"<p>En la tarde de ayer, personal policial del grupo GTO llevaron a cabo un allanamiento en una residencia ubicada en la calle Manuel Iglesias al 1500 de San Pedro, en cumplimiento de una orden judicial emitida por el Juzgado de Garant\u00edas N\u00famero 02, a cargo del Dr. Ricardo L. Prati. En el lugar, se encontraba [&hellip;]<\/p>\n","protected":false},"author":4,"featured_media":122997,"comment_status":"closed","ping_status":"closed","sticky":false,"template":"","format":"standard","meta":{"om_disable_all_campaigns":false,"_jetpack_memberships_contains_paid_content":false,"footnotes":""},"categories":[2,103],"tags":[197,696,33,19],"class_list":["post-122996","post","type-post","status-publish","format-standard","has-post-thumbnail","hentry","category-locales","category-policiales-locales","tag-buenos-aires","tag-interes-general","tag-locales","tag-san-pedro"],"aioseo_notices":[],"gutentor_comment":0,"jetpack_featured_media_url":"https:\/\/eldiariodesanpedro.com.ar\/sitio\/wp-content\/uploads\/2023\/10\/medida-9.png","jetpack_shortlink":"https:\/\/wp.me\/p6RhLt-vZO","jetpack_sharing_enabled":true,"_links":{"self":[{"href":"https:\/\/eldiariodesanpedro.com.ar\/sitio\/wp-json\/wp\/v2\/posts\/122996","targetHints":{"allow":["GET"]}}],"collection":[{"href":"https:\/\/eldiariodesanpedro.com.ar\/sitio\/wp-json\/wp\/v2\/posts"}],"about":[{"href":"https:\/\/eldiariodesanpedro.com.ar\/sitio\/wp-json\/wp\/v2\/types\/post"}],"author":[{"embeddable":true,"href":"https:\/\/eldiariodesanpedro.com.ar\/sitio\/wp-json\/wp\/v2\/users\/4"}],"replies":[{"embeddable":true,"href":"https:\/\/eldiariodesanpedro.com.ar\/sitio\/wp-json\/wp\/v2\/comments?post=122996"}],"version-history":[{"count":1,"href":"https:\/\/eldiariodesanpedro.com.ar\/sitio\/wp-json\/wp\/v2\/posts\/122996\/revisions"}],"predecessor-version":[{"id":122998,"href":"https:\/\/eldiariodesanpedro.com.ar\/sitio\/wp-json\/wp\/v2\/posts\/122996\/revisions\/122998"}],"wp:featuredmedia":[{"embeddable":true,"href":"https:\/\/eldiariodesanpedro.com.ar\/sitio\/wp-json\/wp\/v2\/media\/122997"}],"wp:attachment":[{"href":"https:\/\/eldiariodesanpedro.com.ar\/sitio\/wp-json\/wp\/v2\/media?parent=122996"}],"wp:term":[{"taxonomy":"category","embeddable":true,"href":"https:\/\/eldiariodesanpedro.com.ar\/sitio\/wp-json\/wp\/v2\/categories?post=122996"},{"taxonomy":"post_tag","embeddable":true,"href":"https:\/\/eldiariodesanpedro.com.ar\/sitio\/wp-json\/wp\/v2\/tags?post=122996"}],"curies":[{"name":"wp","href":"https:\/\/api.w.org\/{rel}","templated":true}]}}