{"id":122990,"date":"2023-10-06T20:55:13","date_gmt":"2023-10-06T23:55:13","guid":{"rendered":"https:\/\/eldiariodesanpedro.com.ar\/sitio\/?p=122990"},"modified":"2023-10-06T20:55:17","modified_gmt":"2023-10-06T23:55:17","slug":"tras-el-escandalo-con-el-muro-de-el-tanque-las-demas-instituciones-deportivas-brindaron-su-apoyo","status":"publish","type":"post","link":"https:\/\/eldiariodesanpedro.com.ar\/sitio\/tras-el-escandalo-con-el-muro-de-el-tanque-las-demas-instituciones-deportivas-brindaron-su-apoyo\/","title":{"rendered":"Tras el esc\u00e1ndalo con el muro de \u00abEl Tanque\u00bb las dem\u00e1s instituciones deportivas brindaron su apoyo"},"content":{"rendered":"<!-- VideographyWP Plugin Message: Automatic video embedding prevented by plugin options. -->\n\n<p>La oposici\u00f3n que un min\u00fasculo grupo de vecinos manifest\u00f3 por la construcci\u00f3n de un tapial en la cancha de la instituci\u00f3n g\u00e9nero el repudio de muchas instituciones de la ciudad. Convocan a una manifestaci\u00f3n en apoyo al club de f\u00fatbol infantil.<\/p>\n\n\n\n<p>La construcci\u00f3n de un tapial y el retiro de una planta que imped\u00eda el desarrollo de la obra en la cancha del club El Tanque provoc\u00f3 una imesperada reacci\u00f3n de un pu\u00f1ado de vecinos del predio que r\u00e1pidamente se manifestaron en contra.<\/p>\n\n\n\n<p>A partir de all\u00ed surgieron todo tipo de opiniones y reacciones pero lo m\u00e1s preocupante es que se lleg\u00f3 a plantear la apertura de una plaza y el cierre del lugar, pero nadie repar\u00f3 en la funci\u00f3n social que cumple la instituci\u00f3n.<\/p>\n\n\n\n<p>Resulta que de un d\u00eda para otro a todos les importa ese lugar y se preocupan por un tapial, cuando en esa misma zona se han realizado grandes inversiones inmobiliarias y nadie dijo absolutamente nada.<\/p>\n\n\n\n<p>Todo esto gener\u00f3 una entendible reacci\u00f3n de las instituciones deportiva de la ciudad que acompa\u00f1ar\u00e1n a El Tanque en un abrazo simb\u00f3lico que el jueves a las 18 30 horas realizar\u00e1n en la cancha de M\u00e1ximo Mill\u00e1n y Padre Santana.<\/p>\n\n\n\n<p>El reclamo que estos vecinos realizan es solo por una cuesti\u00f3n de gustos porque legalmente no existe nada para objetarlo y tampoco hay que solicitar ning\u00fan tipo de permiso para construir un tapial.<\/p>\n\n\n\n<p>El club decidi\u00f3 cerrar el per\u00edmetro cansados de los robos y hechos de vandalismos que se daban cada vez con mayor continuidad y ese es el \u00fanico motivo por el que decidieron hacer la obra.<\/p>\n\n\n\n<p><\/p>\n\n\n<div class=\"wp-block-image\">\n<figure class=\"aligncenter size-large\"><img decoding=\"async\" width=\"1024\" height=\"347\" data-attachment-id=\"122844\" data-permalink=\"https:\/\/eldiariodesanpedro.com.ar\/sitio\/fallecio-santiago-casas-el-motociclista-que-habia-chocado-con-un-patrullero\/imagen-de-whatsapp-2023-10-03-a-las-10-38-40_09841dc1-2\/\" data-orig-file=\"https:\/\/eldiariodesanpedro.com.ar\/sitio\/wp-content\/uploads\/2023\/10\/Imagen-de-WhatsApp-2023-10-03-a-las-10.38.40_09841dc1-1.jpg\" data-orig-size=\"1180,400\" data-comments-opened=\"0\" data-image-meta=\"{&quot;aperture&quot;:&quot;0&quot;,&quot;credit&quot;:&quot;&quot;,&quot;camera&quot;:&quot;&quot;,&quot;caption&quot;:&quot;&quot;,&quot;created_timestamp&quot;:&quot;0&quot;,&quot;copyright&quot;:&quot;&quot;,&quot;focal_length&quot;:&quot;0&quot;,&quot;iso&quot;:&quot;0&quot;,&quot;shutter_speed&quot;:&quot;0&quot;,&quot;title&quot;:&quot;&quot;,&quot;orientation&quot;:&quot;0&quot;}\" data-image-title=\"Cecilio intendente\" data-image-description=\"\" data-image-caption=\"\" data-large-file=\"https:\/\/eldiariodesanpedro.com.ar\/sitio\/wp-content\/uploads\/2023\/10\/Imagen-de-WhatsApp-2023-10-03-a-las-10.38.40_09841dc1-1-1024x347.jpg\" data-src=\"https:\/\/eldiariodesanpedro.com.ar\/sitio\/wp-content\/uploads\/2023\/10\/Imagen-de-WhatsApp-2023-10-03-a-las-10.38.40_09841dc1-1-1024x347.jpg\" alt=\"\" class=\"wp-image-122844 lazyload\" data-srcset=\"https:\/\/eldiariodesanpedro.com.ar\/sitio\/wp-content\/uploads\/2023\/10\/Imagen-de-WhatsApp-2023-10-03-a-las-10.38.40_09841dc1-1-1024x347.jpg 1024w, https:\/\/eldiariodesanpedro.com.ar\/sitio\/wp-content\/uploads\/2023\/10\/Imagen-de-WhatsApp-2023-10-03-a-las-10.38.40_09841dc1-1-300x102.jpg 300w, https:\/\/eldiariodesanpedro.com.ar\/sitio\/wp-content\/uploads\/2023\/10\/Imagen-de-WhatsApp-2023-10-03-a-las-10.38.40_09841dc1-1-768x260.jpg 768w, https:\/\/eldiariodesanpedro.com.ar\/sitio\/wp-content\/uploads\/2023\/10\/Imagen-de-WhatsApp-2023-10-03-a-las-10.38.40_09841dc1-1.jpg 1180w\" data-sizes=\"(max-width: 1024px) 100vw, 1024px\" src=\"data:image\/svg+xml;base64,PHN2ZyB3aWR0aD0iMSIgaGVpZ2h0PSIxIiB4bWxucz0iaHR0cDovL3d3dy53My5vcmcvMjAwMC9zdmciPjwvc3ZnPg==\" style=\"--smush-placeholder-width: 1024px; --smush-placeholder-aspect-ratio: 1024\/347;\" \/><\/figure>\n<\/div>\n\n<div class=\"wp-block-image\">\n<figure class=\"aligncenter size-full\"><img decoding=\"async\" width=\"800\" height=\"160\" data-attachment-id=\"122843\" data-permalink=\"https:\/\/eldiariodesanpedro.com.ar\/sitio\/fallecio-santiago-casas-el-motociclista-que-habia-chocado-con-un-patrullero\/banner-800x160-3\/\" data-orig-file=\"https:\/\/eldiariodesanpedro.com.ar\/sitio\/wp-content\/uploads\/2023\/10\/BANNER-800x160-3.jpg\" data-orig-size=\"800,160\" data-comments-opened=\"0\" data-image-meta=\"{&quot;aperture&quot;:&quot;0&quot;,&quot;credit&quot;:&quot;&quot;,&quot;camera&quot;:&quot;&quot;,&quot;caption&quot;:&quot;&quot;,&quot;created_timestamp&quot;:&quot;0&quot;,&quot;copyright&quot;:&quot;&quot;,&quot;focal_length&quot;:&quot;0&quot;,&quot;iso&quot;:&quot;0&quot;,&quot;shutter_speed&quot;:&quot;0&quot;,&quot;title&quot;:&quot;&quot;,&quot;orientation&quot;:&quot;1&quot;}\" data-image-title=\"Rey intendente\" data-image-description=\"\" data-image-caption=\"\" data-large-file=\"https:\/\/eldiariodesanpedro.com.ar\/sitio\/wp-content\/uploads\/2023\/10\/BANNER-800x160-3.jpg\" data-src=\"https:\/\/eldiariodesanpedro.com.ar\/sitio\/wp-content\/uploads\/2023\/10\/BANNER-800x160-3.jpg\" alt=\"\" class=\"wp-image-122843 lazyload\" data-srcset=\"https:\/\/eldiariodesanpedro.com.ar\/sitio\/wp-content\/uploads\/2023\/10\/BANNER-800x160-3.jpg 800w, https:\/\/eldiariodesanpedro.com.ar\/sitio\/wp-content\/uploads\/2023\/10\/BANNER-800x160-3-300x60.jpg 300w, https:\/\/eldiariodesanpedro.com.ar\/sitio\/wp-content\/uploads\/2023\/10\/BANNER-800x160-3-768x154.jpg 768w\" data-sizes=\"(max-width: 800px) 100vw, 800px\" src=\"data:image\/svg+xml;base64,PHN2ZyB3aWR0aD0iMSIgaGVpZ2h0PSIxIiB4bWxucz0iaHR0cDovL3d3dy53My5vcmcvMjAwMC9zdmciPjwvc3ZnPg==\" style=\"--smush-placeholder-width: 800px; --smush-placeholder-aspect-ratio: 800\/160;\" \/><\/figure>\n<\/div>\n\n<div class=\"wp-block-image\">\n<figure class=\"aligncenter size-full\"><img decoding=\"async\" width=\"800\" height=\"120\" data-attachment-id=\"122845\" data-permalink=\"https:\/\/eldiariodesanpedro.com.ar\/sitio\/fallecio-santiago-casas-el-motociclista-que-habia-chocado-con-un-patrullero\/damian-mosquera-1\/\" data-orig-file=\"https:\/\/eldiariodesanpedro.com.ar\/sitio\/wp-content\/uploads\/2023\/10\/Damian-Mosquera-1.jpg\" data-orig-size=\"800,120\" data-comments-opened=\"0\" data-image-meta=\"{&quot;aperture&quot;:&quot;0&quot;,&quot;credit&quot;:&quot;&quot;,&quot;camera&quot;:&quot;&quot;,&quot;caption&quot;:&quot;&quot;,&quot;created_timestamp&quot;:&quot;0&quot;,&quot;copyright&quot;:&quot;&quot;,&quot;focal_length&quot;:&quot;0&quot;,&quot;iso&quot;:&quot;0&quot;,&quot;shutter_speed&quot;:&quot;0&quot;,&quot;title&quot;:&quot;&quot;,&quot;orientation&quot;:&quot;0&quot;}\" data-image-title=\"Damian Mosquera\" data-image-description=\"\" data-image-caption=\"\" data-large-file=\"https:\/\/eldiariodesanpedro.com.ar\/sitio\/wp-content\/uploads\/2023\/10\/Damian-Mosquera-1.jpg\" data-src=\"https:\/\/eldiariodesanpedro.com.ar\/sitio\/wp-content\/uploads\/2023\/10\/Damian-Mosquera-1.jpg\" alt=\"\" class=\"wp-image-122845 lazyload\" data-srcset=\"https:\/\/eldiariodesanpedro.com.ar\/sitio\/wp-content\/uploads\/2023\/10\/Damian-Mosquera-1.jpg 800w, https:\/\/eldiariodesanpedro.com.ar\/sitio\/wp-content\/uploads\/2023\/10\/Damian-Mosquera-1-300x45.jpg 300w, https:\/\/eldiariodesanpedro.com.ar\/sitio\/wp-content\/uploads\/2023\/10\/Damian-Mosquera-1-768x115.jpg 768w\" data-sizes=\"(max-width: 800px) 100vw, 800px\" src=\"data:image\/svg+xml;base64,PHN2ZyB3aWR0aD0iMSIgaGVpZ2h0PSIxIiB4bWxucz0iaHR0cDovL3d3dy53My5vcmcvMjAwMC9zdmciPjwvc3ZnPg==\" style=\"--smush-placeholder-width: 800px; --smush-placeholder-aspect-ratio: 800\/120;\" \/><\/figure>\n<\/div>\n\n\n<p>Fuente: San Pedro Informa<\/p>\n","protected":false},"excerpt":{"rendered":"<p>La oposici\u00f3n que un min\u00fasculo grupo de vecinos manifest\u00f3 por la construcci\u00f3n de un tapial en la cancha de la instituci\u00f3n g\u00e9nero el repudio de muchas instituciones de la ciudad. Convocan a una manifestaci\u00f3n en apoyo al club de f\u00fatbol infantil. La construcci\u00f3n de un tapial y el retiro de una planta que imped\u00eda el [&hellip;]<\/p>\n","protected":false},"author":4,"featured_media":122991,"comment_status":"closed","ping_status":"closed","sticky":false,"template":"","format":"standard","meta":{"om_disable_all_campaigns":false,"_jetpack_memberships_contains_paid_content":false,"footnotes":""},"categories":[50,101,2],"tags":[],"class_list":["post-122990","post","type-post","status-publish","format-standard","has-post-thumbnail","hentry","category-destacadas","category-interes-general-locales","category-locales"],"aioseo_notices":[],"gutentor_comment":0,"jetpack_featured_media_url":"https:\/\/eldiariodesanpedro.com.ar\/sitio\/wp-content\/uploads\/2023\/10\/0000022238-resized-1920x1080-1.jpg","jetpack_shortlink":"https:\/\/wp.me\/p6RhLt-vZI","jetpack_sharing_enabled":true,"_links":{"self":[{"href":"https:\/\/eldiariodesanpedro.com.ar\/sitio\/wp-json\/wp\/v2\/posts\/122990","targetHints":{"allow":["GET"]}}],"collection":[{"href":"https:\/\/eldiariodesanpedro.com.ar\/sitio\/wp-json\/wp\/v2\/posts"}],"about":[{"href":"https:\/\/eldiariodesanpedro.com.ar\/sitio\/wp-json\/wp\/v2\/types\/post"}],"author":[{"embeddable":true,"href":"https:\/\/eldiariodesanpedro.com.ar\/sitio\/wp-json\/wp\/v2\/users\/4"}],"replies":[{"embeddable":true,"href":"https:\/\/eldiariodesanpedro.com.ar\/sitio\/wp-json\/wp\/v2\/comments?post=122990"}],"version-history":[{"count":1,"href":"https:\/\/eldiariodesanpedro.com.ar\/sitio\/wp-json\/wp\/v2\/posts\/122990\/revisions"}],"predecessor-version":[{"id":122992,"href":"https:\/\/eldiariodesanpedro.com.ar\/sitio\/wp-json\/wp\/v2\/posts\/122990\/revisions\/122992"}],"wp:featuredmedia":[{"embeddable":true,"href":"https:\/\/eldiariodesanpedro.com.ar\/sitio\/wp-json\/wp\/v2\/media\/122991"}],"wp:attachment":[{"href":"https:\/\/eldiariodesanpedro.com.ar\/sitio\/wp-json\/wp\/v2\/media?parent=122990"}],"wp:term":[{"taxonomy":"category","embeddable":true,"href":"https:\/\/eldiariodesanpedro.com.ar\/sitio\/wp-json\/wp\/v2\/categories?post=122990"},{"taxonomy":"post_tag","embeddable":true,"href":"https:\/\/eldiariodesanpedro.com.ar\/sitio\/wp-json\/wp\/v2\/tags?post=122990"}],"curies":[{"name":"wp","href":"https:\/\/api.w.org\/{rel}","templated":true}]}}