{"id":122982,"date":"2023-10-06T20:47:03","date_gmt":"2023-10-06T23:47:03","guid":{"rendered":"https:\/\/eldiariodesanpedro.com.ar\/sitio\/?p=122982"},"modified":"2023-10-06T20:47:05","modified_gmt":"2023-10-06T23:47:05","slug":"reconocimiento-a-los-soldados-continentales-de-malvinas","status":"publish","type":"post","link":"https:\/\/eldiariodesanpedro.com.ar\/sitio\/reconocimiento-a-los-soldados-continentales-de-malvinas\/","title":{"rendered":"Reconocimiento a los Soldados Continentales de Malvinas"},"content":{"rendered":"<!-- VideographyWP Plugin Message: Automatic video embedding prevented by plugin options. -->\n\n<p>En un emotivo acto, la Municipalidad de San Pedro concret\u00f3 este viernes un reconocimiento en el Sal\u00f3n Dorado del Honorable Concejo Deliberante a aquellos ciudadanos que estuvieron a disposici\u00f3n en el continente durante la defensa de la soberan\u00eda nacional en el conflicto b\u00e9lico de Malvinas en 1982.<\/p>\n\n\n\n<p>El encuentro fue encabezado por el Intendente Cecilio Salazar, quien llev\u00f3 a cabo la decisi\u00f3n de concretar este reconocimiento, luego de una serie de reuniones con representantes de la \u00abAgrupaci\u00f3n 101 Malvinas\u00bb que fueron convocados a prestar servicio de conscripci\u00f3n durante el per\u00edodo del conflicto, entre el 2 de abril y el 14 de junio de 1982.<\/p>\n\n\n\n<p>Durante el acto, el jefe comunal entreg\u00f3 diplomas y medallas a los soldados que, en distintas circunstancias y bajo distintas funciones, formaron parte de un mismo esfuerzo y estuvieron a disposici\u00f3n en la defensa de nuestra soberan\u00eda.<\/p>\n\n\n\n<p>Al finalizar el emotivo evento, el Grupo de Veteranos V.G.C.M Agrupaci\u00f3n 101 Malvinas, le entregaron un presente a Sergio Natalichio, en agradecimiento por ser quien comenz\u00f3 con las tratativas para este importante reconocimiento y Daniel Acu\u00f1a, soldado continental oriundo de la ciudad de Arrecifes, relat\u00f3 un poema de su autor\u00eda. Por \u00faltimo, el grupo entreg\u00f3 al Intendente Cecilio Salazar un presente por la decisi\u00f3n de llevar adelante este homenaje.<\/p>\n\n\n\n<p>Entre los reconocidos se encuentran:<br>Acosta Miguel \u00c1ngel (fallecido), Amondaray Claudio Ariel, Aran \u00c1ngel Abelardo, Ben\u00edtez Ra\u00fal Alberto, Cancelo Daniel Oscar, Caso Luis Eduardo, Comerio Juan Pedro, Corbal\u00e1n Jos\u00e9 Horacio, C\u00f3rdoba Hugo Adelqui, Coronel Horacio Evelio, Corbal\u00e1n Marcelo H\u00e9ctor, Crespiens Luis Rub\u00e9n, Diamante Cesar Eduardo, Dincau Dar\u00edo Jos\u00e9 (fallecido), Dotti Luis Hugo, Dure Rub\u00e9n Norberto, Esquivel Hugo An\u00edbal, Franco Ismael Roberto, Gil Gilberto R., Gim\u00e9nez Mario Antonio, Guilmen Adolfo Omar, Guti\u00e9rrez Ra\u00fal E., Lorido Fernando Daniel, Luna Oscar, Magari\u00f1os Jorge Omar, Maidana H\u00e9ctor Atilio, Maneiro Edgardo Rodolfo, Mart\u00ednez Omar Alberto, Mart\u00ednez Rodolfo, M\u00e1rquez Jos\u00e9 Enrique, Mastroianni Ren\u00e9 Dar\u00edo, Medina Julio Cesar, Menegoni N\u00e9stor Marcelo, Eza Jos\u00e9 Mar\u00eda, Molina Jorge Valent\u00edn, Montero Sergio Daniel, Natalicchio Sergio Jos\u00e9, Noguera Jorge Luis, P\u00e1ez Ren\u00e9 Mart\u00edn, Parolin Jorge Pedro, Pittaluga Guillermo Ricardo, Porta Fernando Miguel, Prieto Rub\u00e9n Dar\u00edo (fallecido), Raill\u00f3n H\u00e9ctor Augusto, Ramat Osvaldo Enrique (fallecido), Roba Carlos Alberto, Roca Marcelo Sergi, Orojas H\u00e9ctor Marcelo, Rojas Roberto Fabi\u00e1n, Roldan Jos\u00e9 Mar\u00eda, Saraceni Rub\u00e9n Alfredo, Sierra Miguel Antonio, Sprintz Ernesto Andr\u00e9s, Urtubey N\u00e9stor Emir, Varela Gustavo Javier, Vel\u00e1zquez Rodolfo Guillermo, Vlaeminck Carlos Sergio, Zanoco\u00a0Miguel\u00a0\u00c1ngel.<\/p>\n\n\n\n<figure class=\"wp-block-image size-full\"><img decoding=\"async\" width=\"826\" height=\"630\" data-attachment-id=\"122988\" data-permalink=\"https:\/\/eldiariodesanpedro.com.ar\/sitio\/reconocimiento-a-los-soldados-continentales-de-malvinas\/imagen-de-whatsapp-2023-10-06-a-las-17-57-06_30a79356\/\" data-orig-file=\"https:\/\/eldiariodesanpedro.com.ar\/sitio\/wp-content\/uploads\/2023\/10\/Imagen-de-WhatsApp-2023-10-06-a-las-17.57.06_30a79356.jpg\" data-orig-size=\"826,630\" data-comments-opened=\"0\" data-image-meta=\"{&quot;aperture&quot;:&quot;0&quot;,&quot;credit&quot;:&quot;&quot;,&quot;camera&quot;:&quot;&quot;,&quot;caption&quot;:&quot;&quot;,&quot;created_timestamp&quot;:&quot;0&quot;,&quot;copyright&quot;:&quot;&quot;,&quot;focal_length&quot;:&quot;0&quot;,&quot;iso&quot;:&quot;0&quot;,&quot;shutter_speed&quot;:&quot;0&quot;,&quot;title&quot;:&quot;&quot;,&quot;orientation&quot;:&quot;0&quot;}\" data-image-title=\"Imagen de WhatsApp 2023-10-06 a las 17.57.06_30a79356\" data-image-description=\"\" data-image-caption=\"\" data-large-file=\"https:\/\/eldiariodesanpedro.com.ar\/sitio\/wp-content\/uploads\/2023\/10\/Imagen-de-WhatsApp-2023-10-06-a-las-17.57.06_30a79356.jpg\" data-src=\"https:\/\/eldiariodesanpedro.com.ar\/sitio\/wp-content\/uploads\/2023\/10\/Imagen-de-WhatsApp-2023-10-06-a-las-17.57.06_30a79356.jpg\" alt=\"\" class=\"wp-image-122988 lazyload\" data-srcset=\"https:\/\/eldiariodesanpedro.com.ar\/sitio\/wp-content\/uploads\/2023\/10\/Imagen-de-WhatsApp-2023-10-06-a-las-17.57.06_30a79356.jpg 826w, https:\/\/eldiariodesanpedro.com.ar\/sitio\/wp-content\/uploads\/2023\/10\/Imagen-de-WhatsApp-2023-10-06-a-las-17.57.06_30a79356-300x229.jpg 300w, https:\/\/eldiariodesanpedro.com.ar\/sitio\/wp-content\/uploads\/2023\/10\/Imagen-de-WhatsApp-2023-10-06-a-las-17.57.06_30a79356-768x586.jpg 768w\" data-sizes=\"(max-width: 826px) 100vw, 826px\" src=\"data:image\/svg+xml;base64,PHN2ZyB3aWR0aD0iMSIgaGVpZ2h0PSIxIiB4bWxucz0iaHR0cDovL3d3dy53My5vcmcvMjAwMC9zdmciPjwvc3ZnPg==\" style=\"--smush-placeholder-width: 826px; --smush-placeholder-aspect-ratio: 826\/630;\" \/><\/figure>\n\n\n\n<figure class=\"wp-block-image size-full is-resized\"><img decoding=\"async\" data-attachment-id=\"122987\" data-permalink=\"https:\/\/eldiariodesanpedro.com.ar\/sitio\/reconocimiento-a-los-soldados-continentales-de-malvinas\/imagen-de-whatsapp-2023-10-06-a-las-17-57-05_ca9c18cf\/\" data-orig-file=\"https:\/\/eldiariodesanpedro.com.ar\/sitio\/wp-content\/uploads\/2023\/10\/Imagen-de-WhatsApp-2023-10-06-a-las-17.57.05_ca9c18cf.jpg\" data-orig-size=\"946,630\" data-comments-opened=\"0\" data-image-meta=\"{&quot;aperture&quot;:&quot;0&quot;,&quot;credit&quot;:&quot;&quot;,&quot;camera&quot;:&quot;&quot;,&quot;caption&quot;:&quot;&quot;,&quot;created_timestamp&quot;:&quot;0&quot;,&quot;copyright&quot;:&quot;&quot;,&quot;focal_length&quot;:&quot;0&quot;,&quot;iso&quot;:&quot;0&quot;,&quot;shutter_speed&quot;:&quot;0&quot;,&quot;title&quot;:&quot;&quot;,&quot;orientation&quot;:&quot;0&quot;}\" data-image-title=\"Imagen de WhatsApp 2023-10-06 a las 17.57.05_ca9c18cf\" data-image-description=\"\" data-image-caption=\"\" data-large-file=\"https:\/\/eldiariodesanpedro.com.ar\/sitio\/wp-content\/uploads\/2023\/10\/Imagen-de-WhatsApp-2023-10-06-a-las-17.57.05_ca9c18cf.jpg\" data-src=\"https:\/\/eldiariodesanpedro.com.ar\/sitio\/wp-content\/uploads\/2023\/10\/Imagen-de-WhatsApp-2023-10-06-a-las-17.57.05_ca9c18cf.jpg\" alt=\"\" class=\"wp-image-122987 lazyload\" style=\"--smush-placeholder-width: 840px; --smush-placeholder-aspect-ratio: 840\/559;width:840px;height:559px\" width=\"840\" height=\"559\" data-srcset=\"https:\/\/eldiariodesanpedro.com.ar\/sitio\/wp-content\/uploads\/2023\/10\/Imagen-de-WhatsApp-2023-10-06-a-las-17.57.05_ca9c18cf.jpg 946w, https:\/\/eldiariodesanpedro.com.ar\/sitio\/wp-content\/uploads\/2023\/10\/Imagen-de-WhatsApp-2023-10-06-a-las-17.57.05_ca9c18cf-300x200.jpg 300w, https:\/\/eldiariodesanpedro.com.ar\/sitio\/wp-content\/uploads\/2023\/10\/Imagen-de-WhatsApp-2023-10-06-a-las-17.57.05_ca9c18cf-768x511.jpg 768w\" data-sizes=\"(max-width: 840px) 100vw, 840px\" src=\"data:image\/svg+xml;base64,PHN2ZyB3aWR0aD0iMSIgaGVpZ2h0PSIxIiB4bWxucz0iaHR0cDovL3d3dy53My5vcmcvMjAwMC9zdmciPjwvc3ZnPg==\" \/><\/figure>\n\n\n\n<figure class=\"wp-block-image size-full\"><img decoding=\"async\" width=\"997\" height=\"630\" data-attachment-id=\"122985\" data-permalink=\"https:\/\/eldiariodesanpedro.com.ar\/sitio\/reconocimiento-a-los-soldados-continentales-de-malvinas\/imagen-de-whatsapp-2023-10-06-a-las-17-57-03_28b59f35\/\" data-orig-file=\"https:\/\/eldiariodesanpedro.com.ar\/sitio\/wp-content\/uploads\/2023\/10\/Imagen-de-WhatsApp-2023-10-06-a-las-17.57.03_28b59f35.jpg\" data-orig-size=\"997,630\" data-comments-opened=\"0\" data-image-meta=\"{&quot;aperture&quot;:&quot;0&quot;,&quot;credit&quot;:&quot;&quot;,&quot;camera&quot;:&quot;&quot;,&quot;caption&quot;:&quot;&quot;,&quot;created_timestamp&quot;:&quot;0&quot;,&quot;copyright&quot;:&quot;&quot;,&quot;focal_length&quot;:&quot;0&quot;,&quot;iso&quot;:&quot;0&quot;,&quot;shutter_speed&quot;:&quot;0&quot;,&quot;title&quot;:&quot;&quot;,&quot;orientation&quot;:&quot;0&quot;}\" data-image-title=\"Imagen de WhatsApp 2023-10-06 a las 17.57.03_28b59f35\" data-image-description=\"\" data-image-caption=\"\" data-large-file=\"https:\/\/eldiariodesanpedro.com.ar\/sitio\/wp-content\/uploads\/2023\/10\/Imagen-de-WhatsApp-2023-10-06-a-las-17.57.03_28b59f35.jpg\" data-src=\"https:\/\/eldiariodesanpedro.com.ar\/sitio\/wp-content\/uploads\/2023\/10\/Imagen-de-WhatsApp-2023-10-06-a-las-17.57.03_28b59f35.jpg\" alt=\"\" class=\"wp-image-122985 lazyload\" data-srcset=\"https:\/\/eldiariodesanpedro.com.ar\/sitio\/wp-content\/uploads\/2023\/10\/Imagen-de-WhatsApp-2023-10-06-a-las-17.57.03_28b59f35.jpg 997w, https:\/\/eldiariodesanpedro.com.ar\/sitio\/wp-content\/uploads\/2023\/10\/Imagen-de-WhatsApp-2023-10-06-a-las-17.57.03_28b59f35-300x190.jpg 300w, https:\/\/eldiariodesanpedro.com.ar\/sitio\/wp-content\/uploads\/2023\/10\/Imagen-de-WhatsApp-2023-10-06-a-las-17.57.03_28b59f35-768x485.jpg 768w, https:\/\/eldiariodesanpedro.com.ar\/sitio\/wp-content\/uploads\/2023\/10\/Imagen-de-WhatsApp-2023-10-06-a-las-17.57.03_28b59f35-345x218.jpg 345w, https:\/\/eldiariodesanpedro.com.ar\/sitio\/wp-content\/uploads\/2023\/10\/Imagen-de-WhatsApp-2023-10-06-a-las-17.57.03_28b59f35-700x441.jpg 700w\" data-sizes=\"(max-width: 997px) 100vw, 997px\" src=\"data:image\/svg+xml;base64,PHN2ZyB3aWR0aD0iMSIgaGVpZ2h0PSIxIiB4bWxucz0iaHR0cDovL3d3dy53My5vcmcvMjAwMC9zdmciPjwvc3ZnPg==\" style=\"--smush-placeholder-width: 997px; --smush-placeholder-aspect-ratio: 997\/630;\" \/><\/figure>\n\n\n\n<figure class=\"wp-block-image size-full\"><img decoding=\"async\" width=\"946\" height=\"630\" data-attachment-id=\"122984\" data-permalink=\"https:\/\/eldiariodesanpedro.com.ar\/sitio\/reconocimiento-a-los-soldados-continentales-de-malvinas\/imagen-de-whatsapp-2023-10-06-a-las-17-56-59_d898a34b\/\" data-orig-file=\"https:\/\/eldiariodesanpedro.com.ar\/sitio\/wp-content\/uploads\/2023\/10\/Imagen-de-WhatsApp-2023-10-06-a-las-17.56.59_d898a34b.jpg\" data-orig-size=\"946,630\" data-comments-opened=\"0\" data-image-meta=\"{&quot;aperture&quot;:&quot;0&quot;,&quot;credit&quot;:&quot;&quot;,&quot;camera&quot;:&quot;&quot;,&quot;caption&quot;:&quot;&quot;,&quot;created_timestamp&quot;:&quot;0&quot;,&quot;copyright&quot;:&quot;&quot;,&quot;focal_length&quot;:&quot;0&quot;,&quot;iso&quot;:&quot;0&quot;,&quot;shutter_speed&quot;:&quot;0&quot;,&quot;title&quot;:&quot;&quot;,&quot;orientation&quot;:&quot;0&quot;}\" data-image-title=\"Imagen de WhatsApp 2023-10-06 a las 17.56.59_d898a34b\" data-image-description=\"\" data-image-caption=\"\" data-large-file=\"https:\/\/eldiariodesanpedro.com.ar\/sitio\/wp-content\/uploads\/2023\/10\/Imagen-de-WhatsApp-2023-10-06-a-las-17.56.59_d898a34b.jpg\" data-src=\"https:\/\/eldiariodesanpedro.com.ar\/sitio\/wp-content\/uploads\/2023\/10\/Imagen-de-WhatsApp-2023-10-06-a-las-17.56.59_d898a34b.jpg\" alt=\"\" class=\"wp-image-122984 lazyload\" data-srcset=\"https:\/\/eldiariodesanpedro.com.ar\/sitio\/wp-content\/uploads\/2023\/10\/Imagen-de-WhatsApp-2023-10-06-a-las-17.56.59_d898a34b.jpg 946w, https:\/\/eldiariodesanpedro.com.ar\/sitio\/wp-content\/uploads\/2023\/10\/Imagen-de-WhatsApp-2023-10-06-a-las-17.56.59_d898a34b-300x200.jpg 300w, https:\/\/eldiariodesanpedro.com.ar\/sitio\/wp-content\/uploads\/2023\/10\/Imagen-de-WhatsApp-2023-10-06-a-las-17.56.59_d898a34b-768x511.jpg 768w\" data-sizes=\"(max-width: 946px) 100vw, 946px\" src=\"data:image\/svg+xml;base64,PHN2ZyB3aWR0aD0iMSIgaGVpZ2h0PSIxIiB4bWxucz0iaHR0cDovL3d3dy53My5vcmcvMjAwMC9zdmciPjwvc3ZnPg==\" style=\"--smush-placeholder-width: 946px; --smush-placeholder-aspect-ratio: 946\/630;\" \/><\/figure>\n\n\n\n<figure class=\"wp-block-image size-full\"><img decoding=\"async\" width=\"909\" height=\"630\" data-attachment-id=\"122986\" data-permalink=\"https:\/\/eldiariodesanpedro.com.ar\/sitio\/reconocimiento-a-los-soldados-continentales-de-malvinas\/imagen-de-whatsapp-2023-10-06-a-las-17-57-05_2e496f96\/\" data-orig-file=\"https:\/\/eldiariodesanpedro.com.ar\/sitio\/wp-content\/uploads\/2023\/10\/Imagen-de-WhatsApp-2023-10-06-a-las-17.57.05_2e496f96.jpg\" data-orig-size=\"909,630\" data-comments-opened=\"0\" data-image-meta=\"{&quot;aperture&quot;:&quot;0&quot;,&quot;credit&quot;:&quot;&quot;,&quot;camera&quot;:&quot;&quot;,&quot;caption&quot;:&quot;&quot;,&quot;created_timestamp&quot;:&quot;0&quot;,&quot;copyright&quot;:&quot;&quot;,&quot;focal_length&quot;:&quot;0&quot;,&quot;iso&quot;:&quot;0&quot;,&quot;shutter_speed&quot;:&quot;0&quot;,&quot;title&quot;:&quot;&quot;,&quot;orientation&quot;:&quot;0&quot;}\" data-image-title=\"Imagen de WhatsApp 2023-10-06 a las 17.57.05_2e496f96\" data-image-description=\"\" data-image-caption=\"\" data-large-file=\"https:\/\/eldiariodesanpedro.com.ar\/sitio\/wp-content\/uploads\/2023\/10\/Imagen-de-WhatsApp-2023-10-06-a-las-17.57.05_2e496f96.jpg\" data-src=\"https:\/\/eldiariodesanpedro.com.ar\/sitio\/wp-content\/uploads\/2023\/10\/Imagen-de-WhatsApp-2023-10-06-a-las-17.57.05_2e496f96.jpg\" alt=\"\" class=\"wp-image-122986 lazyload\" data-srcset=\"https:\/\/eldiariodesanpedro.com.ar\/sitio\/wp-content\/uploads\/2023\/10\/Imagen-de-WhatsApp-2023-10-06-a-las-17.57.05_2e496f96.jpg 909w, https:\/\/eldiariodesanpedro.com.ar\/sitio\/wp-content\/uploads\/2023\/10\/Imagen-de-WhatsApp-2023-10-06-a-las-17.57.05_2e496f96-300x208.jpg 300w, https:\/\/eldiariodesanpedro.com.ar\/sitio\/wp-content\/uploads\/2023\/10\/Imagen-de-WhatsApp-2023-10-06-a-las-17.57.05_2e496f96-768x532.jpg 768w\" data-sizes=\"(max-width: 909px) 100vw, 909px\" src=\"data:image\/svg+xml;base64,PHN2ZyB3aWR0aD0iMSIgaGVpZ2h0PSIxIiB4bWxucz0iaHR0cDovL3d3dy53My5vcmcvMjAwMC9zdmciPjwvc3ZnPg==\" style=\"--smush-placeholder-width: 909px; --smush-placeholder-aspect-ratio: 909\/630;\" \/><\/figure>\n\n\n<div class=\"wp-block-image\">\n<figure class=\"aligncenter size-large\"><img decoding=\"async\" width=\"1024\" height=\"347\" data-attachment-id=\"122844\" data-permalink=\"https:\/\/eldiariodesanpedro.com.ar\/sitio\/fallecio-santiago-casas-el-motociclista-que-habia-chocado-con-un-patrullero\/imagen-de-whatsapp-2023-10-03-a-las-10-38-40_09841dc1-2\/\" data-orig-file=\"https:\/\/eldiariodesanpedro.com.ar\/sitio\/wp-content\/uploads\/2023\/10\/Imagen-de-WhatsApp-2023-10-03-a-las-10.38.40_09841dc1-1.jpg\" data-orig-size=\"1180,400\" data-comments-opened=\"0\" data-image-meta=\"{&quot;aperture&quot;:&quot;0&quot;,&quot;credit&quot;:&quot;&quot;,&quot;camera&quot;:&quot;&quot;,&quot;caption&quot;:&quot;&quot;,&quot;created_timestamp&quot;:&quot;0&quot;,&quot;copyright&quot;:&quot;&quot;,&quot;focal_length&quot;:&quot;0&quot;,&quot;iso&quot;:&quot;0&quot;,&quot;shutter_speed&quot;:&quot;0&quot;,&quot;title&quot;:&quot;&quot;,&quot;orientation&quot;:&quot;0&quot;}\" data-image-title=\"Cecilio intendente\" data-image-description=\"\" data-image-caption=\"\" data-large-file=\"https:\/\/eldiariodesanpedro.com.ar\/sitio\/wp-content\/uploads\/2023\/10\/Imagen-de-WhatsApp-2023-10-03-a-las-10.38.40_09841dc1-1-1024x347.jpg\" data-src=\"https:\/\/eldiariodesanpedro.com.ar\/sitio\/wp-content\/uploads\/2023\/10\/Imagen-de-WhatsApp-2023-10-03-a-las-10.38.40_09841dc1-1-1024x347.jpg\" alt=\"\" class=\"wp-image-122844 lazyload\" data-srcset=\"https:\/\/eldiariodesanpedro.com.ar\/sitio\/wp-content\/uploads\/2023\/10\/Imagen-de-WhatsApp-2023-10-03-a-las-10.38.40_09841dc1-1-1024x347.jpg 1024w, https:\/\/eldiariodesanpedro.com.ar\/sitio\/wp-content\/uploads\/2023\/10\/Imagen-de-WhatsApp-2023-10-03-a-las-10.38.40_09841dc1-1-300x102.jpg 300w, https:\/\/eldiariodesanpedro.com.ar\/sitio\/wp-content\/uploads\/2023\/10\/Imagen-de-WhatsApp-2023-10-03-a-las-10.38.40_09841dc1-1-768x260.jpg 768w, https:\/\/eldiariodesanpedro.com.ar\/sitio\/wp-content\/uploads\/2023\/10\/Imagen-de-WhatsApp-2023-10-03-a-las-10.38.40_09841dc1-1.jpg 1180w\" data-sizes=\"(max-width: 1024px) 100vw, 1024px\" src=\"data:image\/svg+xml;base64,PHN2ZyB3aWR0aD0iMSIgaGVpZ2h0PSIxIiB4bWxucz0iaHR0cDovL3d3dy53My5vcmcvMjAwMC9zdmciPjwvc3ZnPg==\" style=\"--smush-placeholder-width: 1024px; --smush-placeholder-aspect-ratio: 1024\/347;\" \/><\/figure>\n<\/div>\n\n<div class=\"wp-block-image\">\n<figure class=\"aligncenter size-full\"><img decoding=\"async\" width=\"800\" height=\"160\" data-attachment-id=\"122843\" data-permalink=\"https:\/\/eldiariodesanpedro.com.ar\/sitio\/fallecio-santiago-casas-el-motociclista-que-habia-chocado-con-un-patrullero\/banner-800x160-3\/\" data-orig-file=\"https:\/\/eldiariodesanpedro.com.ar\/sitio\/wp-content\/uploads\/2023\/10\/BANNER-800x160-3.jpg\" data-orig-size=\"800,160\" data-comments-opened=\"0\" data-image-meta=\"{&quot;aperture&quot;:&quot;0&quot;,&quot;credit&quot;:&quot;&quot;,&quot;camera&quot;:&quot;&quot;,&quot;caption&quot;:&quot;&quot;,&quot;created_timestamp&quot;:&quot;0&quot;,&quot;copyright&quot;:&quot;&quot;,&quot;focal_length&quot;:&quot;0&quot;,&quot;iso&quot;:&quot;0&quot;,&quot;shutter_speed&quot;:&quot;0&quot;,&quot;title&quot;:&quot;&quot;,&quot;orientation&quot;:&quot;1&quot;}\" data-image-title=\"Rey intendente\" data-image-description=\"\" data-image-caption=\"\" data-large-file=\"https:\/\/eldiariodesanpedro.com.ar\/sitio\/wp-content\/uploads\/2023\/10\/BANNER-800x160-3.jpg\" data-src=\"https:\/\/eldiariodesanpedro.com.ar\/sitio\/wp-content\/uploads\/2023\/10\/BANNER-800x160-3.jpg\" alt=\"\" class=\"wp-image-122843 lazyload\" data-srcset=\"https:\/\/eldiariodesanpedro.com.ar\/sitio\/wp-content\/uploads\/2023\/10\/BANNER-800x160-3.jpg 800w, https:\/\/eldiariodesanpedro.com.ar\/sitio\/wp-content\/uploads\/2023\/10\/BANNER-800x160-3-300x60.jpg 300w, https:\/\/eldiariodesanpedro.com.ar\/sitio\/wp-content\/uploads\/2023\/10\/BANNER-800x160-3-768x154.jpg 768w\" data-sizes=\"(max-width: 800px) 100vw, 800px\" src=\"data:image\/svg+xml;base64,PHN2ZyB3aWR0aD0iMSIgaGVpZ2h0PSIxIiB4bWxucz0iaHR0cDovL3d3dy53My5vcmcvMjAwMC9zdmciPjwvc3ZnPg==\" style=\"--smush-placeholder-width: 800px; --smush-placeholder-aspect-ratio: 800\/160;\" \/><\/figure>\n<\/div>\n\n<div class=\"wp-block-image\">\n<figure class=\"aligncenter size-full\"><img decoding=\"async\" width=\"800\" height=\"120\" data-attachment-id=\"122845\" data-permalink=\"https:\/\/eldiariodesanpedro.com.ar\/sitio\/fallecio-santiago-casas-el-motociclista-que-habia-chocado-con-un-patrullero\/damian-mosquera-1\/\" data-orig-file=\"https:\/\/eldiariodesanpedro.com.ar\/sitio\/wp-content\/uploads\/2023\/10\/Damian-Mosquera-1.jpg\" data-orig-size=\"800,120\" data-comments-opened=\"0\" data-image-meta=\"{&quot;aperture&quot;:&quot;0&quot;,&quot;credit&quot;:&quot;&quot;,&quot;camera&quot;:&quot;&quot;,&quot;caption&quot;:&quot;&quot;,&quot;created_timestamp&quot;:&quot;0&quot;,&quot;copyright&quot;:&quot;&quot;,&quot;focal_length&quot;:&quot;0&quot;,&quot;iso&quot;:&quot;0&quot;,&quot;shutter_speed&quot;:&quot;0&quot;,&quot;title&quot;:&quot;&quot;,&quot;orientation&quot;:&quot;0&quot;}\" data-image-title=\"Damian Mosquera\" data-image-description=\"\" data-image-caption=\"\" data-large-file=\"https:\/\/eldiariodesanpedro.com.ar\/sitio\/wp-content\/uploads\/2023\/10\/Damian-Mosquera-1.jpg\" data-src=\"https:\/\/eldiariodesanpedro.com.ar\/sitio\/wp-content\/uploads\/2023\/10\/Damian-Mosquera-1.jpg\" alt=\"\" class=\"wp-image-122845 lazyload\" data-srcset=\"https:\/\/eldiariodesanpedro.com.ar\/sitio\/wp-content\/uploads\/2023\/10\/Damian-Mosquera-1.jpg 800w, https:\/\/eldiariodesanpedro.com.ar\/sitio\/wp-content\/uploads\/2023\/10\/Damian-Mosquera-1-300x45.jpg 300w, https:\/\/eldiariodesanpedro.com.ar\/sitio\/wp-content\/uploads\/2023\/10\/Damian-Mosquera-1-768x115.jpg 768w\" data-sizes=\"(max-width: 800px) 100vw, 800px\" src=\"data:image\/svg+xml;base64,PHN2ZyB3aWR0aD0iMSIgaGVpZ2h0PSIxIiB4bWxucz0iaHR0cDovL3d3dy53My5vcmcvMjAwMC9zdmciPjwvc3ZnPg==\" style=\"--smush-placeholder-width: 800px; --smush-placeholder-aspect-ratio: 800\/120;\" \/><\/figure>\n<\/div>","protected":false},"excerpt":{"rendered":"<p>En un emotivo acto, la Municipalidad de San Pedro concret\u00f3 este viernes un reconocimiento en el Sal\u00f3n Dorado del Honorable Concejo Deliberante a aquellos ciudadanos que estuvieron a disposici\u00f3n en el continente durante la defensa de la soberan\u00eda nacional en el conflicto b\u00e9lico de Malvinas en 1982. El encuentro fue encabezado por el Intendente Cecilio [&hellip;]<\/p>\n","protected":false},"author":4,"featured_media":122983,"comment_status":"closed","ping_status":"closed","sticky":false,"template":"","format":"standard","meta":{"om_disable_all_campaigns":false,"_jetpack_memberships_contains_paid_content":false,"footnotes":""},"categories":[50,101,2],"tags":[],"class_list":["post-122982","post","type-post","status-publish","format-standard","has-post-thumbnail","hentry","category-destacadas","category-interes-general-locales","category-locales"],"aioseo_notices":[],"gutentor_comment":0,"jetpack_featured_media_url":"https:\/\/eldiariodesanpedro.com.ar\/sitio\/wp-content\/uploads\/2023\/10\/Imagen-de-WhatsApp-2023-10-06-a-las-17.56.58_05d41a9d.jpg","jetpack_shortlink":"https:\/\/wp.me\/p6RhLt-vZA","jetpack_sharing_enabled":true,"_links":{"self":[{"href":"https:\/\/eldiariodesanpedro.com.ar\/sitio\/wp-json\/wp\/v2\/posts\/122982","targetHints":{"allow":["GET"]}}],"collection":[{"href":"https:\/\/eldiariodesanpedro.com.ar\/sitio\/wp-json\/wp\/v2\/posts"}],"about":[{"href":"https:\/\/eldiariodesanpedro.com.ar\/sitio\/wp-json\/wp\/v2\/types\/post"}],"author":[{"embeddable":true,"href":"https:\/\/eldiariodesanpedro.com.ar\/sitio\/wp-json\/wp\/v2\/users\/4"}],"replies":[{"embeddable":true,"href":"https:\/\/eldiariodesanpedro.com.ar\/sitio\/wp-json\/wp\/v2\/comments?post=122982"}],"version-history":[{"count":1,"href":"https:\/\/eldiariodesanpedro.com.ar\/sitio\/wp-json\/wp\/v2\/posts\/122982\/revisions"}],"predecessor-version":[{"id":122989,"href":"https:\/\/eldiariodesanpedro.com.ar\/sitio\/wp-json\/wp\/v2\/posts\/122982\/revisions\/122989"}],"wp:featuredmedia":[{"embeddable":true,"href":"https:\/\/eldiariodesanpedro.com.ar\/sitio\/wp-json\/wp\/v2\/media\/122983"}],"wp:attachment":[{"href":"https:\/\/eldiariodesanpedro.com.ar\/sitio\/wp-json\/wp\/v2\/media?parent=122982"}],"wp:term":[{"taxonomy":"category","embeddable":true,"href":"https:\/\/eldiariodesanpedro.com.ar\/sitio\/wp-json\/wp\/v2\/categories?post=122982"},{"taxonomy":"post_tag","embeddable":true,"href":"https:\/\/eldiariodesanpedro.com.ar\/sitio\/wp-json\/wp\/v2\/tags?post=122982"}],"curies":[{"name":"wp","href":"https:\/\/api.w.org\/{rel}","templated":true}]}}