{"id":122967,"date":"2023-10-06T20:29:48","date_gmt":"2023-10-06T23:29:48","guid":{"rendered":"https:\/\/eldiariodesanpedro.com.ar\/sitio\/?p=122967"},"modified":"2023-10-06T20:29:50","modified_gmt":"2023-10-06T23:29:50","slug":"estudiantes-de-la-escuela-primaria-n-43-visitaron-el-palacio-municipal","status":"publish","type":"post","link":"https:\/\/eldiariodesanpedro.com.ar\/sitio\/estudiantes-de-la-escuela-primaria-n-43-visitaron-el-palacio-municipal\/","title":{"rendered":"Estudiantes de la Escuela Primaria N\u00b0 43 visitaron el Palacio Municipal"},"content":{"rendered":"<!-- VideographyWP Plugin Message: Automatic video embedding prevented by plugin options. -->\n\n<p>Esta ma\u00f1ana el Palacio Municipal, en el marco de las visitas educativas que las escuelas del Partido de San Pedro realizan peri\u00f3dicamente, recibi\u00f3 a los alumnos de cuarto a\u00f1o de la Escuela Primaria N\u00b0 43.<\/p>\n\n\n\n<p>Durante su recorrido, los estudiantes visitaron el despacho del Intendente Cecilio Salazar, y compartieron junto al Jefe Comunal un encuentro donde pudieron preguntarle respecto de las responsabilidades y labores que debe afrontar como m\u00e1xima autoridad de nuestra ciudad.<\/p>\n\n\n\n<p>Los visitantes disfrutaron de un recorrido por los distintos puntos destacados de la Municipalidad como el Sal\u00f3n Dorado y el Honorable Concejo Deliberante, ofreciendo a los alumnos y alumnas una experiencia que les permiti\u00f3 conocer de cerca el funcionamiento y las responsabilidades de la administraci\u00f3n local.<\/p>\n\n\n\n<p>La Municipalidad de San Pedro se enorgullece de haber recibido a estos j\u00f3venes estudiantes y espera seguir siendo un espacio abierto para la educaci\u00f3n y la interacci\u00f3n con\u00a0la\u00a0comunidad.<\/p>\n\n\n\n<figure class=\"wp-block-image size-full\"><img decoding=\"async\" width=\"932\" height=\"630\" data-attachment-id=\"122970\" data-permalink=\"https:\/\/eldiariodesanpedro.com.ar\/sitio\/estudiantes-de-la-escuela-primaria-n-43-visitaron-el-palacio-municipal\/imagen-de-whatsapp-2023-10-06-a-las-16-11-32_04ce90d0\/\" data-orig-file=\"https:\/\/eldiariodesanpedro.com.ar\/sitio\/wp-content\/uploads\/2023\/10\/Imagen-de-WhatsApp-2023-10-06-a-las-16.11.32_04ce90d0.jpg\" data-orig-size=\"932,630\" data-comments-opened=\"0\" data-image-meta=\"{&quot;aperture&quot;:&quot;0&quot;,&quot;credit&quot;:&quot;&quot;,&quot;camera&quot;:&quot;&quot;,&quot;caption&quot;:&quot;&quot;,&quot;created_timestamp&quot;:&quot;0&quot;,&quot;copyright&quot;:&quot;&quot;,&quot;focal_length&quot;:&quot;0&quot;,&quot;iso&quot;:&quot;0&quot;,&quot;shutter_speed&quot;:&quot;0&quot;,&quot;title&quot;:&quot;&quot;,&quot;orientation&quot;:&quot;0&quot;}\" data-image-title=\"Imagen de WhatsApp 2023-10-06 a las 16.11.32_04ce90d0\" data-image-description=\"\" data-image-caption=\"\" data-large-file=\"https:\/\/eldiariodesanpedro.com.ar\/sitio\/wp-content\/uploads\/2023\/10\/Imagen-de-WhatsApp-2023-10-06-a-las-16.11.32_04ce90d0.jpg\" data-src=\"https:\/\/eldiariodesanpedro.com.ar\/sitio\/wp-content\/uploads\/2023\/10\/Imagen-de-WhatsApp-2023-10-06-a-las-16.11.32_04ce90d0.jpg\" alt=\"\" class=\"wp-image-122970 lazyload\" data-srcset=\"https:\/\/eldiariodesanpedro.com.ar\/sitio\/wp-content\/uploads\/2023\/10\/Imagen-de-WhatsApp-2023-10-06-a-las-16.11.32_04ce90d0.jpg 932w, https:\/\/eldiariodesanpedro.com.ar\/sitio\/wp-content\/uploads\/2023\/10\/Imagen-de-WhatsApp-2023-10-06-a-las-16.11.32_04ce90d0-300x203.jpg 300w, https:\/\/eldiariodesanpedro.com.ar\/sitio\/wp-content\/uploads\/2023\/10\/Imagen-de-WhatsApp-2023-10-06-a-las-16.11.32_04ce90d0-768x519.jpg 768w, https:\/\/eldiariodesanpedro.com.ar\/sitio\/wp-content\/uploads\/2023\/10\/Imagen-de-WhatsApp-2023-10-06-a-las-16.11.32_04ce90d0-305x207.jpg 305w\" data-sizes=\"(max-width: 932px) 100vw, 932px\" src=\"data:image\/svg+xml;base64,PHN2ZyB3aWR0aD0iMSIgaGVpZ2h0PSIxIiB4bWxucz0iaHR0cDovL3d3dy53My5vcmcvMjAwMC9zdmciPjwvc3ZnPg==\" style=\"--smush-placeholder-width: 932px; --smush-placeholder-aspect-ratio: 932\/630;\" \/><\/figure>\n\n\n\n<figure class=\"wp-block-image size-full\"><img decoding=\"async\" width=\"978\" height=\"630\" data-attachment-id=\"122969\" data-permalink=\"https:\/\/eldiariodesanpedro.com.ar\/sitio\/estudiantes-de-la-escuela-primaria-n-43-visitaron-el-palacio-municipal\/imagen-de-whatsapp-2023-10-06-a-las-16-11-31_452e3463\/\" data-orig-file=\"https:\/\/eldiariodesanpedro.com.ar\/sitio\/wp-content\/uploads\/2023\/10\/Imagen-de-WhatsApp-2023-10-06-a-las-16.11.31_452e3463.jpg\" data-orig-size=\"978,630\" data-comments-opened=\"0\" data-image-meta=\"{&quot;aperture&quot;:&quot;0&quot;,&quot;credit&quot;:&quot;&quot;,&quot;camera&quot;:&quot;&quot;,&quot;caption&quot;:&quot;&quot;,&quot;created_timestamp&quot;:&quot;0&quot;,&quot;copyright&quot;:&quot;&quot;,&quot;focal_length&quot;:&quot;0&quot;,&quot;iso&quot;:&quot;0&quot;,&quot;shutter_speed&quot;:&quot;0&quot;,&quot;title&quot;:&quot;&quot;,&quot;orientation&quot;:&quot;0&quot;}\" data-image-title=\"Imagen de WhatsApp 2023-10-06 a las 16.11.31_452e3463\" data-image-description=\"\" data-image-caption=\"\" data-large-file=\"https:\/\/eldiariodesanpedro.com.ar\/sitio\/wp-content\/uploads\/2023\/10\/Imagen-de-WhatsApp-2023-10-06-a-las-16.11.31_452e3463.jpg\" data-src=\"https:\/\/eldiariodesanpedro.com.ar\/sitio\/wp-content\/uploads\/2023\/10\/Imagen-de-WhatsApp-2023-10-06-a-las-16.11.31_452e3463.jpg\" alt=\"\" class=\"wp-image-122969 lazyload\" data-srcset=\"https:\/\/eldiariodesanpedro.com.ar\/sitio\/wp-content\/uploads\/2023\/10\/Imagen-de-WhatsApp-2023-10-06-a-las-16.11.31_452e3463.jpg 978w, https:\/\/eldiariodesanpedro.com.ar\/sitio\/wp-content\/uploads\/2023\/10\/Imagen-de-WhatsApp-2023-10-06-a-las-16.11.31_452e3463-300x193.jpg 300w, https:\/\/eldiariodesanpedro.com.ar\/sitio\/wp-content\/uploads\/2023\/10\/Imagen-de-WhatsApp-2023-10-06-a-las-16.11.31_452e3463-768x495.jpg 768w\" data-sizes=\"(max-width: 978px) 100vw, 978px\" src=\"data:image\/svg+xml;base64,PHN2ZyB3aWR0aD0iMSIgaGVpZ2h0PSIxIiB4bWxucz0iaHR0cDovL3d3dy53My5vcmcvMjAwMC9zdmciPjwvc3ZnPg==\" style=\"--smush-placeholder-width: 978px; --smush-placeholder-aspect-ratio: 978\/630;\" \/><\/figure>\n","protected":false},"excerpt":{"rendered":"<p>Esta ma\u00f1ana el Palacio Municipal, en el marco de las visitas educativas que las escuelas del Partido de San Pedro realizan peri\u00f3dicamente, recibi\u00f3 a los alumnos de cuarto a\u00f1o de la Escuela Primaria N\u00b0 43. Durante su recorrido, los estudiantes visitaron el despacho del Intendente Cecilio Salazar, y compartieron junto al Jefe Comunal un encuentro [&hellip;]<\/p>\n","protected":false},"author":4,"featured_media":122968,"comment_status":"closed","ping_status":"closed","sticky":false,"template":"","format":"standard","meta":{"om_disable_all_campaigns":false,"_jetpack_memberships_contains_paid_content":false,"footnotes":""},"categories":[50,101,2],"tags":[],"class_list":["post-122967","post","type-post","status-publish","format-standard","has-post-thumbnail","hentry","category-destacadas","category-interes-general-locales","category-locales"],"aioseo_notices":[],"gutentor_comment":0,"jetpack_featured_media_url":"https:\/\/eldiariodesanpedro.com.ar\/sitio\/wp-content\/uploads\/2023\/10\/Imagen-de-WhatsApp-2023-10-06-a-las-16.11.30_f5231691.jpg","jetpack_shortlink":"https:\/\/wp.me\/p6RhLt-vZl","jetpack_sharing_enabled":true,"_links":{"self":[{"href":"https:\/\/eldiariodesanpedro.com.ar\/sitio\/wp-json\/wp\/v2\/posts\/122967","targetHints":{"allow":["GET"]}}],"collection":[{"href":"https:\/\/eldiariodesanpedro.com.ar\/sitio\/wp-json\/wp\/v2\/posts"}],"about":[{"href":"https:\/\/eldiariodesanpedro.com.ar\/sitio\/wp-json\/wp\/v2\/types\/post"}],"author":[{"embeddable":true,"href":"https:\/\/eldiariodesanpedro.com.ar\/sitio\/wp-json\/wp\/v2\/users\/4"}],"replies":[{"embeddable":true,"href":"https:\/\/eldiariodesanpedro.com.ar\/sitio\/wp-json\/wp\/v2\/comments?post=122967"}],"version-history":[{"count":1,"href":"https:\/\/eldiariodesanpedro.com.ar\/sitio\/wp-json\/wp\/v2\/posts\/122967\/revisions"}],"predecessor-version":[{"id":122971,"href":"https:\/\/eldiariodesanpedro.com.ar\/sitio\/wp-json\/wp\/v2\/posts\/122967\/revisions\/122971"}],"wp:featuredmedia":[{"embeddable":true,"href":"https:\/\/eldiariodesanpedro.com.ar\/sitio\/wp-json\/wp\/v2\/media\/122968"}],"wp:attachment":[{"href":"https:\/\/eldiariodesanpedro.com.ar\/sitio\/wp-json\/wp\/v2\/media?parent=122967"}],"wp:term":[{"taxonomy":"category","embeddable":true,"href":"https:\/\/eldiariodesanpedro.com.ar\/sitio\/wp-json\/wp\/v2\/categories?post=122967"},{"taxonomy":"post_tag","embeddable":true,"href":"https:\/\/eldiariodesanpedro.com.ar\/sitio\/wp-json\/wp\/v2\/tags?post=122967"}],"curies":[{"name":"wp","href":"https:\/\/api.w.org\/{rel}","templated":true}]}}