{"id":122950,"date":"2023-10-06T19:21:37","date_gmt":"2023-10-06T22:21:37","guid":{"rendered":"https:\/\/eldiariodesanpedro.com.ar\/sitio\/?p=122950"},"modified":"2023-10-06T19:21:40","modified_gmt":"2023-10-06T22:21:40","slug":"el-intendente-cecilio-salazar-firmo-el-contrato-para-la-construccion-del-jardin-de-infantes-n-914","status":"publish","type":"post","link":"https:\/\/eldiariodesanpedro.com.ar\/sitio\/el-intendente-cecilio-salazar-firmo-el-contrato-para-la-construccion-del-jardin-de-infantes-n-914\/","title":{"rendered":"El Intendente Cecilio Salazar firm\u00f3 el contrato para la construcci\u00f3n del Jard\u00edn de Infantes N\u00b0 914"},"content":{"rendered":"<!-- VideographyWP Plugin Message: Automatic video embedding prevented by plugin options. -->\n\n<p>Esta ma\u00f1ana, el Intendente Municipal Cecilio Salazar y el Secretario de Obras, Planeamiento y Catastro, Dr. Javier Silva recibieron en el despacho oficial a Ra\u00fal Alberto Di Clemente, Socio Gerente de la empresa INDHAL S.R.L. para la firma del contrato de obra para la construcci\u00f3n del edificio del Jard\u00edn de Infantes N\u00b0 914 en un terreno ubicado en la intersecci\u00f3n de las calles La Laguna, G\u00fcemes, Balcarce y Ansaloni.<\/p>\n\n\n\n<p>Este importante acuerdo llevado adelante a trav\u00e9s de la gesti\u00f3n encabezada por el Intendente Municipal Cecilio Salazar constituye un acontecimiento significativo para la comunidad educativa ratificando una vez m\u00e1s el compromiso del gobierno local con la educaci\u00f3n p\u00fablica, asegurando espacios \u00f3ptimos para la formaci\u00f3n y desarrollo de nuestros ni\u00f1os y ni\u00f1as.<\/p>\n\n\n\n<p>El proyecto abarca todas las etapas necesarias para la correcta ejecuci\u00f3n de la obra, incluyendo materiales, equipos, y mano de obra. El presupuesto total de la obra es de $135.013.648,31 y su financiamiento a trav\u00e9s de fondos del gobierno provincial.<\/p>\n\n\n\n<p>El Jefe Comunal agradeci\u00f3 al Gobernador Axel Kicillof y record\u00f3 que la provincia de Buenos Aires suma una cifra r\u00e9cord de centros educativos construidos en este per\u00edodo.<\/p>\n\n\n\n<p>En San Pedro a esta obra, se suma a la construcci\u00f3n del Jard\u00edn de Infantes N\u00b0919 y a otras obras de relevancia que se vienen llevando a cabo durante la gesti\u00f3n del Intendente Cecilio\u00a0Salazar.<\/p>\n\n\n\n<figure class=\"wp-block-image size-full\"><img decoding=\"async\" width=\"946\" height=\"630\" data-attachment-id=\"122952\" data-permalink=\"https:\/\/eldiariodesanpedro.com.ar\/sitio\/el-intendente-cecilio-salazar-firmo-el-contrato-para-la-construccion-del-jardin-de-infantes-n-914\/imagen-de-whatsapp-2023-10-05-a-las-19-10-03_1ccfbe8a\/\" data-orig-file=\"https:\/\/eldiariodesanpedro.com.ar\/sitio\/wp-content\/uploads\/2023\/10\/Imagen-de-WhatsApp-2023-10-05-a-las-19.10.03_1ccfbe8a.jpg\" data-orig-size=\"946,630\" data-comments-opened=\"0\" data-image-meta=\"{&quot;aperture&quot;:&quot;0&quot;,&quot;credit&quot;:&quot;&quot;,&quot;camera&quot;:&quot;&quot;,&quot;caption&quot;:&quot;&quot;,&quot;created_timestamp&quot;:&quot;0&quot;,&quot;copyright&quot;:&quot;&quot;,&quot;focal_length&quot;:&quot;0&quot;,&quot;iso&quot;:&quot;0&quot;,&quot;shutter_speed&quot;:&quot;0&quot;,&quot;title&quot;:&quot;&quot;,&quot;orientation&quot;:&quot;0&quot;}\" data-image-title=\"Imagen de WhatsApp 2023-10-05 a las 19.10.03_1ccfbe8a\" data-image-description=\"\" data-image-caption=\"\" data-large-file=\"https:\/\/eldiariodesanpedro.com.ar\/sitio\/wp-content\/uploads\/2023\/10\/Imagen-de-WhatsApp-2023-10-05-a-las-19.10.03_1ccfbe8a.jpg\" data-src=\"https:\/\/eldiariodesanpedro.com.ar\/sitio\/wp-content\/uploads\/2023\/10\/Imagen-de-WhatsApp-2023-10-05-a-las-19.10.03_1ccfbe8a.jpg\" alt=\"\" class=\"wp-image-122952 lazyload\" data-srcset=\"https:\/\/eldiariodesanpedro.com.ar\/sitio\/wp-content\/uploads\/2023\/10\/Imagen-de-WhatsApp-2023-10-05-a-las-19.10.03_1ccfbe8a.jpg 946w, https:\/\/eldiariodesanpedro.com.ar\/sitio\/wp-content\/uploads\/2023\/10\/Imagen-de-WhatsApp-2023-10-05-a-las-19.10.03_1ccfbe8a-300x200.jpg 300w, https:\/\/eldiariodesanpedro.com.ar\/sitio\/wp-content\/uploads\/2023\/10\/Imagen-de-WhatsApp-2023-10-05-a-las-19.10.03_1ccfbe8a-768x511.jpg 768w\" data-sizes=\"(max-width: 946px) 100vw, 946px\" src=\"data:image\/svg+xml;base64,PHN2ZyB3aWR0aD0iMSIgaGVpZ2h0PSIxIiB4bWxucz0iaHR0cDovL3d3dy53My5vcmcvMjAwMC9zdmciPjwvc3ZnPg==\" style=\"--smush-placeholder-width: 946px; --smush-placeholder-aspect-ratio: 946\/630;\" \/><\/figure>\n\n\n<div class=\"wp-block-image\">\n<figure class=\"aligncenter size-large\"><img decoding=\"async\" width=\"1024\" height=\"347\" data-attachment-id=\"122844\" data-permalink=\"https:\/\/eldiariodesanpedro.com.ar\/sitio\/fallecio-santiago-casas-el-motociclista-que-habia-chocado-con-un-patrullero\/imagen-de-whatsapp-2023-10-03-a-las-10-38-40_09841dc1-2\/\" data-orig-file=\"https:\/\/eldiariodesanpedro.com.ar\/sitio\/wp-content\/uploads\/2023\/10\/Imagen-de-WhatsApp-2023-10-03-a-las-10.38.40_09841dc1-1.jpg\" data-orig-size=\"1180,400\" data-comments-opened=\"0\" data-image-meta=\"{&quot;aperture&quot;:&quot;0&quot;,&quot;credit&quot;:&quot;&quot;,&quot;camera&quot;:&quot;&quot;,&quot;caption&quot;:&quot;&quot;,&quot;created_timestamp&quot;:&quot;0&quot;,&quot;copyright&quot;:&quot;&quot;,&quot;focal_length&quot;:&quot;0&quot;,&quot;iso&quot;:&quot;0&quot;,&quot;shutter_speed&quot;:&quot;0&quot;,&quot;title&quot;:&quot;&quot;,&quot;orientation&quot;:&quot;0&quot;}\" data-image-title=\"Cecilio intendente\" data-image-description=\"\" data-image-caption=\"\" data-large-file=\"https:\/\/eldiariodesanpedro.com.ar\/sitio\/wp-content\/uploads\/2023\/10\/Imagen-de-WhatsApp-2023-10-03-a-las-10.38.40_09841dc1-1-1024x347.jpg\" data-src=\"https:\/\/eldiariodesanpedro.com.ar\/sitio\/wp-content\/uploads\/2023\/10\/Imagen-de-WhatsApp-2023-10-03-a-las-10.38.40_09841dc1-1-1024x347.jpg\" alt=\"\" class=\"wp-image-122844 lazyload\" data-srcset=\"https:\/\/eldiariodesanpedro.com.ar\/sitio\/wp-content\/uploads\/2023\/10\/Imagen-de-WhatsApp-2023-10-03-a-las-10.38.40_09841dc1-1-1024x347.jpg 1024w, https:\/\/eldiariodesanpedro.com.ar\/sitio\/wp-content\/uploads\/2023\/10\/Imagen-de-WhatsApp-2023-10-03-a-las-10.38.40_09841dc1-1-300x102.jpg 300w, https:\/\/eldiariodesanpedro.com.ar\/sitio\/wp-content\/uploads\/2023\/10\/Imagen-de-WhatsApp-2023-10-03-a-las-10.38.40_09841dc1-1-768x260.jpg 768w, https:\/\/eldiariodesanpedro.com.ar\/sitio\/wp-content\/uploads\/2023\/10\/Imagen-de-WhatsApp-2023-10-03-a-las-10.38.40_09841dc1-1.jpg 1180w\" data-sizes=\"(max-width: 1024px) 100vw, 1024px\" src=\"data:image\/svg+xml;base64,PHN2ZyB3aWR0aD0iMSIgaGVpZ2h0PSIxIiB4bWxucz0iaHR0cDovL3d3dy53My5vcmcvMjAwMC9zdmciPjwvc3ZnPg==\" style=\"--smush-placeholder-width: 1024px; --smush-placeholder-aspect-ratio: 1024\/347;\" \/><\/figure>\n<\/div>\n\n<div class=\"wp-block-image\">\n<figure class=\"aligncenter size-full\"><img decoding=\"async\" width=\"800\" height=\"160\" data-attachment-id=\"122843\" data-permalink=\"https:\/\/eldiariodesanpedro.com.ar\/sitio\/fallecio-santiago-casas-el-motociclista-que-habia-chocado-con-un-patrullero\/banner-800x160-3\/\" data-orig-file=\"https:\/\/eldiariodesanpedro.com.ar\/sitio\/wp-content\/uploads\/2023\/10\/BANNER-800x160-3.jpg\" data-orig-size=\"800,160\" data-comments-opened=\"0\" data-image-meta=\"{&quot;aperture&quot;:&quot;0&quot;,&quot;credit&quot;:&quot;&quot;,&quot;camera&quot;:&quot;&quot;,&quot;caption&quot;:&quot;&quot;,&quot;created_timestamp&quot;:&quot;0&quot;,&quot;copyright&quot;:&quot;&quot;,&quot;focal_length&quot;:&quot;0&quot;,&quot;iso&quot;:&quot;0&quot;,&quot;shutter_speed&quot;:&quot;0&quot;,&quot;title&quot;:&quot;&quot;,&quot;orientation&quot;:&quot;1&quot;}\" data-image-title=\"Rey intendente\" data-image-description=\"\" data-image-caption=\"\" data-large-file=\"https:\/\/eldiariodesanpedro.com.ar\/sitio\/wp-content\/uploads\/2023\/10\/BANNER-800x160-3.jpg\" data-src=\"https:\/\/eldiariodesanpedro.com.ar\/sitio\/wp-content\/uploads\/2023\/10\/BANNER-800x160-3.jpg\" alt=\"\" class=\"wp-image-122843 lazyload\" data-srcset=\"https:\/\/eldiariodesanpedro.com.ar\/sitio\/wp-content\/uploads\/2023\/10\/BANNER-800x160-3.jpg 800w, https:\/\/eldiariodesanpedro.com.ar\/sitio\/wp-content\/uploads\/2023\/10\/BANNER-800x160-3-300x60.jpg 300w, https:\/\/eldiariodesanpedro.com.ar\/sitio\/wp-content\/uploads\/2023\/10\/BANNER-800x160-3-768x154.jpg 768w\" data-sizes=\"(max-width: 800px) 100vw, 800px\" src=\"data:image\/svg+xml;base64,PHN2ZyB3aWR0aD0iMSIgaGVpZ2h0PSIxIiB4bWxucz0iaHR0cDovL3d3dy53My5vcmcvMjAwMC9zdmciPjwvc3ZnPg==\" style=\"--smush-placeholder-width: 800px; --smush-placeholder-aspect-ratio: 800\/160;\" \/><\/figure>\n<\/div>\n\n<div class=\"wp-block-image\">\n<figure class=\"aligncenter size-full\"><img decoding=\"async\" width=\"800\" height=\"120\" data-attachment-id=\"122845\" data-permalink=\"https:\/\/eldiariodesanpedro.com.ar\/sitio\/fallecio-santiago-casas-el-motociclista-que-habia-chocado-con-un-patrullero\/damian-mosquera-1\/\" data-orig-file=\"https:\/\/eldiariodesanpedro.com.ar\/sitio\/wp-content\/uploads\/2023\/10\/Damian-Mosquera-1.jpg\" data-orig-size=\"800,120\" data-comments-opened=\"0\" data-image-meta=\"{&quot;aperture&quot;:&quot;0&quot;,&quot;credit&quot;:&quot;&quot;,&quot;camera&quot;:&quot;&quot;,&quot;caption&quot;:&quot;&quot;,&quot;created_timestamp&quot;:&quot;0&quot;,&quot;copyright&quot;:&quot;&quot;,&quot;focal_length&quot;:&quot;0&quot;,&quot;iso&quot;:&quot;0&quot;,&quot;shutter_speed&quot;:&quot;0&quot;,&quot;title&quot;:&quot;&quot;,&quot;orientation&quot;:&quot;0&quot;}\" data-image-title=\"Damian Mosquera\" data-image-description=\"\" data-image-caption=\"\" data-large-file=\"https:\/\/eldiariodesanpedro.com.ar\/sitio\/wp-content\/uploads\/2023\/10\/Damian-Mosquera-1.jpg\" data-src=\"https:\/\/eldiariodesanpedro.com.ar\/sitio\/wp-content\/uploads\/2023\/10\/Damian-Mosquera-1.jpg\" alt=\"\" class=\"wp-image-122845 lazyload\" data-srcset=\"https:\/\/eldiariodesanpedro.com.ar\/sitio\/wp-content\/uploads\/2023\/10\/Damian-Mosquera-1.jpg 800w, https:\/\/eldiariodesanpedro.com.ar\/sitio\/wp-content\/uploads\/2023\/10\/Damian-Mosquera-1-300x45.jpg 300w, https:\/\/eldiariodesanpedro.com.ar\/sitio\/wp-content\/uploads\/2023\/10\/Damian-Mosquera-1-768x115.jpg 768w\" data-sizes=\"(max-width: 800px) 100vw, 800px\" src=\"data:image\/svg+xml;base64,PHN2ZyB3aWR0aD0iMSIgaGVpZ2h0PSIxIiB4bWxucz0iaHR0cDovL3d3dy53My5vcmcvMjAwMC9zdmciPjwvc3ZnPg==\" style=\"--smush-placeholder-width: 800px; --smush-placeholder-aspect-ratio: 800\/120;\" \/><\/figure>\n<\/div>","protected":false},"excerpt":{"rendered":"<p>Esta ma\u00f1ana, el Intendente Municipal Cecilio Salazar y el Secretario de Obras, Planeamiento y Catastro, Dr. Javier Silva recibieron en el despacho oficial a Ra\u00fal Alberto Di Clemente, Socio Gerente de la empresa INDHAL S.R.L. para la firma del contrato de obra para la construcci\u00f3n del edificio del Jard\u00edn de Infantes N\u00b0 914 en un [&hellip;]<\/p>\n","protected":false},"author":4,"featured_media":122951,"comment_status":"closed","ping_status":"closed","sticky":false,"template":"","format":"standard","meta":{"om_disable_all_campaigns":false,"_jetpack_memberships_contains_paid_content":false,"footnotes":""},"categories":[50,101,2],"tags":[197,696,33,19],"class_list":["post-122950","post","type-post","status-publish","format-standard","has-post-thumbnail","hentry","category-destacadas","category-interes-general-locales","category-locales","tag-buenos-aires","tag-interes-general","tag-locales","tag-san-pedro"],"aioseo_notices":[],"gutentor_comment":0,"jetpack_featured_media_url":"https:\/\/eldiariodesanpedro.com.ar\/sitio\/wp-content\/uploads\/2023\/10\/Imagen-de-WhatsApp-2023-10-05-a-las-19.10.02_0a7bd908.jpg","jetpack_shortlink":"https:\/\/wp.me\/p6RhLt-vZ4","jetpack_sharing_enabled":true,"_links":{"self":[{"href":"https:\/\/eldiariodesanpedro.com.ar\/sitio\/wp-json\/wp\/v2\/posts\/122950","targetHints":{"allow":["GET"]}}],"collection":[{"href":"https:\/\/eldiariodesanpedro.com.ar\/sitio\/wp-json\/wp\/v2\/posts"}],"about":[{"href":"https:\/\/eldiariodesanpedro.com.ar\/sitio\/wp-json\/wp\/v2\/types\/post"}],"author":[{"embeddable":true,"href":"https:\/\/eldiariodesanpedro.com.ar\/sitio\/wp-json\/wp\/v2\/users\/4"}],"replies":[{"embeddable":true,"href":"https:\/\/eldiariodesanpedro.com.ar\/sitio\/wp-json\/wp\/v2\/comments?post=122950"}],"version-history":[{"count":1,"href":"https:\/\/eldiariodesanpedro.com.ar\/sitio\/wp-json\/wp\/v2\/posts\/122950\/revisions"}],"predecessor-version":[{"id":122955,"href":"https:\/\/eldiariodesanpedro.com.ar\/sitio\/wp-json\/wp\/v2\/posts\/122950\/revisions\/122955"}],"wp:featuredmedia":[{"embeddable":true,"href":"https:\/\/eldiariodesanpedro.com.ar\/sitio\/wp-json\/wp\/v2\/media\/122951"}],"wp:attachment":[{"href":"https:\/\/eldiariodesanpedro.com.ar\/sitio\/wp-json\/wp\/v2\/media?parent=122950"}],"wp:term":[{"taxonomy":"category","embeddable":true,"href":"https:\/\/eldiariodesanpedro.com.ar\/sitio\/wp-json\/wp\/v2\/categories?post=122950"},{"taxonomy":"post_tag","embeddable":true,"href":"https:\/\/eldiariodesanpedro.com.ar\/sitio\/wp-json\/wp\/v2\/tags?post=122950"}],"curies":[{"name":"wp","href":"https:\/\/api.w.org\/{rel}","templated":true}]}}