{"id":122943,"date":"2023-10-06T13:06:36","date_gmt":"2023-10-06T16:06:36","guid":{"rendered":"https:\/\/eldiariodesanpedro.com.ar\/sitio\/?p=122943"},"modified":"2023-10-06T13:10:56","modified_gmt":"2023-10-06T16:10:56","slug":"edicto-de-sucesion-de-de-antoni-osvaldo-angel","status":"publish","type":"post","link":"https:\/\/eldiariodesanpedro.com.ar\/sitio\/edicto-de-sucesion-de-de-antoni-osvaldo-angel\/","title":{"rendered":"Edicto de Sucesi\u00f3n de De Antoni Osvaldo Angel"},"content":{"rendered":"<!-- VideographyWP Plugin Message: Automatic video embedding prevented by plugin options. -->\n\n<p>El Juzgado en lo Civil y Comercial Nro. 2, a cargo del Dr Jose Ricardo Eseverri, Secretar\u00eda \u00danica, del Departamento Judicial de San Nicol\u00e1s cita y emplaza por treinta (30) d\u00edas a herederos y acreedores de <strong>De Antoni Osvaldo Angel<\/strong>. San Nicol\u00e1s, 05 de octubre de 2023.<\/p>\n\n\n\n<p>MARCELO COLOMBO\u00a0<br>AUXILIAR LETRADO<\/p>\n\n\n\n<p>(Publicaci\u00f3n V\u00e1lida los d\u00edas 06, 07 y 08 de octubre de 2023)<br><a href=\"https:\/\/notificaciones.scba.gov.ar\/verificarnotificacion.aspx?codNotif=8CZ12F1V5RA7\">https:\/\/notificaciones.scba.gov.ar\/verificarnotificacion.aspx?codNotif=8CZ12F1V5RA7<\/a><\/p>\n","protected":false},"excerpt":{"rendered":"<p>El Juzgado en lo Civil y Comercial Nro. 2, a cargo del Dr Jose Ricardo Eseverri, Secretar\u00eda \u00danica, del Departamento Judicial de San Nicol\u00e1s cita y emplaza por treinta (30) d\u00edas a herederos y acreedores de De Antoni Osvaldo Angel. San Nicol\u00e1s, 05 de octubre de 2023. MARCELO COLOMBO\u00a0AUXILIAR LETRADO (Publicaci\u00f3n V\u00e1lida los d\u00edas 06, [&hellip;]<\/p>\n","protected":false},"author":4,"featured_media":102746,"comment_status":"closed","ping_status":"closed","sticky":false,"template":"","format":"standard","meta":{"om_disable_all_campaigns":false,"_jetpack_memberships_contains_paid_content":false,"footnotes":""},"categories":[676,677],"tags":[197,4530,33,19],"class_list":["post-122943","post","type-post","status-publish","format-standard","has-post-thumbnail","hentry","category-edictos","category-edictos-sucesorios","tag-buenos-aires","tag-edicto-de-sucesion-de-de-antoni-osvaldo-angel","tag-locales","tag-san-pedro"],"aioseo_notices":[],"gutentor_comment":0,"jetpack_featured_media_url":"https:\/\/eldiariodesanpedro.com.ar\/sitio\/wp-content\/uploads\/2022\/01\/EDICTO.jpg","jetpack_shortlink":"https:\/\/wp.me\/p6RhLt-vYX","jetpack_sharing_enabled":true,"_links":{"self":[{"href":"https:\/\/eldiariodesanpedro.com.ar\/sitio\/wp-json\/wp\/v2\/posts\/122943","targetHints":{"allow":["GET"]}}],"collection":[{"href":"https:\/\/eldiariodesanpedro.com.ar\/sitio\/wp-json\/wp\/v2\/posts"}],"about":[{"href":"https:\/\/eldiariodesanpedro.com.ar\/sitio\/wp-json\/wp\/v2\/types\/post"}],"author":[{"embeddable":true,"href":"https:\/\/eldiariodesanpedro.com.ar\/sitio\/wp-json\/wp\/v2\/users\/4"}],"replies":[{"embeddable":true,"href":"https:\/\/eldiariodesanpedro.com.ar\/sitio\/wp-json\/wp\/v2\/comments?post=122943"}],"version-history":[{"count":1,"href":"https:\/\/eldiariodesanpedro.com.ar\/sitio\/wp-json\/wp\/v2\/posts\/122943\/revisions"}],"predecessor-version":[{"id":122944,"href":"https:\/\/eldiariodesanpedro.com.ar\/sitio\/wp-json\/wp\/v2\/posts\/122943\/revisions\/122944"}],"wp:featuredmedia":[{"embeddable":true,"href":"https:\/\/eldiariodesanpedro.com.ar\/sitio\/wp-json\/wp\/v2\/media\/102746"}],"wp:attachment":[{"href":"https:\/\/eldiariodesanpedro.com.ar\/sitio\/wp-json\/wp\/v2\/media?parent=122943"}],"wp:term":[{"taxonomy":"category","embeddable":true,"href":"https:\/\/eldiariodesanpedro.com.ar\/sitio\/wp-json\/wp\/v2\/categories?post=122943"},{"taxonomy":"post_tag","embeddable":true,"href":"https:\/\/eldiariodesanpedro.com.ar\/sitio\/wp-json\/wp\/v2\/tags?post=122943"}],"curies":[{"name":"wp","href":"https:\/\/api.w.org\/{rel}","templated":true}]}}