{"id":122928,"date":"2023-10-05T14:00:55","date_gmt":"2023-10-05T17:00:55","guid":{"rendered":"https:\/\/eldiariodesanpedro.com.ar\/sitio\/?p=122928"},"modified":"2023-10-05T14:00:58","modified_gmt":"2023-10-05T17:00:58","slug":"recuperan-una-motocicleta-conducida-por-un-menor-con-pedido-de-secuestro","status":"publish","type":"post","link":"https:\/\/eldiariodesanpedro.com.ar\/sitio\/recuperan-una-motocicleta-conducida-por-un-menor-con-pedido-de-secuestro\/","title":{"rendered":"Recuperan una motocicleta conducida por un menor con pedido de secuestro"},"content":{"rendered":"<!-- VideographyWP Plugin Message: Automatic video embedding prevented by plugin options. -->\n\n<p>En la madrugada de este jueves, miembros del grupo especial GTO llevaron a cabo una intervenci\u00f3n en un domicilio de nuestra localidad, resultando en la detenci\u00f3n de un joven de 16 a\u00f1os. <\/p>\n\n\n\n<p>El individuo fue encontrado en posesi\u00f3n de una motocicleta que figuraba como objeto de b\u00fasqueda, la cual hab\u00eda sido robada d\u00edas atr\u00e1s a un ciudadano de 31 a\u00f1os.<\/p>\n","protected":false},"excerpt":{"rendered":"<p>En la madrugada de este jueves, miembros del grupo especial GTO llevaron a cabo una intervenci\u00f3n en un domicilio de nuestra localidad, resultando en la detenci\u00f3n de un joven de 16 a\u00f1os. El individuo fue encontrado en posesi\u00f3n de una motocicleta que figuraba como objeto de b\u00fasqueda, la cual hab\u00eda sido robada d\u00edas atr\u00e1s a [&hellip;]<\/p>\n","protected":false},"author":4,"featured_media":122929,"comment_status":"closed","ping_status":"closed","sticky":false,"template":"","format":"standard","meta":{"om_disable_all_campaigns":false,"_jetpack_memberships_contains_paid_content":false,"footnotes":""},"categories":[2,103],"tags":[197,33,95,19],"class_list":["post-122928","post","type-post","status-publish","format-standard","has-post-thumbnail","hentry","category-locales","category-policiales-locales","tag-buenos-aires","tag-locales","tag-policiales","tag-san-pedro"],"aioseo_notices":[],"gutentor_comment":0,"jetpack_featured_media_url":"https:\/\/eldiariodesanpedro.com.ar\/sitio\/wp-content\/uploads\/2023\/10\/medida-7.png","jetpack_shortlink":"https:\/\/wp.me\/p6RhLt-vYI","jetpack_sharing_enabled":true,"_links":{"self":[{"href":"https:\/\/eldiariodesanpedro.com.ar\/sitio\/wp-json\/wp\/v2\/posts\/122928","targetHints":{"allow":["GET"]}}],"collection":[{"href":"https:\/\/eldiariodesanpedro.com.ar\/sitio\/wp-json\/wp\/v2\/posts"}],"about":[{"href":"https:\/\/eldiariodesanpedro.com.ar\/sitio\/wp-json\/wp\/v2\/types\/post"}],"author":[{"embeddable":true,"href":"https:\/\/eldiariodesanpedro.com.ar\/sitio\/wp-json\/wp\/v2\/users\/4"}],"replies":[{"embeddable":true,"href":"https:\/\/eldiariodesanpedro.com.ar\/sitio\/wp-json\/wp\/v2\/comments?post=122928"}],"version-history":[{"count":1,"href":"https:\/\/eldiariodesanpedro.com.ar\/sitio\/wp-json\/wp\/v2\/posts\/122928\/revisions"}],"predecessor-version":[{"id":122930,"href":"https:\/\/eldiariodesanpedro.com.ar\/sitio\/wp-json\/wp\/v2\/posts\/122928\/revisions\/122930"}],"wp:featuredmedia":[{"embeddable":true,"href":"https:\/\/eldiariodesanpedro.com.ar\/sitio\/wp-json\/wp\/v2\/media\/122929"}],"wp:attachment":[{"href":"https:\/\/eldiariodesanpedro.com.ar\/sitio\/wp-json\/wp\/v2\/media?parent=122928"}],"wp:term":[{"taxonomy":"category","embeddable":true,"href":"https:\/\/eldiariodesanpedro.com.ar\/sitio\/wp-json\/wp\/v2\/categories?post=122928"},{"taxonomy":"post_tag","embeddable":true,"href":"https:\/\/eldiariodesanpedro.com.ar\/sitio\/wp-json\/wp\/v2\/tags?post=122928"}],"curies":[{"name":"wp","href":"https:\/\/api.w.org\/{rel}","templated":true}]}}