{"id":122925,"date":"2023-10-05T13:07:17","date_gmt":"2023-10-05T16:07:17","guid":{"rendered":"https:\/\/eldiariodesanpedro.com.ar\/sitio\/?p=122925"},"modified":"2023-10-05T13:07:19","modified_gmt":"2023-10-05T16:07:19","slug":"la-policia-recupero-una-motocicleta-que-habia-sido-robada-momentos-antes","status":"publish","type":"post","link":"https:\/\/eldiariodesanpedro.com.ar\/sitio\/la-policia-recupero-una-motocicleta-que-habia-sido-robada-momentos-antes\/","title":{"rendered":"La polic\u00eda recuper\u00f3 una motocicleta que hab\u00eda sido robada momentos antes"},"content":{"rendered":"<!-- VideographyWP Plugin Message: Automatic video embedding prevented by plugin options. -->\n\n<p>Ayer, un ciudadano inform\u00f3 a la comisar\u00eda de San Pedro sobre el robo de un ciclomotor Zanella Sol. Poco tiempo despu\u00e9s, el personal policial avist\u00f3 el veh\u00edculo en la v\u00eda p\u00fablica, siendo conducido por un menor de edad. <\/p>\n\n\n\n<p>La polic\u00eda procedi\u00f3 a la aprehension del joven y al secuestro del ciclomotor, que fue identificado por la v\u00edctima del robo.<\/p>\n","protected":false},"excerpt":{"rendered":"<p>Ayer, un ciudadano inform\u00f3 a la comisar\u00eda de San Pedro sobre el robo de un ciclomotor Zanella Sol. Poco tiempo despu\u00e9s, el personal policial avist\u00f3 el veh\u00edculo en la v\u00eda p\u00fablica, siendo conducido por un menor de edad. La polic\u00eda procedi\u00f3 a la aprehension del joven y al secuestro del ciclomotor, que fue identificado por [&hellip;]<\/p>\n","protected":false},"author":4,"featured_media":122926,"comment_status":"closed","ping_status":"closed","sticky":false,"template":"","format":"standard","meta":{"om_disable_all_campaigns":false,"_jetpack_memberships_contains_paid_content":false,"footnotes":""},"categories":[2,103],"tags":[197,33,95,19],"class_list":["post-122925","post","type-post","status-publish","format-standard","has-post-thumbnail","hentry","category-locales","category-policiales-locales","tag-buenos-aires","tag-locales","tag-policiales","tag-san-pedro"],"aioseo_notices":[],"gutentor_comment":0,"jetpack_featured_media_url":"https:\/\/eldiariodesanpedro.com.ar\/sitio\/wp-content\/uploads\/2023\/10\/medida-6.png","jetpack_shortlink":"https:\/\/wp.me\/p6RhLt-vYF","jetpack_sharing_enabled":true,"_links":{"self":[{"href":"https:\/\/eldiariodesanpedro.com.ar\/sitio\/wp-json\/wp\/v2\/posts\/122925","targetHints":{"allow":["GET"]}}],"collection":[{"href":"https:\/\/eldiariodesanpedro.com.ar\/sitio\/wp-json\/wp\/v2\/posts"}],"about":[{"href":"https:\/\/eldiariodesanpedro.com.ar\/sitio\/wp-json\/wp\/v2\/types\/post"}],"author":[{"embeddable":true,"href":"https:\/\/eldiariodesanpedro.com.ar\/sitio\/wp-json\/wp\/v2\/users\/4"}],"replies":[{"embeddable":true,"href":"https:\/\/eldiariodesanpedro.com.ar\/sitio\/wp-json\/wp\/v2\/comments?post=122925"}],"version-history":[{"count":1,"href":"https:\/\/eldiariodesanpedro.com.ar\/sitio\/wp-json\/wp\/v2\/posts\/122925\/revisions"}],"predecessor-version":[{"id":122927,"href":"https:\/\/eldiariodesanpedro.com.ar\/sitio\/wp-json\/wp\/v2\/posts\/122925\/revisions\/122927"}],"wp:featuredmedia":[{"embeddable":true,"href":"https:\/\/eldiariodesanpedro.com.ar\/sitio\/wp-json\/wp\/v2\/media\/122926"}],"wp:attachment":[{"href":"https:\/\/eldiariodesanpedro.com.ar\/sitio\/wp-json\/wp\/v2\/media?parent=122925"}],"wp:term":[{"taxonomy":"category","embeddable":true,"href":"https:\/\/eldiariodesanpedro.com.ar\/sitio\/wp-json\/wp\/v2\/categories?post=122925"},{"taxonomy":"post_tag","embeddable":true,"href":"https:\/\/eldiariodesanpedro.com.ar\/sitio\/wp-json\/wp\/v2\/tags?post=122925"}],"curies":[{"name":"wp","href":"https:\/\/api.w.org\/{rel}","templated":true}]}}