{"id":122922,"date":"2023-10-05T12:56:41","date_gmt":"2023-10-05T15:56:41","guid":{"rendered":"https:\/\/eldiariodesanpedro.com.ar\/sitio\/?p=122922"},"modified":"2023-10-05T12:56:43","modified_gmt":"2023-10-05T15:56:43","slug":"un-delincuente-aprehendido-tras-ingresar-a-robar-en-un-domicilio","status":"publish","type":"post","link":"https:\/\/eldiariodesanpedro.com.ar\/sitio\/un-delincuente-aprehendido-tras-ingresar-a-robar-en-un-domicilio\/","title":{"rendered":"Un delincuente aprehendido tras ingresar a robar en un domicilio"},"content":{"rendered":"<!-- VideographyWP Plugin Message: Automatic video embedding prevented by plugin options. -->\n\n<p>En el transcurso del mi\u00e9rcoles pasado, los agentes de la comisar\u00eda local detuvieron a un individuo adulto que hab\u00eda entrado ilegalmente a una residencia y sustra\u00eddo objetos como una garrafa . <\/p>\n\n\n\n<p>El individuo fue informado sobre la apertura de la causa y permanece bajo custodia en la comisar\u00eda mientras aguarda las instrucciones de la fiscal\u00eda local.<\/p>\n","protected":false},"excerpt":{"rendered":"<p>En el transcurso del mi\u00e9rcoles pasado, los agentes de la comisar\u00eda local detuvieron a un individuo adulto que hab\u00eda entrado ilegalmente a una residencia y sustra\u00eddo objetos como una garrafa . El individuo fue informado sobre la apertura de la causa y permanece bajo custodia en la comisar\u00eda mientras aguarda las instrucciones de la fiscal\u00eda [&hellip;]<\/p>\n","protected":false},"author":4,"featured_media":122923,"comment_status":"closed","ping_status":"closed","sticky":false,"template":"","format":"standard","meta":{"om_disable_all_campaigns":false,"_jetpack_memberships_contains_paid_content":false,"footnotes":""},"categories":[101,2],"tags":[197,696,33,19],"class_list":["post-122922","post","type-post","status-publish","format-standard","has-post-thumbnail","hentry","category-interes-general-locales","category-locales","tag-buenos-aires","tag-interes-general","tag-locales","tag-san-pedro"],"aioseo_notices":[],"gutentor_comment":0,"jetpack_featured_media_url":"https:\/\/eldiariodesanpedro.com.ar\/sitio\/wp-content\/uploads\/2023\/10\/medida-5.png","jetpack_shortlink":"https:\/\/wp.me\/p6RhLt-vYC","jetpack_sharing_enabled":true,"_links":{"self":[{"href":"https:\/\/eldiariodesanpedro.com.ar\/sitio\/wp-json\/wp\/v2\/posts\/122922","targetHints":{"allow":["GET"]}}],"collection":[{"href":"https:\/\/eldiariodesanpedro.com.ar\/sitio\/wp-json\/wp\/v2\/posts"}],"about":[{"href":"https:\/\/eldiariodesanpedro.com.ar\/sitio\/wp-json\/wp\/v2\/types\/post"}],"author":[{"embeddable":true,"href":"https:\/\/eldiariodesanpedro.com.ar\/sitio\/wp-json\/wp\/v2\/users\/4"}],"replies":[{"embeddable":true,"href":"https:\/\/eldiariodesanpedro.com.ar\/sitio\/wp-json\/wp\/v2\/comments?post=122922"}],"version-history":[{"count":1,"href":"https:\/\/eldiariodesanpedro.com.ar\/sitio\/wp-json\/wp\/v2\/posts\/122922\/revisions"}],"predecessor-version":[{"id":122924,"href":"https:\/\/eldiariodesanpedro.com.ar\/sitio\/wp-json\/wp\/v2\/posts\/122922\/revisions\/122924"}],"wp:featuredmedia":[{"embeddable":true,"href":"https:\/\/eldiariodesanpedro.com.ar\/sitio\/wp-json\/wp\/v2\/media\/122923"}],"wp:attachment":[{"href":"https:\/\/eldiariodesanpedro.com.ar\/sitio\/wp-json\/wp\/v2\/media?parent=122922"}],"wp:term":[{"taxonomy":"category","embeddable":true,"href":"https:\/\/eldiariodesanpedro.com.ar\/sitio\/wp-json\/wp\/v2\/categories?post=122922"},{"taxonomy":"post_tag","embeddable":true,"href":"https:\/\/eldiariodesanpedro.com.ar\/sitio\/wp-json\/wp\/v2\/tags?post=122922"}],"curies":[{"name":"wp","href":"https:\/\/api.w.org\/{rel}","templated":true}]}}