{"id":122919,"date":"2023-10-05T12:43:11","date_gmt":"2023-10-05T15:43:11","guid":{"rendered":"https:\/\/eldiariodesanpedro.com.ar\/sitio\/?p=122919"},"modified":"2023-10-05T12:43:14","modified_gmt":"2023-10-05T15:43:14","slug":"se-recupero-una-motocicleta-robada-dias-atras","status":"publish","type":"post","link":"https:\/\/eldiariodesanpedro.com.ar\/sitio\/se-recupero-una-motocicleta-robada-dias-atras\/","title":{"rendered":"Se recuper\u00f3 una motocicleta robada d\u00edas atr\u00e1s"},"content":{"rendered":"<!-- VideographyWP Plugin Message: Automatic video embedding prevented by plugin options. -->\n\n<p>Una moto que hab\u00eda sido robada a un residente de esta localidad en d\u00edas previos ha sido recuperada. <\/p>\n\n\n\n<p>Ayer, se llev\u00f3 a cabo la detenci\u00f3n de un individuo que ten\u00eda en su posesi\u00f3n una moto con un pedido de secuestro activo por un robo ocurrido el 1 de octubre. Se le notific\u00f3 sobre la formaci\u00f3n del caso.<\/p>\n","protected":false},"excerpt":{"rendered":"<p>Una moto que hab\u00eda sido robada a un residente de esta localidad en d\u00edas previos ha sido recuperada. Ayer, se llev\u00f3 a cabo la detenci\u00f3n de un individuo que ten\u00eda en su posesi\u00f3n una moto con un pedido de secuestro activo por un robo ocurrido el 1 de octubre. Se le notific\u00f3 sobre la formaci\u00f3n [&hellip;]<\/p>\n","protected":false},"author":4,"featured_media":122920,"comment_status":"closed","ping_status":"closed","sticky":false,"template":"","format":"standard","meta":{"om_disable_all_campaigns":false,"_jetpack_memberships_contains_paid_content":false,"footnotes":""},"categories":[2,103],"tags":[197,33,95,19],"class_list":["post-122919","post","type-post","status-publish","format-standard","has-post-thumbnail","hentry","category-locales","category-policiales-locales","tag-buenos-aires","tag-locales","tag-policiales","tag-san-pedro"],"aioseo_notices":[],"gutentor_comment":0,"jetpack_featured_media_url":"https:\/\/eldiariodesanpedro.com.ar\/sitio\/wp-content\/uploads\/2023\/10\/medida-4.png","jetpack_shortlink":"https:\/\/wp.me\/p6RhLt-vYz","jetpack_sharing_enabled":true,"_links":{"self":[{"href":"https:\/\/eldiariodesanpedro.com.ar\/sitio\/wp-json\/wp\/v2\/posts\/122919","targetHints":{"allow":["GET"]}}],"collection":[{"href":"https:\/\/eldiariodesanpedro.com.ar\/sitio\/wp-json\/wp\/v2\/posts"}],"about":[{"href":"https:\/\/eldiariodesanpedro.com.ar\/sitio\/wp-json\/wp\/v2\/types\/post"}],"author":[{"embeddable":true,"href":"https:\/\/eldiariodesanpedro.com.ar\/sitio\/wp-json\/wp\/v2\/users\/4"}],"replies":[{"embeddable":true,"href":"https:\/\/eldiariodesanpedro.com.ar\/sitio\/wp-json\/wp\/v2\/comments?post=122919"}],"version-history":[{"count":1,"href":"https:\/\/eldiariodesanpedro.com.ar\/sitio\/wp-json\/wp\/v2\/posts\/122919\/revisions"}],"predecessor-version":[{"id":122921,"href":"https:\/\/eldiariodesanpedro.com.ar\/sitio\/wp-json\/wp\/v2\/posts\/122919\/revisions\/122921"}],"wp:featuredmedia":[{"embeddable":true,"href":"https:\/\/eldiariodesanpedro.com.ar\/sitio\/wp-json\/wp\/v2\/media\/122920"}],"wp:attachment":[{"href":"https:\/\/eldiariodesanpedro.com.ar\/sitio\/wp-json\/wp\/v2\/media?parent=122919"}],"wp:term":[{"taxonomy":"category","embeddable":true,"href":"https:\/\/eldiariodesanpedro.com.ar\/sitio\/wp-json\/wp\/v2\/categories?post=122919"},{"taxonomy":"post_tag","embeddable":true,"href":"https:\/\/eldiariodesanpedro.com.ar\/sitio\/wp-json\/wp\/v2\/tags?post=122919"}],"curies":[{"name":"wp","href":"https:\/\/api.w.org\/{rel}","templated":true}]}}