{"id":122913,"date":"2023-10-05T12:18:32","date_gmt":"2023-10-05T15:18:32","guid":{"rendered":"https:\/\/eldiariodesanpedro.com.ar\/sitio\/?p=122913"},"modified":"2023-10-05T12:18:34","modified_gmt":"2023-10-05T15:18:34","slug":"el-cens-452-presento-el-proyecto-san-pedro-y-su-ambiente","status":"publish","type":"post","link":"https:\/\/eldiariodesanpedro.com.ar\/sitio\/el-cens-452-presento-el-proyecto-san-pedro-y-su-ambiente\/","title":{"rendered":"El CENS 452 present\u00f3 el proyecto \u00abSan Pedro y su ambiente\u00bb"},"content":{"rendered":"<!-- VideographyWP Plugin Message: Automatic video embedding prevented by plugin options. -->\n\n<p>En una destacada iniciativa, el Centro de Educaci\u00f3n Secundaria para Adultos (CENS) 452 llev\u00f3 a cabo el pasado mi\u00e9rcoles una actividad centrada en la presentaci\u00f3n del proyecto transdisciplinario titulado \u00abSan Pedro y su ambiente\u00bb.<\/p>\n\n\n\n<p>El proyecto \u00abSan Pedro y su ambiente\u00bb tiene como objetivo principal explorar las relaciones entre la comunidad de San Pedro y su entorno ambiental, fomentando la conciencia ecol\u00f3gica y promoviendo pr\u00e1cticas sustentables dentro de la comunidad local.<\/p>\n\n\n\n<p>El evento cont\u00f3 con la participaci\u00f3n del Secretario de Gobierno, Mart\u00edn Baraybar, el Director de Medio Ambiente, Gustavo Sol\u00e1 y la Directora de Educaci\u00f3n, Mariana Toscanini quienes respaldaron la propuesta y destacaron la importancia de integrar a la comunidad en proyectos educativos que aborden tem\u00e1ticas ambientales que vayan en concordancia con las gestiones ambientales que se vienen llevando adelante desde el gobierno que encabeza el Intendente Cecilio\u00a0Salazar.<\/p>\n\n\n\n<figure class=\"wp-block-image size-full\"><img decoding=\"async\" width=\"946\" height=\"630\" data-attachment-id=\"122915\" data-permalink=\"https:\/\/eldiariodesanpedro.com.ar\/sitio\/el-cens-452-presento-el-proyecto-san-pedro-y-su-ambiente\/imagen-de-whatsapp-2023-10-05-a-las-10-37-57_764c1695\/\" data-orig-file=\"https:\/\/eldiariodesanpedro.com.ar\/sitio\/wp-content\/uploads\/2023\/10\/Imagen-de-WhatsApp-2023-10-05-a-las-10.37.57_764c1695.jpg\" data-orig-size=\"946,630\" data-comments-opened=\"0\" data-image-meta=\"{&quot;aperture&quot;:&quot;0&quot;,&quot;credit&quot;:&quot;&quot;,&quot;camera&quot;:&quot;&quot;,&quot;caption&quot;:&quot;&quot;,&quot;created_timestamp&quot;:&quot;0&quot;,&quot;copyright&quot;:&quot;&quot;,&quot;focal_length&quot;:&quot;0&quot;,&quot;iso&quot;:&quot;0&quot;,&quot;shutter_speed&quot;:&quot;0&quot;,&quot;title&quot;:&quot;&quot;,&quot;orientation&quot;:&quot;0&quot;}\" data-image-title=\"Imagen de WhatsApp 2023-10-05 a las 10.37.57_764c1695\" data-image-description=\"\" data-image-caption=\"\" data-large-file=\"https:\/\/eldiariodesanpedro.com.ar\/sitio\/wp-content\/uploads\/2023\/10\/Imagen-de-WhatsApp-2023-10-05-a-las-10.37.57_764c1695.jpg\" data-src=\"https:\/\/eldiariodesanpedro.com.ar\/sitio\/wp-content\/uploads\/2023\/10\/Imagen-de-WhatsApp-2023-10-05-a-las-10.37.57_764c1695.jpg\" alt=\"\" class=\"wp-image-122915 lazyload\" data-srcset=\"https:\/\/eldiariodesanpedro.com.ar\/sitio\/wp-content\/uploads\/2023\/10\/Imagen-de-WhatsApp-2023-10-05-a-las-10.37.57_764c1695.jpg 946w, https:\/\/eldiariodesanpedro.com.ar\/sitio\/wp-content\/uploads\/2023\/10\/Imagen-de-WhatsApp-2023-10-05-a-las-10.37.57_764c1695-300x200.jpg 300w, https:\/\/eldiariodesanpedro.com.ar\/sitio\/wp-content\/uploads\/2023\/10\/Imagen-de-WhatsApp-2023-10-05-a-las-10.37.57_764c1695-768x511.jpg 768w\" data-sizes=\"(max-width: 946px) 100vw, 946px\" src=\"data:image\/svg+xml;base64,PHN2ZyB3aWR0aD0iMSIgaGVpZ2h0PSIxIiB4bWxucz0iaHR0cDovL3d3dy53My5vcmcvMjAwMC9zdmciPjwvc3ZnPg==\" style=\"--smush-placeholder-width: 946px; --smush-placeholder-aspect-ratio: 946\/630;\" \/><\/figure>\n\n\n\n<figure class=\"wp-block-image size-full\"><img decoding=\"async\" width=\"946\" height=\"630\" data-attachment-id=\"122917\" data-permalink=\"https:\/\/eldiariodesanpedro.com.ar\/sitio\/el-cens-452-presento-el-proyecto-san-pedro-y-su-ambiente\/imagen-de-whatsapp-2023-10-05-a-las-10-37-58_48783461\/\" data-orig-file=\"https:\/\/eldiariodesanpedro.com.ar\/sitio\/wp-content\/uploads\/2023\/10\/Imagen-de-WhatsApp-2023-10-05-a-las-10.37.58_48783461.jpg\" data-orig-size=\"946,630\" data-comments-opened=\"0\" data-image-meta=\"{&quot;aperture&quot;:&quot;0&quot;,&quot;credit&quot;:&quot;&quot;,&quot;camera&quot;:&quot;&quot;,&quot;caption&quot;:&quot;&quot;,&quot;created_timestamp&quot;:&quot;0&quot;,&quot;copyright&quot;:&quot;&quot;,&quot;focal_length&quot;:&quot;0&quot;,&quot;iso&quot;:&quot;0&quot;,&quot;shutter_speed&quot;:&quot;0&quot;,&quot;title&quot;:&quot;&quot;,&quot;orientation&quot;:&quot;0&quot;}\" data-image-title=\"Imagen de WhatsApp 2023-10-05 a las 10.37.58_48783461\" data-image-description=\"\" data-image-caption=\"\" data-large-file=\"https:\/\/eldiariodesanpedro.com.ar\/sitio\/wp-content\/uploads\/2023\/10\/Imagen-de-WhatsApp-2023-10-05-a-las-10.37.58_48783461.jpg\" data-src=\"https:\/\/eldiariodesanpedro.com.ar\/sitio\/wp-content\/uploads\/2023\/10\/Imagen-de-WhatsApp-2023-10-05-a-las-10.37.58_48783461.jpg\" alt=\"\" class=\"wp-image-122917 lazyload\" data-srcset=\"https:\/\/eldiariodesanpedro.com.ar\/sitio\/wp-content\/uploads\/2023\/10\/Imagen-de-WhatsApp-2023-10-05-a-las-10.37.58_48783461.jpg 946w, https:\/\/eldiariodesanpedro.com.ar\/sitio\/wp-content\/uploads\/2023\/10\/Imagen-de-WhatsApp-2023-10-05-a-las-10.37.58_48783461-300x200.jpg 300w, https:\/\/eldiariodesanpedro.com.ar\/sitio\/wp-content\/uploads\/2023\/10\/Imagen-de-WhatsApp-2023-10-05-a-las-10.37.58_48783461-768x511.jpg 768w\" data-sizes=\"(max-width: 946px) 100vw, 946px\" src=\"data:image\/svg+xml;base64,PHN2ZyB3aWR0aD0iMSIgaGVpZ2h0PSIxIiB4bWxucz0iaHR0cDovL3d3dy53My5vcmcvMjAwMC9zdmciPjwvc3ZnPg==\" style=\"--smush-placeholder-width: 946px; --smush-placeholder-aspect-ratio: 946\/630;\" \/><\/figure>\n","protected":false},"excerpt":{"rendered":"<p>En una destacada iniciativa, el Centro de Educaci\u00f3n Secundaria para Adultos (CENS) 452 llev\u00f3 a cabo el pasado mi\u00e9rcoles una actividad centrada en la presentaci\u00f3n del proyecto transdisciplinario titulado \u00abSan Pedro y su ambiente\u00bb. El proyecto \u00abSan Pedro y su ambiente\u00bb tiene como objetivo principal explorar las relaciones entre la comunidad de San Pedro y [&hellip;]<\/p>\n","protected":false},"author":4,"featured_media":122916,"comment_status":"closed","ping_status":"closed","sticky":false,"template":"","format":"standard","meta":{"om_disable_all_campaigns":false,"_jetpack_memberships_contains_paid_content":false,"footnotes":""},"categories":[50,101,2],"tags":[],"class_list":["post-122913","post","type-post","status-publish","format-standard","has-post-thumbnail","hentry","category-destacadas","category-interes-general-locales","category-locales"],"aioseo_notices":[],"gutentor_comment":0,"jetpack_featured_media_url":"https:\/\/eldiariodesanpedro.com.ar\/sitio\/wp-content\/uploads\/2023\/10\/Imagen-de-WhatsApp-2023-10-05-a-las-10.37.58_5ec349b9.jpg","jetpack_shortlink":"https:\/\/wp.me\/p6RhLt-vYt","jetpack_sharing_enabled":true,"_links":{"self":[{"href":"https:\/\/eldiariodesanpedro.com.ar\/sitio\/wp-json\/wp\/v2\/posts\/122913","targetHints":{"allow":["GET"]}}],"collection":[{"href":"https:\/\/eldiariodesanpedro.com.ar\/sitio\/wp-json\/wp\/v2\/posts"}],"about":[{"href":"https:\/\/eldiariodesanpedro.com.ar\/sitio\/wp-json\/wp\/v2\/types\/post"}],"author":[{"embeddable":true,"href":"https:\/\/eldiariodesanpedro.com.ar\/sitio\/wp-json\/wp\/v2\/users\/4"}],"replies":[{"embeddable":true,"href":"https:\/\/eldiariodesanpedro.com.ar\/sitio\/wp-json\/wp\/v2\/comments?post=122913"}],"version-history":[{"count":1,"href":"https:\/\/eldiariodesanpedro.com.ar\/sitio\/wp-json\/wp\/v2\/posts\/122913\/revisions"}],"predecessor-version":[{"id":122918,"href":"https:\/\/eldiariodesanpedro.com.ar\/sitio\/wp-json\/wp\/v2\/posts\/122913\/revisions\/122918"}],"wp:featuredmedia":[{"embeddable":true,"href":"https:\/\/eldiariodesanpedro.com.ar\/sitio\/wp-json\/wp\/v2\/media\/122916"}],"wp:attachment":[{"href":"https:\/\/eldiariodesanpedro.com.ar\/sitio\/wp-json\/wp\/v2\/media?parent=122913"}],"wp:term":[{"taxonomy":"category","embeddable":true,"href":"https:\/\/eldiariodesanpedro.com.ar\/sitio\/wp-json\/wp\/v2\/categories?post=122913"},{"taxonomy":"post_tag","embeddable":true,"href":"https:\/\/eldiariodesanpedro.com.ar\/sitio\/wp-json\/wp\/v2\/tags?post=122913"}],"curies":[{"name":"wp","href":"https:\/\/api.w.org\/{rel}","templated":true}]}}