{"id":12291,"date":"2017-01-05T18:56:22","date_gmt":"2017-01-05T21:56:22","guid":{"rendered":"https:\/\/eldiariodesanpedro.com.ar\/sitio\/?p=12291"},"modified":"2026-01-23T23:21:01","modified_gmt":"2026-01-24T02:21:01","slug":"las-lluvias-en-el-litoral-y-centro-del-pais-superaron-las-marcas-de-los-ultimos-30-anos","status":"publish","type":"post","link":"https:\/\/eldiariodesanpedro.com.ar\/sitio\/las-lluvias-en-el-litoral-y-centro-del-pais-superaron-las-marcas-de-los-ultimos-30-anos\/","title":{"rendered":"Las lluvias en el litoral y centro del pa\u00eds superaron las marcas de los \u00faltimos 30 a\u00f1os"},"content":{"rendered":"<p><!-- VideographyWP Plugin Message: Automatic video embedding prevented by plugin options. --><br \/>\n(T\u00e9lam) &#8211; En los \u00faltimos 10 d\u00edas de diciembre llovieron entre 150 y 200 mil\u00edmetros m\u00e1s de lo normal, lo que no ocurr\u00eda desde hace 30 a\u00f1os en el sur de Santa Fe, C\u00f3rdoba, Entre R\u00edos y el norte de Buenos Aires.<\/p>\n<p>   Este fen\u00f3meno fue determinante para provocar inundaciones en un territorio que soporta la desaparici\u00f3n de las pasturas, el monocultivo, la falta de regulaci\u00f3n de los suelos y la escasez de obras hidr\u00e1ulicas, se\u00f1alaron especialistas.<\/p>\n<p>   Cindy Fern\u00e1ndez, del Servicio Meteorol\u00f3gico Nacional, explic\u00f3 que del 21 al 31 de diciembre \u00faltimo \u00abllovi\u00f3 entre 150 y 200 mil\u00edmetros m\u00e1s de de lo normal en los \u00faltimos 30 a\u00f1os, en el sur de Santa Fe, C\u00f3rdoba, Entre R\u00edos y el norte de Buenos Aires\u00bb.<\/p>\n<p>   Los valores de las precipitaciones en enero fueron menores pero intensas, seg\u00fan inform\u00f3 la meteor\u00f3loga, y aclar\u00f3 que \u00abeste mi\u00e9rcoles se registraron entre 50 y 70 mil\u00edmetros en el norte de Santa Fe y Corrientes\u00bb.<\/p>\n<p>   Si bien las lluvias m\u00e1s escasas se est\u00e1n dando en el centro y norte argentino, la especialista aclar\u00f3 que \u00abhay que tener en cuenta otras oscilaciones intraestacionales como la presi\u00f3n en la Ant\u00e1rtida o la temperatura del oc\u00e9ano \u00cdndico que favoreci\u00f3, y lo seguir\u00e1 haciendo hasta el 20 de enero, el ingreso de muchos frentes fr\u00edos que son los que introducen las lluvias\u00bb.<\/p>\n<p>   Con respecto a los incendios en La Pampa y el norte patag\u00f3nico especific\u00f3 que \u00abfueron originados mayormente por tormentas el\u00e9ctricas, sin descartar posibles factores humanos\u00bb, a\u00f1adi\u00f3 la profesional.<\/p>\n<p>   En tanto, Miguel Angel Taboata, director del \u00e1rea de Suelos del Instituto Nacional de Tecnolog\u00eda Agropecuaria (INTA), habl\u00f3 sobre el efecto adverso que provoca el mal uso de las tierras, en los \u00faltimos 20 a\u00f1os en Argentina.<\/p>\n<p>   \u00abEl factor principal que provoca las inundaciones es el clima, porque 250 mil\u00edmetros en dos d\u00edas es mucho y gran parte de los suelos de la Argentina tienen una capacidad limitada para absorberla, fundamentalmente por la desaparici\u00f3n de los pastizales en la zona pampeana y el desmonte del Norte argentino, adem\u00e1s del monocultivo de la soja\u00bb, detall\u00f3 el profesional.<\/p>\n<p>   Seg\u00fan explic\u00f3 el especialista en suelos, el monocultivo, principalmente de soja, y la falta de rotaci\u00f3n de cultivos solo consumen entre 400 a 500 mil\u00edmetros de agua y el resto recarga los acu\u00edferos, a diferencia de los pastizales que absorb\u00edan 1.000 mil\u00edmetros durante todo el a\u00f1o.<\/p>\n","protected":false},"excerpt":{"rendered":"<p>(T\u00e9lam) &#8211; En los \u00faltimos 10 d\u00edas de diciembre llovieron entre 150 y 200 mil\u00edmetros m\u00e1s de lo normal, lo que no ocurr\u00eda desde hace 30 a\u00f1os en el sur de Santa Fe, C\u00f3rdoba, Entre R\u00edos y el norte de Buenos Aires. Este fen\u00f3meno fue determinante para provocar inundaciones en un territorio que soporta la [&hellip;]<\/p>\n","protected":false},"author":4,"featured_media":12292,"comment_status":"open","ping_status":"closed","sticky":false,"template":"","format":"standard","meta":{"om_disable_all_campaigns":false,"_jetpack_memberships_contains_paid_content":false,"footnotes":""},"categories":[3],"tags":[],"class_list":["post-12291","post","type-post","status-publish","format-standard","has-post-thumbnail","hentry","category-nacionales"],"aioseo_notices":[],"gutentor_comment":0,"jetpack_featured_media_url":"https:\/\/eldiariodesanpedro.com.ar\/sitio\/wp-content\/uploads\/2017\/01\/Lluvias.jpg","jetpack_shortlink":"https:\/\/wp.me\/p6RhLt-3cf","jetpack_sharing_enabled":true,"_links":{"self":[{"href":"https:\/\/eldiariodesanpedro.com.ar\/sitio\/wp-json\/wp\/v2\/posts\/12291","targetHints":{"allow":["GET"]}}],"collection":[{"href":"https:\/\/eldiariodesanpedro.com.ar\/sitio\/wp-json\/wp\/v2\/posts"}],"about":[{"href":"https:\/\/eldiariodesanpedro.com.ar\/sitio\/wp-json\/wp\/v2\/types\/post"}],"author":[{"embeddable":true,"href":"https:\/\/eldiariodesanpedro.com.ar\/sitio\/wp-json\/wp\/v2\/users\/4"}],"replies":[{"embeddable":true,"href":"https:\/\/eldiariodesanpedro.com.ar\/sitio\/wp-json\/wp\/v2\/comments?post=12291"}],"version-history":[{"count":1,"href":"https:\/\/eldiariodesanpedro.com.ar\/sitio\/wp-json\/wp\/v2\/posts\/12291\/revisions"}],"predecessor-version":[{"id":12293,"href":"https:\/\/eldiariodesanpedro.com.ar\/sitio\/wp-json\/wp\/v2\/posts\/12291\/revisions\/12293"}],"wp:featuredmedia":[{"embeddable":true,"href":"https:\/\/eldiariodesanpedro.com.ar\/sitio\/wp-json\/wp\/v2\/media\/12292"}],"wp:attachment":[{"href":"https:\/\/eldiariodesanpedro.com.ar\/sitio\/wp-json\/wp\/v2\/media?parent=12291"}],"wp:term":[{"taxonomy":"category","embeddable":true,"href":"https:\/\/eldiariodesanpedro.com.ar\/sitio\/wp-json\/wp\/v2\/categories?post=12291"},{"taxonomy":"post_tag","embeddable":true,"href":"https:\/\/eldiariodesanpedro.com.ar\/sitio\/wp-json\/wp\/v2\/tags?post=12291"}],"curies":[{"name":"wp","href":"https:\/\/api.w.org\/{rel}","templated":true}]}}