{"id":122876,"date":"2023-10-05T11:20:13","date_gmt":"2023-10-05T14:20:13","guid":{"rendered":"https:\/\/eldiariodesanpedro.com.ar\/sitio\/?p=122876"},"modified":"2023-10-05T11:20:16","modified_gmt":"2023-10-05T14:20:16","slug":"jornada-de-vacunacion-este-viernes-en-el-polo-de-salud-municipal","status":"publish","type":"post","link":"https:\/\/eldiariodesanpedro.com.ar\/sitio\/jornada-de-vacunacion-este-viernes-en-el-polo-de-salud-municipal\/","title":{"rendered":"Jornada de Vacunaci\u00f3n este viernes en el Polo de Salud Municipal"},"content":{"rendered":"<!-- VideographyWP Plugin Message: Automatic video embedding prevented by plugin options. -->\n\n<p>La Municipalidad de San Pedro, a trav\u00e9s de la Secretar\u00eda de Salud, informa que se desarrollar\u00e1 una nueva jornada de vacunaci\u00f3n que se llevar\u00e1 a cabo el viernes 6 de octubre, de 9 a 14 horas, en el Polo de Salud Municipal, ubicado en Mitre 375.<\/p>\n\n\n\n<p>Durante esta actividad, se administrar\u00e1n diversas vacunas, incluyendo las destinadas a combatir el COVID-19, neumon\u00eda, gripe, hepatitis y las vacunas del calendario regular para ni\u00f1os.<\/p>\n\n\n\n<p>Desde la Secretar\u00eda de Salud se remarca la importancia de recibir una dosis de refuerzo contra el COVID-19, con el objetivo de frenar la creciente notificaci\u00f3n de casos de los&nbsp;\u00faltimos&nbsp;d\u00edas.<\/p>\n","protected":false},"excerpt":{"rendered":"<p>La Municipalidad de San Pedro, a trav\u00e9s de la Secretar\u00eda de Salud, informa que se desarrollar\u00e1 una nueva jornada de vacunaci\u00f3n que se llevar\u00e1 a cabo el viernes 6 de octubre, de 9 a 14 horas, en el Polo de Salud Municipal, ubicado en Mitre 375. Durante esta actividad, se administrar\u00e1n diversas vacunas, incluyendo las [&hellip;]<\/p>\n","protected":false},"author":4,"featured_media":119599,"comment_status":"closed","ping_status":"closed","sticky":false,"template":"","format":"standard","meta":{"om_disable_all_campaigns":false,"_jetpack_memberships_contains_paid_content":false,"footnotes":""},"categories":[101,2],"tags":[197,696,33,19],"class_list":["post-122876","post","type-post","status-publish","format-standard","has-post-thumbnail","hentry","category-interes-general-locales","category-locales","tag-buenos-aires","tag-interes-general","tag-locales","tag-san-pedro"],"aioseo_notices":[],"gutentor_comment":0,"jetpack_featured_media_url":"https:\/\/eldiariodesanpedro.com.ar\/sitio\/wp-content\/uploads\/2023\/06\/VACUNACION-ANTIGRIPAL-2023-1-768x512-1.jpg","jetpack_shortlink":"https:\/\/wp.me\/p6RhLt-vXS","jetpack_sharing_enabled":true,"_links":{"self":[{"href":"https:\/\/eldiariodesanpedro.com.ar\/sitio\/wp-json\/wp\/v2\/posts\/122876","targetHints":{"allow":["GET"]}}],"collection":[{"href":"https:\/\/eldiariodesanpedro.com.ar\/sitio\/wp-json\/wp\/v2\/posts"}],"about":[{"href":"https:\/\/eldiariodesanpedro.com.ar\/sitio\/wp-json\/wp\/v2\/types\/post"}],"author":[{"embeddable":true,"href":"https:\/\/eldiariodesanpedro.com.ar\/sitio\/wp-json\/wp\/v2\/users\/4"}],"replies":[{"embeddable":true,"href":"https:\/\/eldiariodesanpedro.com.ar\/sitio\/wp-json\/wp\/v2\/comments?post=122876"}],"version-history":[{"count":1,"href":"https:\/\/eldiariodesanpedro.com.ar\/sitio\/wp-json\/wp\/v2\/posts\/122876\/revisions"}],"predecessor-version":[{"id":122877,"href":"https:\/\/eldiariodesanpedro.com.ar\/sitio\/wp-json\/wp\/v2\/posts\/122876\/revisions\/122877"}],"wp:featuredmedia":[{"embeddable":true,"href":"https:\/\/eldiariodesanpedro.com.ar\/sitio\/wp-json\/wp\/v2\/media\/119599"}],"wp:attachment":[{"href":"https:\/\/eldiariodesanpedro.com.ar\/sitio\/wp-json\/wp\/v2\/media?parent=122876"}],"wp:term":[{"taxonomy":"category","embeddable":true,"href":"https:\/\/eldiariodesanpedro.com.ar\/sitio\/wp-json\/wp\/v2\/categories?post=122876"},{"taxonomy":"post_tag","embeddable":true,"href":"https:\/\/eldiariodesanpedro.com.ar\/sitio\/wp-json\/wp\/v2\/tags?post=122876"}],"curies":[{"name":"wp","href":"https:\/\/api.w.org\/{rel}","templated":true}]}}