{"id":122868,"date":"2023-10-04T11:37:49","date_gmt":"2023-10-04T14:37:49","guid":{"rendered":"https:\/\/eldiariodesanpedro.com.ar\/sitio\/?p=122868"},"modified":"2023-10-04T11:37:51","modified_gmt":"2023-10-04T14:37:51","slug":"allanamiento-y-secuestro-por-el-robo-de-garrafas","status":"publish","type":"post","link":"https:\/\/eldiariodesanpedro.com.ar\/sitio\/allanamiento-y-secuestro-por-el-robo-de-garrafas\/","title":{"rendered":"Allanamiento y secuestro por el robo de garrafas"},"content":{"rendered":"<!-- VideographyWP Plugin Message: Automatic video embedding prevented by plugin options. -->\n\n<p>En la jornada de ayer, el personal del Grupo de Tareas Operativas llev\u00f3 a cabo un allanamiento autorizado por el Juzgado de Garant\u00edas N\u00b01, bajo la direcci\u00f3n del Dr. Parodi Rom\u00e1n.<\/p>\n\n\n\n<p>La diligencia se realiz\u00f3 en un domicilio ubicado en la ciudad de San Pedro, en relaci\u00f3n a un robo ocurrido el pasado s\u00e1bado por la noche. Durante el operativo, se procedi\u00f3 al secuestro de una garrafa de 10 kilos que hab\u00eda sido sustra\u00edda. Adem\u00e1s, se notific\u00f3 a una mujer de 30 a\u00f1os, residente en la vivienda, acerca del inicio del proceso judicial.<\/p>\n","protected":false},"excerpt":{"rendered":"<p>En la jornada de ayer, el personal del Grupo de Tareas Operativas llev\u00f3 a cabo un allanamiento autorizado por el Juzgado de Garant\u00edas N\u00b01, bajo la direcci\u00f3n del Dr. Parodi Rom\u00e1n. La diligencia se realiz\u00f3 en un domicilio ubicado en la ciudad de San Pedro, en relaci\u00f3n a un robo ocurrido el pasado s\u00e1bado por [&hellip;]<\/p>\n","protected":false},"author":4,"featured_media":25826,"comment_status":"closed","ping_status":"closed","sticky":false,"template":"","format":"standard","meta":{"om_disable_all_campaigns":false,"_jetpack_memberships_contains_paid_content":false,"footnotes":""},"categories":[2,103],"tags":[197,33,95,19],"class_list":["post-122868","post","type-post","status-publish","format-standard","has-post-thumbnail","hentry","category-locales","category-policiales-locales","tag-buenos-aires","tag-locales","tag-policiales","tag-san-pedro"],"aioseo_notices":[],"gutentor_comment":0,"jetpack_featured_media_url":"https:\/\/eldiariodesanpedro.com.ar\/sitio\/wp-content\/uploads\/2017\/11\/Se-realiz\u00f3-un-allanamiento-donde-se-encontraron-armas-utilizadas-para-il\u00edcitos.jpg","jetpack_shortlink":"https:\/\/wp.me\/p6RhLt-vXK","jetpack_sharing_enabled":true,"_links":{"self":[{"href":"https:\/\/eldiariodesanpedro.com.ar\/sitio\/wp-json\/wp\/v2\/posts\/122868","targetHints":{"allow":["GET"]}}],"collection":[{"href":"https:\/\/eldiariodesanpedro.com.ar\/sitio\/wp-json\/wp\/v2\/posts"}],"about":[{"href":"https:\/\/eldiariodesanpedro.com.ar\/sitio\/wp-json\/wp\/v2\/types\/post"}],"author":[{"embeddable":true,"href":"https:\/\/eldiariodesanpedro.com.ar\/sitio\/wp-json\/wp\/v2\/users\/4"}],"replies":[{"embeddable":true,"href":"https:\/\/eldiariodesanpedro.com.ar\/sitio\/wp-json\/wp\/v2\/comments?post=122868"}],"version-history":[{"count":1,"href":"https:\/\/eldiariodesanpedro.com.ar\/sitio\/wp-json\/wp\/v2\/posts\/122868\/revisions"}],"predecessor-version":[{"id":122869,"href":"https:\/\/eldiariodesanpedro.com.ar\/sitio\/wp-json\/wp\/v2\/posts\/122868\/revisions\/122869"}],"wp:featuredmedia":[{"embeddable":true,"href":"https:\/\/eldiariodesanpedro.com.ar\/sitio\/wp-json\/wp\/v2\/media\/25826"}],"wp:attachment":[{"href":"https:\/\/eldiariodesanpedro.com.ar\/sitio\/wp-json\/wp\/v2\/media?parent=122868"}],"wp:term":[{"taxonomy":"category","embeddable":true,"href":"https:\/\/eldiariodesanpedro.com.ar\/sitio\/wp-json\/wp\/v2\/categories?post=122868"},{"taxonomy":"post_tag","embeddable":true,"href":"https:\/\/eldiariodesanpedro.com.ar\/sitio\/wp-json\/wp\/v2\/tags?post=122868"}],"curies":[{"name":"wp","href":"https:\/\/api.w.org\/{rel}","templated":true}]}}