{"id":122866,"date":"2023-10-04T11:29:01","date_gmt":"2023-10-04T14:29:01","guid":{"rendered":"https:\/\/eldiariodesanpedro.com.ar\/sitio\/?p=122866"},"modified":"2023-10-04T11:29:58","modified_gmt":"2023-10-04T14:29:58","slug":"robaron-una-motocicleta-que-estaba-dentro-de-un-garage-durante-la-madrugada","status":"publish","type":"post","link":"https:\/\/eldiariodesanpedro.com.ar\/sitio\/robaron-una-motocicleta-que-estaba-dentro-de-un-garage-durante-la-madrugada\/","title":{"rendered":"Robaron una motocicleta que estaba dentro de un garage durante la madrugada"},"content":{"rendered":"<!-- VideographyWP Plugin Message: Automatic video embedding prevented by plugin options. -->\n\n<p>En la jornada de ayer martes por la ma\u00f1ana, una ciudadana de 28 a\u00f1os present\u00f3 una denuncia en la comisar\u00eda local. Inform\u00f3 que, durante la noche del mismo d\u00eda, dej\u00f3 su motocicleta marca Corven Energy 110 cc BY de color celeste y gris en un garaje cercano a su domicilio. El propietario del garaje es un hombre de 41 a\u00f1os.<\/p>\n\n\n\n<p>Seg\u00fan la declaraci\u00f3n de la afectada, a las 07:30 hs, recibi\u00f3 informaci\u00f3n del propietario del garaje. Este se\u00f1al\u00f3 que alrededor de las 04:00 hs, escuch\u00f3 ruidos provenientes del lugar mencionado, que est\u00e1 situado cerca de su domicilio. Acto seguido, sali\u00f3 a investigar y observ\u00f3 que desconocidos hab\u00edan da\u00f1ado la puerta delantera para ingresar y sustraer la mencionada motocicleta.<\/p>\n\n\n\n<p>La investigaci\u00f3n est\u00e1 a cargo de la Unidad Fiscal de Instrucci\u00f3n N\u00b011.<\/p>\n","protected":false},"excerpt":{"rendered":"<p>En la jornada de ayer martes por la ma\u00f1ana, una ciudadana de 28 a\u00f1os present\u00f3 una denuncia en la comisar\u00eda local. Inform\u00f3 que, durante la noche del mismo d\u00eda, dej\u00f3 su motocicleta marca Corven Energy 110 cc BY de color celeste y gris en un garaje cercano a su domicilio. El propietario del garaje es [&hellip;]<\/p>\n","protected":false},"author":4,"featured_media":103679,"comment_status":"closed","ping_status":"closed","sticky":false,"template":"","format":"standard","meta":{"om_disable_all_campaigns":false,"_jetpack_memberships_contains_paid_content":false,"footnotes":""},"categories":[2,103],"tags":[197,33,95,19],"class_list":["post-122866","post","type-post","status-publish","format-standard","has-post-thumbnail","hentry","category-locales","category-policiales-locales","tag-buenos-aires","tag-locales","tag-policiales","tag-san-pedro"],"aioseo_notices":[],"gutentor_comment":0,"jetpack_featured_media_url":"https:\/\/eldiariodesanpedro.com.ar\/sitio\/wp-content\/uploads\/2022\/02\/comisaria_san_pedro.jpg","jetpack_shortlink":"https:\/\/wp.me\/p6RhLt-vXI","jetpack_sharing_enabled":true,"_links":{"self":[{"href":"https:\/\/eldiariodesanpedro.com.ar\/sitio\/wp-json\/wp\/v2\/posts\/122866","targetHints":{"allow":["GET"]}}],"collection":[{"href":"https:\/\/eldiariodesanpedro.com.ar\/sitio\/wp-json\/wp\/v2\/posts"}],"about":[{"href":"https:\/\/eldiariodesanpedro.com.ar\/sitio\/wp-json\/wp\/v2\/types\/post"}],"author":[{"embeddable":true,"href":"https:\/\/eldiariodesanpedro.com.ar\/sitio\/wp-json\/wp\/v2\/users\/4"}],"replies":[{"embeddable":true,"href":"https:\/\/eldiariodesanpedro.com.ar\/sitio\/wp-json\/wp\/v2\/comments?post=122866"}],"version-history":[{"count":1,"href":"https:\/\/eldiariodesanpedro.com.ar\/sitio\/wp-json\/wp\/v2\/posts\/122866\/revisions"}],"predecessor-version":[{"id":122867,"href":"https:\/\/eldiariodesanpedro.com.ar\/sitio\/wp-json\/wp\/v2\/posts\/122866\/revisions\/122867"}],"wp:featuredmedia":[{"embeddable":true,"href":"https:\/\/eldiariodesanpedro.com.ar\/sitio\/wp-json\/wp\/v2\/media\/103679"}],"wp:attachment":[{"href":"https:\/\/eldiariodesanpedro.com.ar\/sitio\/wp-json\/wp\/v2\/media?parent=122866"}],"wp:term":[{"taxonomy":"category","embeddable":true,"href":"https:\/\/eldiariodesanpedro.com.ar\/sitio\/wp-json\/wp\/v2\/categories?post=122866"},{"taxonomy":"post_tag","embeddable":true,"href":"https:\/\/eldiariodesanpedro.com.ar\/sitio\/wp-json\/wp\/v2\/tags?post=122866"}],"curies":[{"name":"wp","href":"https:\/\/api.w.org\/{rel}","templated":true}]}}