{"id":122863,"date":"2023-10-04T11:16:49","date_gmt":"2023-10-04T14:16:49","guid":{"rendered":"https:\/\/eldiariodesanpedro.com.ar\/sitio\/?p=122863"},"modified":"2023-10-04T11:16:51","modified_gmt":"2023-10-04T14:16:51","slug":"se-registro-una-perdida-de-gas-en-la-ruta-nacional-9-el-pasado-sabado","status":"publish","type":"post","link":"https:\/\/eldiariodesanpedro.com.ar\/sitio\/se-registro-una-perdida-de-gas-en-la-ruta-nacional-9-el-pasado-sabado\/","title":{"rendered":"Se registr\u00f3 una p\u00e9rdida de gas en la ruta nacional 9 el pasado s\u00e1bado"},"content":{"rendered":"<!-- VideographyWP Plugin Message: Automatic video embedding prevented by plugin options. -->\n\n<p>Se registr\u00f3 una p\u00e9rdida de gas en el kil\u00f3metro 156 de la Ruta 9 durante la tarde del s\u00e1bado. El incidente ocurri\u00f3 en un ca\u00f1o troncal de distribuci\u00f3n y transporte y fue gestionado por el personal especializado de las empresas concesionarias. Adicionalmente, una dotaci\u00f3n de Bomberos, liderada por el Oficial Auxiliar Rom\u00e1n Montenegro, intervino de manera preventiva. En una entrevista en el programa Equipo de Radio (La Radio 92.3), Montenegro explic\u00f3 que la p\u00e9rdida de gas se debi\u00f3 a una sobrepresi\u00f3n que provoc\u00f3 la apertura de una v\u00e1lvula y la consiguiente liberaci\u00f3n de gas, causando alarma entre las personas que se encontraban en la zona.<\/p>\n\n\n\n<p>Un operario realiz\u00f3 una acci\u00f3n preliminar para controlar la fuga en espera de la llegada del equipo de la concesionaria encargada de la red de transporte. Montenegro destac\u00f3 la cercan\u00eda de un criadero de pollos y la presencia de personas en las inmediaciones. El ruido del escape de gas y su visible liberaci\u00f3n generaron temor. Sin embargo, despu\u00e9s de unos minutos, el operario logr\u00f3 reducir la presi\u00f3n y, cuando lleg\u00f3 el personal especializado, la situaci\u00f3n estaba bajo control.<\/p>\n","protected":false},"excerpt":{"rendered":"<p>Se registr\u00f3 una p\u00e9rdida de gas en el kil\u00f3metro 156 de la Ruta 9 durante la tarde del s\u00e1bado. El incidente ocurri\u00f3 en un ca\u00f1o troncal de distribuci\u00f3n y transporte y fue gestionado por el personal especializado de las empresas concesionarias. Adicionalmente, una dotaci\u00f3n de Bomberos, liderada por el Oficial Auxiliar Rom\u00e1n Montenegro, intervino de [&hellip;]<\/p>\n","protected":false},"author":4,"featured_media":122864,"comment_status":"closed","ping_status":"closed","sticky":false,"template":"","format":"standard","meta":{"om_disable_all_campaigns":false,"_jetpack_memberships_contains_paid_content":false,"footnotes":""},"categories":[101,2],"tags":[197,696,33,19],"class_list":["post-122863","post","type-post","status-publish","format-standard","has-post-thumbnail","hentry","category-interes-general-locales","category-locales","tag-buenos-aires","tag-interes-general","tag-locales","tag-san-pedro"],"aioseo_notices":[],"gutentor_comment":0,"jetpack_featured_media_url":"https:\/\/eldiariodesanpedro.com.ar\/sitio\/wp-content\/uploads\/2023\/10\/Gas.jpg","jetpack_shortlink":"https:\/\/wp.me\/p6RhLt-vXF","jetpack_sharing_enabled":true,"_links":{"self":[{"href":"https:\/\/eldiariodesanpedro.com.ar\/sitio\/wp-json\/wp\/v2\/posts\/122863","targetHints":{"allow":["GET"]}}],"collection":[{"href":"https:\/\/eldiariodesanpedro.com.ar\/sitio\/wp-json\/wp\/v2\/posts"}],"about":[{"href":"https:\/\/eldiariodesanpedro.com.ar\/sitio\/wp-json\/wp\/v2\/types\/post"}],"author":[{"embeddable":true,"href":"https:\/\/eldiariodesanpedro.com.ar\/sitio\/wp-json\/wp\/v2\/users\/4"}],"replies":[{"embeddable":true,"href":"https:\/\/eldiariodesanpedro.com.ar\/sitio\/wp-json\/wp\/v2\/comments?post=122863"}],"version-history":[{"count":1,"href":"https:\/\/eldiariodesanpedro.com.ar\/sitio\/wp-json\/wp\/v2\/posts\/122863\/revisions"}],"predecessor-version":[{"id":122865,"href":"https:\/\/eldiariodesanpedro.com.ar\/sitio\/wp-json\/wp\/v2\/posts\/122863\/revisions\/122865"}],"wp:featuredmedia":[{"embeddable":true,"href":"https:\/\/eldiariodesanpedro.com.ar\/sitio\/wp-json\/wp\/v2\/media\/122864"}],"wp:attachment":[{"href":"https:\/\/eldiariodesanpedro.com.ar\/sitio\/wp-json\/wp\/v2\/media?parent=122863"}],"wp:term":[{"taxonomy":"category","embeddable":true,"href":"https:\/\/eldiariodesanpedro.com.ar\/sitio\/wp-json\/wp\/v2\/categories?post=122863"},{"taxonomy":"post_tag","embeddable":true,"href":"https:\/\/eldiariodesanpedro.com.ar\/sitio\/wp-json\/wp\/v2\/tags?post=122863"}],"curies":[{"name":"wp","href":"https:\/\/api.w.org\/{rel}","templated":true}]}}