{"id":12285,"date":"2017-01-05T18:25:47","date_gmt":"2017-01-05T21:25:47","guid":{"rendered":"https:\/\/eldiariodesanpedro.com.ar\/sitio\/?p=12285"},"modified":"2017-01-05T18:25:47","modified_gmt":"2017-01-05T21:25:47","slug":"estudio-revelan-que-hay-mas-casos-de-demencia-cerca-de-calles-con-mucho-trafico","status":"publish","type":"post","link":"https:\/\/eldiariodesanpedro.com.ar\/sitio\/estudio-revelan-que-hay-mas-casos-de-demencia-cerca-de-calles-con-mucho-trafico\/","title":{"rendered":"ESTUDIO:  Revelan que hay m\u00e1s casos de demencia cerca de calles con mucho tr\u00e1fico"},"content":{"rendered":"<p><!-- VideographyWP Plugin Message: Automatic video embedding prevented by plugin options. --><br \/>\n(T\u00e9lam) &#8211; Un estudio realizado en Canad\u00e1 durante 11 a\u00f1os revel\u00f3 que hay m\u00e1s casos de demencia en personas que viven cerca de calles con mucho tr\u00e1fico, posiblemente debido al ruido y la contaminaci\u00f3n ambiental, inform\u00f3 ayer una m\u00e9dica brit\u00e1nica especializada.<\/p>\n<p>   El an\u00e1lisis, publicado en la revista cient\u00edfica The Lancet, se\u00f1ala que un 7% de los casos de demencia correspondi\u00f3 a personas que viv\u00edan a unos 50 metros de calles con intenso tr\u00e1fico.<\/p>\n<p>   Seg\u00fan los expertos, se estima que unos 50 millones de personas en todo el mundo padecen esta enfermedad que disminuye las funciones del cerebro y cuyas causas a\u00fan se desconocen, seg\u00fan consign\u00f3 la agencia de noticias Efe.<\/p>\n<p>   El m\u00e9dico Hong Chen, de la Sanidad P\u00fablica de Ontario (Canad\u00e1), es uno de los principales investigadores del estudio realizado a dos millones de personas entre 2001 y 2012.<\/p>\n<p>   De acuerdo con el an\u00e1lisis, se diagnosticaron 243.611 casos de demencia durante esos a\u00f1os, pero se observ\u00f3 que el riesgo fue mayor entre los que viv\u00edan cerca de calles siempre congestionadas.<\/p>\n<p>   Los expertos observaron que los casos de demencia fueron un 7 por ciento m\u00e1s alto entre los que viv\u00edan a 50 metros de calles con tr\u00e1fico, un 4 por ciento m\u00e1s alto entre los que resid\u00edan entre 50 y 100 metros de estas carreteras y un 2 por ciento de los que estaba entre 101 y 200 metros.<\/p>\n<p>   Hong Chen dijo en su estudio que es necesario llevar a cabo m\u00e1s investigaciones para entender este v\u00ednculo, \u00abespecialmente sobre los efectos de los diferentes aspectos del tr\u00e1fico, como la contaminaci\u00f3n ambiental y el ruido\u00bb.<\/p>\n<p>   La investigaci\u00f3n sugiere que part\u00edculas ultrafinas, el ruido, el \u00f3xido de nitr\u00f3geno y el desgaste de los neum\u00e1ticos pueden influir en el desarrollo del mal.<\/p>\n","protected":false},"excerpt":{"rendered":"<p>(T\u00e9lam) &#8211; Un estudio realizado en Canad\u00e1 durante 11 a\u00f1os revel\u00f3 que hay m\u00e1s casos de demencia en personas que viven cerca de calles con mucho tr\u00e1fico, posiblemente debido al ruido y la contaminaci\u00f3n ambiental, inform\u00f3 ayer una m\u00e9dica brit\u00e1nica especializada. El an\u00e1lisis, publicado en la revista cient\u00edfica The Lancet, se\u00f1ala que un 7% de [&hellip;]<\/p>\n","protected":false},"author":4,"featured_media":12286,"comment_status":"open","ping_status":"closed","sticky":false,"template":"","format":"standard","meta":{"om_disable_all_campaigns":false,"_jetpack_memberships_contains_paid_content":false,"footnotes":""},"categories":[2],"tags":[],"class_list":["post-12285","post","type-post","status-publish","format-standard","has-post-thumbnail","hentry","category-locales"],"aioseo_notices":[],"gutentor_comment":0,"jetpack_featured_media_url":"https:\/\/eldiariodesanpedro.com.ar\/sitio\/wp-content\/uploads\/2017\/01\/Estudio.jpg","jetpack_shortlink":"https:\/\/wp.me\/p6RhLt-3c9","jetpack_sharing_enabled":true,"_links":{"self":[{"href":"https:\/\/eldiariodesanpedro.com.ar\/sitio\/wp-json\/wp\/v2\/posts\/12285","targetHints":{"allow":["GET"]}}],"collection":[{"href":"https:\/\/eldiariodesanpedro.com.ar\/sitio\/wp-json\/wp\/v2\/posts"}],"about":[{"href":"https:\/\/eldiariodesanpedro.com.ar\/sitio\/wp-json\/wp\/v2\/types\/post"}],"author":[{"embeddable":true,"href":"https:\/\/eldiariodesanpedro.com.ar\/sitio\/wp-json\/wp\/v2\/users\/4"}],"replies":[{"embeddable":true,"href":"https:\/\/eldiariodesanpedro.com.ar\/sitio\/wp-json\/wp\/v2\/comments?post=12285"}],"version-history":[{"count":1,"href":"https:\/\/eldiariodesanpedro.com.ar\/sitio\/wp-json\/wp\/v2\/posts\/12285\/revisions"}],"predecessor-version":[{"id":12287,"href":"https:\/\/eldiariodesanpedro.com.ar\/sitio\/wp-json\/wp\/v2\/posts\/12285\/revisions\/12287"}],"wp:featuredmedia":[{"embeddable":true,"href":"https:\/\/eldiariodesanpedro.com.ar\/sitio\/wp-json\/wp\/v2\/media\/12286"}],"wp:attachment":[{"href":"https:\/\/eldiariodesanpedro.com.ar\/sitio\/wp-json\/wp\/v2\/media?parent=12285"}],"wp:term":[{"taxonomy":"category","embeddable":true,"href":"https:\/\/eldiariodesanpedro.com.ar\/sitio\/wp-json\/wp\/v2\/categories?post=12285"},{"taxonomy":"post_tag","embeddable":true,"href":"https:\/\/eldiariodesanpedro.com.ar\/sitio\/wp-json\/wp\/v2\/tags?post=12285"}],"curies":[{"name":"wp","href":"https:\/\/api.w.org\/{rel}","templated":true}]}}