{"id":122848,"date":"2023-10-04T10:47:38","date_gmt":"2023-10-04T13:47:38","guid":{"rendered":"https:\/\/eldiariodesanpedro.com.ar\/sitio\/?p=122848"},"modified":"2023-10-04T10:47:40","modified_gmt":"2023-10-04T13:47:40","slug":"nuevo-robo-en-club-tiro-federal-sustraen-inodoros-por-segunda-vez-en-una-semana","status":"publish","type":"post","link":"https:\/\/eldiariodesanpedro.com.ar\/sitio\/nuevo-robo-en-club-tiro-federal-sustraen-inodoros-por-segunda-vez-en-una-semana\/","title":{"rendered":"Nuevo Robo en Club Tiro Federal: Sustraen Inodoros por Segunda Vez en una Semana"},"content":{"rendered":"<!-- VideographyWP Plugin Message: Automatic video embedding prevented by plugin options. -->\n\n<p>Un nuevo hecho delictivo se registr\u00f3 anoche en el predio del club Tiro Federal, siendo el segundo en una semana. En esta ocasi\u00f3n, los delincuentes ingresaron al predio ubicado en Avenida Espa\u00f1a y sustrajeron dos inodoros, repitiendo el mismo m\u00e9todo utilizado la semana pasada en otro de los ba\u00f1os de la instituci\u00f3n.<\/p>\n\n\n\n<p>Seg\u00fan Marcelo Diamante, miembro de la comisi\u00f3n directiva del club, la semana pasada se produjo un robo en un \u00e1rea desprovista de alarmas, donde se llevaron tanto inodoros como mochilas. Anoche, los ladrones volvieron a hacer de las suyas, sustrayendo dos inodoros m\u00e1s, esta vez acompa\u00f1ados de sus respectivas mochilas.<\/p>\n\n\n\n<p>Diamante explic\u00f3 la situaci\u00f3n: \u00abAhora, dado que tenemos programados partidos para el fin de semana, incluyendo rugby femenino, nos vemos en la necesidad de adquirir nuevos inodoros de manera urgente. Aunque contamos con sanitarios en los vestuarios para los jugadores, estos inodoros son de uso p\u00fablico y se encuentran en el exterior. Intentaron forzar la entrada a los vestuarios, pero no lograron hacerlo debido a que las puertas estaban aseguradas\u00bb.<\/p>\n\n\n\n<p>Las autoridades del club est\u00e1n colaborando activamente con la investigaci\u00f3n, que incluye el an\u00e1lisis de las im\u00e1genes de seguridad del \u00e1rea para determinar la posible ruta de escape de los delincuentes.<\/p>\n","protected":false},"excerpt":{"rendered":"<p>Un nuevo hecho delictivo se registr\u00f3 anoche en el predio del club Tiro Federal, siendo el segundo en una semana. En esta ocasi\u00f3n, los delincuentes ingresaron al predio ubicado en Avenida Espa\u00f1a y sustrajeron dos inodoros, repitiendo el mismo m\u00e9todo utilizado la semana pasada en otro de los ba\u00f1os de la instituci\u00f3n. Seg\u00fan Marcelo Diamante, [&hellip;]<\/p>\n","protected":false},"author":4,"featured_media":122849,"comment_status":"closed","ping_status":"closed","sticky":false,"template":"","format":"standard","meta":{"om_disable_all_campaigns":false,"_jetpack_memberships_contains_paid_content":false,"footnotes":""},"categories":[50,101,2],"tags":[197,696,33,19],"class_list":["post-122848","post","type-post","status-publish","format-standard","has-post-thumbnail","hentry","category-destacadas","category-interes-general-locales","category-locales","tag-buenos-aires","tag-interes-general","tag-locales","tag-san-pedro"],"aioseo_notices":[],"gutentor_comment":0,"jetpack_featured_media_url":"https:\/\/eldiariodesanpedro.com.ar\/sitio\/wp-content\/uploads\/2023\/10\/WhatsApp-Image-2023-10-03-at-08.44.47-1.jpeg","jetpack_shortlink":"https:\/\/wp.me\/p6RhLt-vXq","jetpack_sharing_enabled":true,"_links":{"self":[{"href":"https:\/\/eldiariodesanpedro.com.ar\/sitio\/wp-json\/wp\/v2\/posts\/122848","targetHints":{"allow":["GET"]}}],"collection":[{"href":"https:\/\/eldiariodesanpedro.com.ar\/sitio\/wp-json\/wp\/v2\/posts"}],"about":[{"href":"https:\/\/eldiariodesanpedro.com.ar\/sitio\/wp-json\/wp\/v2\/types\/post"}],"author":[{"embeddable":true,"href":"https:\/\/eldiariodesanpedro.com.ar\/sitio\/wp-json\/wp\/v2\/users\/4"}],"replies":[{"embeddable":true,"href":"https:\/\/eldiariodesanpedro.com.ar\/sitio\/wp-json\/wp\/v2\/comments?post=122848"}],"version-history":[{"count":1,"href":"https:\/\/eldiariodesanpedro.com.ar\/sitio\/wp-json\/wp\/v2\/posts\/122848\/revisions"}],"predecessor-version":[{"id":122850,"href":"https:\/\/eldiariodesanpedro.com.ar\/sitio\/wp-json\/wp\/v2\/posts\/122848\/revisions\/122850"}],"wp:featuredmedia":[{"embeddable":true,"href":"https:\/\/eldiariodesanpedro.com.ar\/sitio\/wp-json\/wp\/v2\/media\/122849"}],"wp:attachment":[{"href":"https:\/\/eldiariodesanpedro.com.ar\/sitio\/wp-json\/wp\/v2\/media?parent=122848"}],"wp:term":[{"taxonomy":"category","embeddable":true,"href":"https:\/\/eldiariodesanpedro.com.ar\/sitio\/wp-json\/wp\/v2\/categories?post=122848"},{"taxonomy":"post_tag","embeddable":true,"href":"https:\/\/eldiariodesanpedro.com.ar\/sitio\/wp-json\/wp\/v2\/tags?post=122848"}],"curies":[{"name":"wp","href":"https:\/\/api.w.org\/{rel}","templated":true}]}}