{"id":122833,"date":"2023-10-03T22:00:46","date_gmt":"2023-10-04T01:00:46","guid":{"rendered":"https:\/\/eldiariodesanpedro.com.ar\/sitio\/?p=122833"},"modified":"2023-10-03T22:00:48","modified_gmt":"2023-10-04T01:00:48","slug":"visita-a-la-primera-jornada-de-la-vidriera-tecnologica-del-inta","status":"publish","type":"post","link":"https:\/\/eldiariodesanpedro.com.ar\/sitio\/visita-a-la-primera-jornada-de-la-vidriera-tecnologica-del-inta\/","title":{"rendered":"Visita a la primera jornada de la Vidriera Tecnol\u00f3gica del INTA"},"content":{"rendered":"<!-- VideographyWP Plugin Message: Automatic video embedding prevented by plugin options. -->\n\n<p>En la Estaci\u00f3n Experimental del INTA San Pedro comenz\u00f3 la vig\u00e9sima edici\u00f3n de la Vidriera Tecnol\u00f3gica que organiza la instituci\u00f3n para recibir a contingentes de estudiantes de San Pedro y diferentes puntos del pa\u00eds.<\/p>\n\n\n\n<p>El Intendente Cecilio Salazar concurri\u00f3 al lugar, donde acompa\u00f1ado de la Ingeniera Agr\u00f3noma Laura Hansen Directora de la EEA San Pedro y de Lorena Pe\u00f1a responsable de la coordinaci\u00f3n de la actividad, realizaron el recorrido junto a estudiantes de San Pedro.<\/p>\n\n\n\n<p>La Vidriera Tecnol\u00f3gica del INTA permite que estudiantes de nuestro partido y de diferentes puntos del pa\u00eds, recorran el lugar y reciban informaci\u00f3n muy importante sobre la tarea que se realiza, y en muchos casos, comenzar a acerarse a carreras relacionadas con la investigaci\u00f3n y el desarrollo agropecuario.<\/p>\n\n\n\n<p>Este a\u00f1o se inscribieron para participar de la actividad aproximadamente 1.400 estudiantes. La Municipalidad de San Pedro, en coordinaci\u00f3n con la Jefatura distrital de Educaci\u00f3n, facilit\u00f3 el transporte para que los colegios de San Pedro puedan concurrir a la estaci\u00f3n Experimental.<\/p>\n\n\n\n<p>En esta oportunidad est\u00e1n participando alumnos de San Pedro, Gobernador Castro, R\u00edo Tala, La Celina, La Buena Moza, Vuelta de Obligado, Paraje Tablas, Santa Luc\u00eda, San Nicol\u00e1s, Villa Constituci\u00f3n y Escuelas Agrot\u00e9cnicas de Bigand (Santa Fe), Mocoret\u00e1 (Corrientes) Bragado e Isla Talavera (Z\u00e1rate).<\/p>\n\n\n\n<p>Junto al Intendente concurrieron Lorena L\u00f3pez, Jefa Distrital de Educaci\u00f3n; Alan Ocampo, Secretario Coordinador del Consejo Provincial de Educaci\u00f3n y Trabajo; y Silvana Garello Inspectora de Educaci\u00f3n\u00a0Primaria.<\/p>\n\n\n\n<figure class=\"wp-block-image size-full\"><img decoding=\"async\" width=\"946\" height=\"630\" data-attachment-id=\"122837\" data-permalink=\"https:\/\/eldiariodesanpedro.com.ar\/sitio\/visita-a-la-primera-jornada-de-la-vidriera-tecnologica-del-inta\/imagen-de-whatsapp-2023-10-03-a-las-21-07-48_b3167eca\/\" data-orig-file=\"https:\/\/eldiariodesanpedro.com.ar\/sitio\/wp-content\/uploads\/2023\/10\/Imagen-de-WhatsApp-2023-10-03-a-las-21.07.48_b3167eca.jpg\" data-orig-size=\"946,630\" data-comments-opened=\"0\" data-image-meta=\"{&quot;aperture&quot;:&quot;0&quot;,&quot;credit&quot;:&quot;&quot;,&quot;camera&quot;:&quot;&quot;,&quot;caption&quot;:&quot;&quot;,&quot;created_timestamp&quot;:&quot;0&quot;,&quot;copyright&quot;:&quot;&quot;,&quot;focal_length&quot;:&quot;0&quot;,&quot;iso&quot;:&quot;0&quot;,&quot;shutter_speed&quot;:&quot;0&quot;,&quot;title&quot;:&quot;&quot;,&quot;orientation&quot;:&quot;0&quot;}\" data-image-title=\"Imagen de WhatsApp 2023-10-03 a las 21.07.48_b3167eca\" data-image-description=\"\" data-image-caption=\"\" data-large-file=\"https:\/\/eldiariodesanpedro.com.ar\/sitio\/wp-content\/uploads\/2023\/10\/Imagen-de-WhatsApp-2023-10-03-a-las-21.07.48_b3167eca.jpg\" data-src=\"https:\/\/eldiariodesanpedro.com.ar\/sitio\/wp-content\/uploads\/2023\/10\/Imagen-de-WhatsApp-2023-10-03-a-las-21.07.48_b3167eca.jpg\" alt=\"\" class=\"wp-image-122837 lazyload\" data-srcset=\"https:\/\/eldiariodesanpedro.com.ar\/sitio\/wp-content\/uploads\/2023\/10\/Imagen-de-WhatsApp-2023-10-03-a-las-21.07.48_b3167eca.jpg 946w, https:\/\/eldiariodesanpedro.com.ar\/sitio\/wp-content\/uploads\/2023\/10\/Imagen-de-WhatsApp-2023-10-03-a-las-21.07.48_b3167eca-300x200.jpg 300w, https:\/\/eldiariodesanpedro.com.ar\/sitio\/wp-content\/uploads\/2023\/10\/Imagen-de-WhatsApp-2023-10-03-a-las-21.07.48_b3167eca-768x511.jpg 768w\" data-sizes=\"(max-width: 946px) 100vw, 946px\" src=\"data:image\/svg+xml;base64,PHN2ZyB3aWR0aD0iMSIgaGVpZ2h0PSIxIiB4bWxucz0iaHR0cDovL3d3dy53My5vcmcvMjAwMC9zdmciPjwvc3ZnPg==\" style=\"--smush-placeholder-width: 946px; --smush-placeholder-aspect-ratio: 946\/630;\" \/><\/figure>\n\n\n\n<figure class=\"wp-block-image size-full\"><img decoding=\"async\" width=\"946\" height=\"630\" data-attachment-id=\"122836\" data-permalink=\"https:\/\/eldiariodesanpedro.com.ar\/sitio\/visita-a-la-primera-jornada-de-la-vidriera-tecnologica-del-inta\/imagen-de-whatsapp-2023-10-03-a-las-21-07-48_19253e30\/\" data-orig-file=\"https:\/\/eldiariodesanpedro.com.ar\/sitio\/wp-content\/uploads\/2023\/10\/Imagen-de-WhatsApp-2023-10-03-a-las-21.07.48_19253e30.jpg\" data-orig-size=\"946,630\" data-comments-opened=\"0\" data-image-meta=\"{&quot;aperture&quot;:&quot;0&quot;,&quot;credit&quot;:&quot;&quot;,&quot;camera&quot;:&quot;&quot;,&quot;caption&quot;:&quot;&quot;,&quot;created_timestamp&quot;:&quot;0&quot;,&quot;copyright&quot;:&quot;&quot;,&quot;focal_length&quot;:&quot;0&quot;,&quot;iso&quot;:&quot;0&quot;,&quot;shutter_speed&quot;:&quot;0&quot;,&quot;title&quot;:&quot;&quot;,&quot;orientation&quot;:&quot;0&quot;}\" data-image-title=\"Imagen de WhatsApp 2023-10-03 a las 21.07.48_19253e30\" data-image-description=\"\" data-image-caption=\"\" data-large-file=\"https:\/\/eldiariodesanpedro.com.ar\/sitio\/wp-content\/uploads\/2023\/10\/Imagen-de-WhatsApp-2023-10-03-a-las-21.07.48_19253e30.jpg\" data-src=\"https:\/\/eldiariodesanpedro.com.ar\/sitio\/wp-content\/uploads\/2023\/10\/Imagen-de-WhatsApp-2023-10-03-a-las-21.07.48_19253e30.jpg\" alt=\"\" class=\"wp-image-122836 lazyload\" data-srcset=\"https:\/\/eldiariodesanpedro.com.ar\/sitio\/wp-content\/uploads\/2023\/10\/Imagen-de-WhatsApp-2023-10-03-a-las-21.07.48_19253e30.jpg 946w, https:\/\/eldiariodesanpedro.com.ar\/sitio\/wp-content\/uploads\/2023\/10\/Imagen-de-WhatsApp-2023-10-03-a-las-21.07.48_19253e30-300x200.jpg 300w, https:\/\/eldiariodesanpedro.com.ar\/sitio\/wp-content\/uploads\/2023\/10\/Imagen-de-WhatsApp-2023-10-03-a-las-21.07.48_19253e30-768x511.jpg 768w\" data-sizes=\"(max-width: 946px) 100vw, 946px\" src=\"data:image\/svg+xml;base64,PHN2ZyB3aWR0aD0iMSIgaGVpZ2h0PSIxIiB4bWxucz0iaHR0cDovL3d3dy53My5vcmcvMjAwMC9zdmciPjwvc3ZnPg==\" style=\"--smush-placeholder-width: 946px; --smush-placeholder-aspect-ratio: 946\/630;\" \/><\/figure>\n","protected":false},"excerpt":{"rendered":"<p>En la Estaci\u00f3n Experimental del INTA San Pedro comenz\u00f3 la vig\u00e9sima edici\u00f3n de la Vidriera Tecnol\u00f3gica que organiza la instituci\u00f3n para recibir a contingentes de estudiantes de San Pedro y diferentes puntos del pa\u00eds. El Intendente Cecilio Salazar concurri\u00f3 al lugar, donde acompa\u00f1ado de la Ingeniera Agr\u00f3noma Laura Hansen Directora de la EEA San Pedro [&hellip;]<\/p>\n","protected":false},"author":4,"featured_media":122838,"comment_status":"closed","ping_status":"closed","sticky":false,"template":"","format":"standard","meta":{"om_disable_all_campaigns":false,"_jetpack_memberships_contains_paid_content":false,"footnotes":""},"categories":[50,101,2],"tags":[197,696,33,19],"class_list":["post-122833","post","type-post","status-publish","format-standard","has-post-thumbnail","hentry","category-destacadas","category-interes-general-locales","category-locales","tag-buenos-aires","tag-interes-general","tag-locales","tag-san-pedro"],"aioseo_notices":[],"gutentor_comment":0,"jetpack_featured_media_url":"https:\/\/eldiariodesanpedro.com.ar\/sitio\/wp-content\/uploads\/2023\/10\/Imagen-de-WhatsApp-2023-10-03-a-las-21.07.51_9ba9f13e.jpg","jetpack_shortlink":"https:\/\/wp.me\/p6RhLt-vXb","jetpack_sharing_enabled":true,"_links":{"self":[{"href":"https:\/\/eldiariodesanpedro.com.ar\/sitio\/wp-json\/wp\/v2\/posts\/122833","targetHints":{"allow":["GET"]}}],"collection":[{"href":"https:\/\/eldiariodesanpedro.com.ar\/sitio\/wp-json\/wp\/v2\/posts"}],"about":[{"href":"https:\/\/eldiariodesanpedro.com.ar\/sitio\/wp-json\/wp\/v2\/types\/post"}],"author":[{"embeddable":true,"href":"https:\/\/eldiariodesanpedro.com.ar\/sitio\/wp-json\/wp\/v2\/users\/4"}],"replies":[{"embeddable":true,"href":"https:\/\/eldiariodesanpedro.com.ar\/sitio\/wp-json\/wp\/v2\/comments?post=122833"}],"version-history":[{"count":1,"href":"https:\/\/eldiariodesanpedro.com.ar\/sitio\/wp-json\/wp\/v2\/posts\/122833\/revisions"}],"predecessor-version":[{"id":122840,"href":"https:\/\/eldiariodesanpedro.com.ar\/sitio\/wp-json\/wp\/v2\/posts\/122833\/revisions\/122840"}],"wp:featuredmedia":[{"embeddable":true,"href":"https:\/\/eldiariodesanpedro.com.ar\/sitio\/wp-json\/wp\/v2\/media\/122838"}],"wp:attachment":[{"href":"https:\/\/eldiariodesanpedro.com.ar\/sitio\/wp-json\/wp\/v2\/media?parent=122833"}],"wp:term":[{"taxonomy":"category","embeddable":true,"href":"https:\/\/eldiariodesanpedro.com.ar\/sitio\/wp-json\/wp\/v2\/categories?post=122833"},{"taxonomy":"post_tag","embeddable":true,"href":"https:\/\/eldiariodesanpedro.com.ar\/sitio\/wp-json\/wp\/v2\/tags?post=122833"}],"curies":[{"name":"wp","href":"https:\/\/api.w.org\/{rel}","templated":true}]}}