{"id":12283,"date":"2017-01-05T14:39:18","date_gmt":"2017-01-05T17:39:18","guid":{"rendered":"https:\/\/eldiariodesanpedro.com.ar\/sitio\/?p=12283"},"modified":"2017-01-05T14:39:18","modified_gmt":"2017-01-05T17:39:18","slug":"un-joven-detenido-agredio-a-policias-y-a-otro-aprehendido","status":"publish","type":"post","link":"https:\/\/eldiariodesanpedro.com.ar\/sitio\/un-joven-detenido-agredio-a-policias-y-a-otro-aprehendido\/","title":{"rendered":"Un joven detenido agredi\u00f3 a polic\u00edas y a otro aprehendido"},"content":{"rendered":"<p><!-- VideographyWP Plugin Message: Automatic video embedding prevented by plugin options. --><br \/>\nEn la medianoche de hoy se recibe un llamado telef\u00f3nico al 101 por parte del personal policial de la seguridad de del hospital local, donde avisa que un joven de 28 a\u00f1os de edad  con un frondoso listado de antecedentes que se encontraba realizando disturbios en la guardia.<\/p>\n<p>Al llegar el personal policial  se procede a la aprehensi\u00f3n del joven el que se habr\u00eda pisto agresivo al presentarse en el lugar y da\u00f1o una de las puertas del sector de pediatr\u00eda despu\u00e9s de propinarle varios golpes. Tambi\u00e9n agredi\u00f3 verbalmente a los m\u00e9dicos y enfermeros alterando la tranquilidad del lugar.<\/p>\n<p>Un vez en la comisaria local esta sujeto agrede f\u00edsicamente con golpes al personal policial provocandole heridas leves al momento es reducido nuevamente; una vez en el interior del sector de calabozos para los aprehendidos lesiona nuevamente a un joven que se encontraba detenido quien tambi\u00e9n sufri\u00f3 heridas leves. <\/p>\n","protected":false},"excerpt":{"rendered":"<p>En la medianoche de hoy se recibe un llamado telef\u00f3nico al 101 por parte del personal policial de la seguridad de del hospital local, donde avisa que un joven de 28 a\u00f1os de edad con un frondoso listado de antecedentes que se encontraba realizando disturbios en la guardia. Al llegar el personal policial se procede [&hellip;]<\/p>\n","protected":false},"author":4,"featured_media":5635,"comment_status":"open","ping_status":"closed","sticky":false,"template":"","format":"standard","meta":{"om_disable_all_campaigns":false,"_jetpack_memberships_contains_paid_content":false,"footnotes":""},"categories":[2,103],"tags":[],"class_list":["post-12283","post","type-post","status-publish","format-standard","has-post-thumbnail","hentry","category-locales","category-policiales-locales"],"aioseo_notices":[],"gutentor_comment":0,"jetpack_featured_media_url":"https:\/\/eldiariodesanpedro.com.ar\/sitio\/wp-content\/uploads\/2016\/06\/comisaria-sanpedro.jpg","jetpack_shortlink":"https:\/\/wp.me\/p6RhLt-3c7","jetpack_sharing_enabled":true,"_links":{"self":[{"href":"https:\/\/eldiariodesanpedro.com.ar\/sitio\/wp-json\/wp\/v2\/posts\/12283","targetHints":{"allow":["GET"]}}],"collection":[{"href":"https:\/\/eldiariodesanpedro.com.ar\/sitio\/wp-json\/wp\/v2\/posts"}],"about":[{"href":"https:\/\/eldiariodesanpedro.com.ar\/sitio\/wp-json\/wp\/v2\/types\/post"}],"author":[{"embeddable":true,"href":"https:\/\/eldiariodesanpedro.com.ar\/sitio\/wp-json\/wp\/v2\/users\/4"}],"replies":[{"embeddable":true,"href":"https:\/\/eldiariodesanpedro.com.ar\/sitio\/wp-json\/wp\/v2\/comments?post=12283"}],"version-history":[{"count":1,"href":"https:\/\/eldiariodesanpedro.com.ar\/sitio\/wp-json\/wp\/v2\/posts\/12283\/revisions"}],"predecessor-version":[{"id":12284,"href":"https:\/\/eldiariodesanpedro.com.ar\/sitio\/wp-json\/wp\/v2\/posts\/12283\/revisions\/12284"}],"wp:featuredmedia":[{"embeddable":true,"href":"https:\/\/eldiariodesanpedro.com.ar\/sitio\/wp-json\/wp\/v2\/media\/5635"}],"wp:attachment":[{"href":"https:\/\/eldiariodesanpedro.com.ar\/sitio\/wp-json\/wp\/v2\/media?parent=12283"}],"wp:term":[{"taxonomy":"category","embeddable":true,"href":"https:\/\/eldiariodesanpedro.com.ar\/sitio\/wp-json\/wp\/v2\/categories?post=12283"},{"taxonomy":"post_tag","embeddable":true,"href":"https:\/\/eldiariodesanpedro.com.ar\/sitio\/wp-json\/wp\/v2\/tags?post=12283"}],"curies":[{"name":"wp","href":"https:\/\/api.w.org\/{rel}","templated":true}]}}