{"id":122819,"date":"2023-10-03T21:32:23","date_gmt":"2023-10-04T00:32:23","guid":{"rendered":"https:\/\/eldiariodesanpedro.com.ar\/sitio\/?p=122819"},"modified":"2023-10-03T21:32:26","modified_gmt":"2023-10-04T00:32:26","slug":"asamblea-regional-del-programa-provincial-decision-ninez","status":"publish","type":"post","link":"https:\/\/eldiariodesanpedro.com.ar\/sitio\/asamblea-regional-del-programa-provincial-decision-ninez\/","title":{"rendered":"Asamblea Regional del Programa Provincial Decisi\u00f3n Ni\u00f1ez"},"content":{"rendered":"<!-- VideographyWP Plugin Message: Automatic video embedding prevented by plugin options. -->\n\n<p>Se desarrolla en el Club de Pescadores y N\u00e1utica de San Pedro la Asamblea Regional del Programa Provincial \u201cDecisi\u00f3n Ni\u00f1ez\u201d organizada conjuntamente por el Organismo Provincial de la Ni\u00f1ez y Adolescencia del Ministerio de Desarrollo de la Comunidad de la Provincia de Buenos Aires y la Secretar\u00eda de Desarrollo Humano de la Municipalidad de San Pedro.<\/p>\n\n\n\n<p>El encuentro re\u00fane a m\u00e1s de cien ni\u00f1os, ni\u00f1as y adolescentes provenientes de San Nicol\u00e1s, Ramallo, Villa Ramallo, Capit\u00e1n Sarmiento, Baradero, Arrecifes, P\u00e9rez Mill\u00e1n y nuestra ciudad, quienes tendr\u00e1n la responsabilidad de elegir los proyectos ganadores presentados durante la jornada y que recibir\u00e1 financiamiento del Organismo de Ni\u00f1ez y Adolescencia a trav\u00e9s del Ministerio de Desarrollo de la Comunidad.<\/p>\n\n\n\n<p>El evento es encabezado por la Directora de Promoci\u00f3n Comunitaria del Organismo Provincial de Ni\u00f1ez y Adolescencia del Ministerio de Desarrollo de la Comunidad de la Provincia de Buenos Aires, Tamara Perini, el Secretario de Desarrollo Humano, Walter S\u00e1nchez y participan el Servicio Zonal de Promoci\u00f3n y Protecci\u00f3n de los Derechos los Ni\u00f1os y el Servicio Local de Promoci\u00f3n y Protecci\u00f3n de los Derechos de Ni\u00f1os, Ni\u00f1as y Adolescentes, autoridades Educativas\u00a0y\u00a0Municipales.<\/p>\n\n\n\n<figure class=\"wp-block-image size-full\"><img decoding=\"async\" width=\"840\" height=\"630\" data-attachment-id=\"122825\" data-permalink=\"https:\/\/eldiariodesanpedro.com.ar\/sitio\/asamblea-regional-del-programa-provincial-decision-ninez\/imagen-de-whatsapp-2023-10-03-a-las-12-29-32_6afec8b7\/\" data-orig-file=\"https:\/\/eldiariodesanpedro.com.ar\/sitio\/wp-content\/uploads\/2023\/10\/Imagen-de-WhatsApp-2023-10-03-a-las-12.29.32_6afec8b7.jpg\" data-orig-size=\"840,630\" data-comments-opened=\"0\" data-image-meta=\"{&quot;aperture&quot;:&quot;0&quot;,&quot;credit&quot;:&quot;&quot;,&quot;camera&quot;:&quot;&quot;,&quot;caption&quot;:&quot;&quot;,&quot;created_timestamp&quot;:&quot;0&quot;,&quot;copyright&quot;:&quot;&quot;,&quot;focal_length&quot;:&quot;0&quot;,&quot;iso&quot;:&quot;0&quot;,&quot;shutter_speed&quot;:&quot;0&quot;,&quot;title&quot;:&quot;&quot;,&quot;orientation&quot;:&quot;0&quot;}\" data-image-title=\"Imagen de WhatsApp 2023-10-03 a las 12.29.32_6afec8b7\" data-image-description=\"\" data-image-caption=\"\" data-large-file=\"https:\/\/eldiariodesanpedro.com.ar\/sitio\/wp-content\/uploads\/2023\/10\/Imagen-de-WhatsApp-2023-10-03-a-las-12.29.32_6afec8b7.jpg\" data-src=\"https:\/\/eldiariodesanpedro.com.ar\/sitio\/wp-content\/uploads\/2023\/10\/Imagen-de-WhatsApp-2023-10-03-a-las-12.29.32_6afec8b7.jpg\" alt=\"\" class=\"wp-image-122825 lazyload\" data-srcset=\"https:\/\/eldiariodesanpedro.com.ar\/sitio\/wp-content\/uploads\/2023\/10\/Imagen-de-WhatsApp-2023-10-03-a-las-12.29.32_6afec8b7.jpg 840w, https:\/\/eldiariodesanpedro.com.ar\/sitio\/wp-content\/uploads\/2023\/10\/Imagen-de-WhatsApp-2023-10-03-a-las-12.29.32_6afec8b7-300x225.jpg 300w, https:\/\/eldiariodesanpedro.com.ar\/sitio\/wp-content\/uploads\/2023\/10\/Imagen-de-WhatsApp-2023-10-03-a-las-12.29.32_6afec8b7-768x576.jpg 768w, https:\/\/eldiariodesanpedro.com.ar\/sitio\/wp-content\/uploads\/2023\/10\/Imagen-de-WhatsApp-2023-10-03-a-las-12.29.32_6afec8b7-272x204.jpg 272w\" data-sizes=\"(max-width: 840px) 100vw, 840px\" src=\"data:image\/svg+xml;base64,PHN2ZyB3aWR0aD0iMSIgaGVpZ2h0PSIxIiB4bWxucz0iaHR0cDovL3d3dy53My5vcmcvMjAwMC9zdmciPjwvc3ZnPg==\" style=\"--smush-placeholder-width: 840px; --smush-placeholder-aspect-ratio: 840\/630;\" \/><\/figure>\n\n\n\n<figure class=\"wp-block-image size-full\"><img decoding=\"async\" width=\"840\" height=\"630\" data-attachment-id=\"122822\" data-permalink=\"https:\/\/eldiariodesanpedro.com.ar\/sitio\/asamblea-regional-del-programa-provincial-decision-ninez\/imagen-de-whatsapp-2023-10-03-a-las-12-29-30_21c63d01\/\" data-orig-file=\"https:\/\/eldiariodesanpedro.com.ar\/sitio\/wp-content\/uploads\/2023\/10\/Imagen-de-WhatsApp-2023-10-03-a-las-12.29.30_21c63d01.jpg\" data-orig-size=\"840,630\" data-comments-opened=\"0\" data-image-meta=\"{&quot;aperture&quot;:&quot;0&quot;,&quot;credit&quot;:&quot;&quot;,&quot;camera&quot;:&quot;&quot;,&quot;caption&quot;:&quot;&quot;,&quot;created_timestamp&quot;:&quot;0&quot;,&quot;copyright&quot;:&quot;&quot;,&quot;focal_length&quot;:&quot;0&quot;,&quot;iso&quot;:&quot;0&quot;,&quot;shutter_speed&quot;:&quot;0&quot;,&quot;title&quot;:&quot;&quot;,&quot;orientation&quot;:&quot;0&quot;}\" data-image-title=\"Imagen de WhatsApp 2023-10-03 a las 12.29.30_21c63d01\" data-image-description=\"\" data-image-caption=\"\" data-large-file=\"https:\/\/eldiariodesanpedro.com.ar\/sitio\/wp-content\/uploads\/2023\/10\/Imagen-de-WhatsApp-2023-10-03-a-las-12.29.30_21c63d01.jpg\" data-src=\"https:\/\/eldiariodesanpedro.com.ar\/sitio\/wp-content\/uploads\/2023\/10\/Imagen-de-WhatsApp-2023-10-03-a-las-12.29.30_21c63d01.jpg\" alt=\"\" class=\"wp-image-122822 lazyload\" data-srcset=\"https:\/\/eldiariodesanpedro.com.ar\/sitio\/wp-content\/uploads\/2023\/10\/Imagen-de-WhatsApp-2023-10-03-a-las-12.29.30_21c63d01.jpg 840w, https:\/\/eldiariodesanpedro.com.ar\/sitio\/wp-content\/uploads\/2023\/10\/Imagen-de-WhatsApp-2023-10-03-a-las-12.29.30_21c63d01-300x225.jpg 300w, https:\/\/eldiariodesanpedro.com.ar\/sitio\/wp-content\/uploads\/2023\/10\/Imagen-de-WhatsApp-2023-10-03-a-las-12.29.30_21c63d01-768x576.jpg 768w, https:\/\/eldiariodesanpedro.com.ar\/sitio\/wp-content\/uploads\/2023\/10\/Imagen-de-WhatsApp-2023-10-03-a-las-12.29.30_21c63d01-272x204.jpg 272w\" data-sizes=\"(max-width: 840px) 100vw, 840px\" src=\"data:image\/svg+xml;base64,PHN2ZyB3aWR0aD0iMSIgaGVpZ2h0PSIxIiB4bWxucz0iaHR0cDovL3d3dy53My5vcmcvMjAwMC9zdmciPjwvc3ZnPg==\" style=\"--smush-placeholder-width: 840px; --smush-placeholder-aspect-ratio: 840\/630;\" \/><\/figure>\n\n\n\n<figure class=\"wp-block-image size-full\"><img decoding=\"async\" width=\"840\" height=\"630\" data-attachment-id=\"122820\" data-permalink=\"https:\/\/eldiariodesanpedro.com.ar\/sitio\/asamblea-regional-del-programa-provincial-decision-ninez\/imagen-de-whatsapp-2023-10-03-a-las-12-29-29_58bb2bd1\/\" data-orig-file=\"https:\/\/eldiariodesanpedro.com.ar\/sitio\/wp-content\/uploads\/2023\/10\/Imagen-de-WhatsApp-2023-10-03-a-las-12.29.29_58bb2bd1.jpg\" data-orig-size=\"840,630\" data-comments-opened=\"0\" data-image-meta=\"{&quot;aperture&quot;:&quot;0&quot;,&quot;credit&quot;:&quot;&quot;,&quot;camera&quot;:&quot;&quot;,&quot;caption&quot;:&quot;&quot;,&quot;created_timestamp&quot;:&quot;0&quot;,&quot;copyright&quot;:&quot;&quot;,&quot;focal_length&quot;:&quot;0&quot;,&quot;iso&quot;:&quot;0&quot;,&quot;shutter_speed&quot;:&quot;0&quot;,&quot;title&quot;:&quot;&quot;,&quot;orientation&quot;:&quot;0&quot;}\" data-image-title=\"Imagen de WhatsApp 2023-10-03 a las 12.29.29_58bb2bd1\" data-image-description=\"\" data-image-caption=\"\" data-large-file=\"https:\/\/eldiariodesanpedro.com.ar\/sitio\/wp-content\/uploads\/2023\/10\/Imagen-de-WhatsApp-2023-10-03-a-las-12.29.29_58bb2bd1.jpg\" data-src=\"https:\/\/eldiariodesanpedro.com.ar\/sitio\/wp-content\/uploads\/2023\/10\/Imagen-de-WhatsApp-2023-10-03-a-las-12.29.29_58bb2bd1.jpg\" alt=\"\" class=\"wp-image-122820 lazyload\" data-srcset=\"https:\/\/eldiariodesanpedro.com.ar\/sitio\/wp-content\/uploads\/2023\/10\/Imagen-de-WhatsApp-2023-10-03-a-las-12.29.29_58bb2bd1.jpg 840w, https:\/\/eldiariodesanpedro.com.ar\/sitio\/wp-content\/uploads\/2023\/10\/Imagen-de-WhatsApp-2023-10-03-a-las-12.29.29_58bb2bd1-300x225.jpg 300w, https:\/\/eldiariodesanpedro.com.ar\/sitio\/wp-content\/uploads\/2023\/10\/Imagen-de-WhatsApp-2023-10-03-a-las-12.29.29_58bb2bd1-768x576.jpg 768w, https:\/\/eldiariodesanpedro.com.ar\/sitio\/wp-content\/uploads\/2023\/10\/Imagen-de-WhatsApp-2023-10-03-a-las-12.29.29_58bb2bd1-272x204.jpg 272w\" data-sizes=\"(max-width: 840px) 100vw, 840px\" src=\"data:image\/svg+xml;base64,PHN2ZyB3aWR0aD0iMSIgaGVpZ2h0PSIxIiB4bWxucz0iaHR0cDovL3d3dy53My5vcmcvMjAwMC9zdmciPjwvc3ZnPg==\" style=\"--smush-placeholder-width: 840px; --smush-placeholder-aspect-ratio: 840\/630;\" \/><\/figure>\n","protected":false},"excerpt":{"rendered":"<p>Se desarrolla en el Club de Pescadores y N\u00e1utica de San Pedro la Asamblea Regional del Programa Provincial \u201cDecisi\u00f3n Ni\u00f1ez\u201d organizada conjuntamente por el Organismo Provincial de la Ni\u00f1ez y Adolescencia del Ministerio de Desarrollo de la Comunidad de la Provincia de Buenos Aires y la Secretar\u00eda de Desarrollo Humano de la Municipalidad de San [&hellip;]<\/p>\n","protected":false},"author":4,"featured_media":122824,"comment_status":"closed","ping_status":"closed","sticky":false,"template":"","format":"standard","meta":{"om_disable_all_campaigns":false,"_jetpack_memberships_contains_paid_content":false,"footnotes":""},"categories":[50,101,2],"tags":[197,696,33,19],"class_list":["post-122819","post","type-post","status-publish","format-standard","has-post-thumbnail","hentry","category-destacadas","category-interes-general-locales","category-locales","tag-buenos-aires","tag-interes-general","tag-locales","tag-san-pedro"],"aioseo_notices":[],"gutentor_comment":0,"jetpack_featured_media_url":"https:\/\/eldiariodesanpedro.com.ar\/sitio\/wp-content\/uploads\/2023\/10\/Imagen-de-WhatsApp-2023-10-03-a-las-12.29.31_f06297dc.jpg","jetpack_shortlink":"https:\/\/wp.me\/p6RhLt-vWX","jetpack_sharing_enabled":true,"_links":{"self":[{"href":"https:\/\/eldiariodesanpedro.com.ar\/sitio\/wp-json\/wp\/v2\/posts\/122819","targetHints":{"allow":["GET"]}}],"collection":[{"href":"https:\/\/eldiariodesanpedro.com.ar\/sitio\/wp-json\/wp\/v2\/posts"}],"about":[{"href":"https:\/\/eldiariodesanpedro.com.ar\/sitio\/wp-json\/wp\/v2\/types\/post"}],"author":[{"embeddable":true,"href":"https:\/\/eldiariodesanpedro.com.ar\/sitio\/wp-json\/wp\/v2\/users\/4"}],"replies":[{"embeddable":true,"href":"https:\/\/eldiariodesanpedro.com.ar\/sitio\/wp-json\/wp\/v2\/comments?post=122819"}],"version-history":[{"count":1,"href":"https:\/\/eldiariodesanpedro.com.ar\/sitio\/wp-json\/wp\/v2\/posts\/122819\/revisions"}],"predecessor-version":[{"id":122826,"href":"https:\/\/eldiariodesanpedro.com.ar\/sitio\/wp-json\/wp\/v2\/posts\/122819\/revisions\/122826"}],"wp:featuredmedia":[{"embeddable":true,"href":"https:\/\/eldiariodesanpedro.com.ar\/sitio\/wp-json\/wp\/v2\/media\/122824"}],"wp:attachment":[{"href":"https:\/\/eldiariodesanpedro.com.ar\/sitio\/wp-json\/wp\/v2\/media?parent=122819"}],"wp:term":[{"taxonomy":"category","embeddable":true,"href":"https:\/\/eldiariodesanpedro.com.ar\/sitio\/wp-json\/wp\/v2\/categories?post=122819"},{"taxonomy":"post_tag","embeddable":true,"href":"https:\/\/eldiariodesanpedro.com.ar\/sitio\/wp-json\/wp\/v2\/tags?post=122819"}],"curies":[{"name":"wp","href":"https:\/\/api.w.org\/{rel}","templated":true}]}}