{"id":122810,"date":"2023-10-03T21:17:33","date_gmt":"2023-10-04T00:17:33","guid":{"rendered":"https:\/\/eldiariodesanpedro.com.ar\/sitio\/?p=122810"},"modified":"2023-10-03T21:17:35","modified_gmt":"2023-10-04T00:17:35","slug":"primer-taller-del-plan-estrategico-san-pedro-2050","status":"publish","type":"post","link":"https:\/\/eldiariodesanpedro.com.ar\/sitio\/primer-taller-del-plan-estrategico-san-pedro-2050\/","title":{"rendered":"Primer taller del Plan Estrat\u00e9gico San Pedro 2050"},"content":{"rendered":"<!-- VideographyWP Plugin Message: Automatic video embedding prevented by plugin options. -->\n\n<p>La Municipalidad de San Pedro informa que se desarrollar\u00e1 el primer taller \u201cDesaf\u00edos y oportunidades productivas San Pedro 2050\u201d en el marco del Plan Estrat\u00e9gico 2050 presentado por el gobierno que encabeza el Intendente Cecilio Salazar.<\/p>\n\n\n\n<p>El taller se desarrollar\u00e1 el mi\u00e9rcoles 4 de octubre a las 17 hs. y constar\u00e1 de una modalidad virtual que se orientar\u00e1 a empresarios, emprendedores, trabajadores y aquellos que est\u00e9n directamente relacionados con el fortalecimiento del ecosistema productivo de San Pedro.<\/p>\n\n\n\n<p>Quienes deseen participar deber\u00e1n confirmar asistencia a trav\u00e9s del siguiente Link: <a href=\"https:\/\/bit.ly\/asistenciaT1\">https:\/\/bit.ly\/asistenciaT1<\/a> y una vez que se desarrolle la reuni\u00f3n deber\u00e1n acceder al siguiente Link: <a href=\"https:\/\/bit.ly\/\">https:\/\/bit.ly\/<\/a>oportunidadesproductivas previo a instalar la aplicaci\u00f3n Zoom en su dispositivo\u00a0electr\u00f3nico.<\/p>\n\n\n\n<figure class=\"wp-block-image size-full is-resized\"><img decoding=\"async\" data-attachment-id=\"122811\" data-permalink=\"https:\/\/eldiariodesanpedro.com.ar\/sitio\/primer-taller-del-plan-estrategico-san-pedro-2050\/imagen-de-whatsapp-2023-10-03-a-las-11-40-39_7f6ed909\/\" data-orig-file=\"https:\/\/eldiariodesanpedro.com.ar\/sitio\/wp-content\/uploads\/2023\/10\/Imagen-de-WhatsApp-2023-10-03-a-las-11.40.39_7f6ed909.jpg\" data-orig-size=\"354,630\" data-comments-opened=\"0\" data-image-meta=\"{&quot;aperture&quot;:&quot;0&quot;,&quot;credit&quot;:&quot;&quot;,&quot;camera&quot;:&quot;&quot;,&quot;caption&quot;:&quot;&quot;,&quot;created_timestamp&quot;:&quot;0&quot;,&quot;copyright&quot;:&quot;&quot;,&quot;focal_length&quot;:&quot;0&quot;,&quot;iso&quot;:&quot;0&quot;,&quot;shutter_speed&quot;:&quot;0&quot;,&quot;title&quot;:&quot;&quot;,&quot;orientation&quot;:&quot;0&quot;}\" data-image-title=\"Imagen de WhatsApp 2023-10-03 a las 11.40.39_7f6ed909\" data-image-description=\"\" data-image-caption=\"\" data-large-file=\"https:\/\/eldiariodesanpedro.com.ar\/sitio\/wp-content\/uploads\/2023\/10\/Imagen-de-WhatsApp-2023-10-03-a-las-11.40.39_7f6ed909.jpg\" data-src=\"https:\/\/eldiariodesanpedro.com.ar\/sitio\/wp-content\/uploads\/2023\/10\/Imagen-de-WhatsApp-2023-10-03-a-las-11.40.39_7f6ed909.jpg\" alt=\"\" class=\"wp-image-122811 lazyload\" style=\"--smush-placeholder-width: 355px; --smush-placeholder-aspect-ratio: 355\/631;width:355px;height:631px\" width=\"355\" height=\"631\" data-srcset=\"https:\/\/eldiariodesanpedro.com.ar\/sitio\/wp-content\/uploads\/2023\/10\/Imagen-de-WhatsApp-2023-10-03-a-las-11.40.39_7f6ed909.jpg 354w, https:\/\/eldiariodesanpedro.com.ar\/sitio\/wp-content\/uploads\/2023\/10\/Imagen-de-WhatsApp-2023-10-03-a-las-11.40.39_7f6ed909-169x300.jpg 169w\" data-sizes=\"(max-width: 355px) 100vw, 355px\" src=\"data:image\/svg+xml;base64,PHN2ZyB3aWR0aD0iMSIgaGVpZ2h0PSIxIiB4bWxucz0iaHR0cDovL3d3dy53My5vcmcvMjAwMC9zdmciPjwvc3ZnPg==\" \/><\/figure>\n\n\n<a href=\"https:\/\/eldiariodesanpedro.com.ar\/sitio\/wp-content\/uploads\/2023\/10\/Invitacion-Primer-taller-2-LINKS.pdf\" class=\"pdfemb-viewer\" style=\"\" data-width=\"max\" data-height=\"max\" data-toolbar=\"bottom\" data-toolbar-fixed=\"off\">Invitacion-Primer-taller-2-LINKS<\/a>\n<p class=\"wp-block-pdfemb-pdf-embedder-viewer\"><\/p>\n","protected":false},"excerpt":{"rendered":"<p>La Municipalidad de San Pedro informa que se desarrollar\u00e1 el primer taller \u201cDesaf\u00edos y oportunidades productivas San Pedro 2050\u201d en el marco del Plan Estrat\u00e9gico 2050 presentado por el gobierno que encabeza el Intendente Cecilio Salazar. El taller se desarrollar\u00e1 el mi\u00e9rcoles 4 de octubre a las 17 hs. y constar\u00e1 de una modalidad virtual [&hellip;]<\/p>\n","protected":false},"author":4,"featured_media":122726,"comment_status":"closed","ping_status":"closed","sticky":false,"template":"","format":"standard","meta":{"om_disable_all_campaigns":false,"_jetpack_memberships_contains_paid_content":false,"footnotes":""},"categories":[101,2],"tags":[],"class_list":["post-122810","post","type-post","status-publish","format-standard","has-post-thumbnail","hentry","category-interes-general-locales","category-locales"],"aioseo_notices":[],"gutentor_comment":0,"jetpack_featured_media_url":"https:\/\/eldiariodesanpedro.com.ar\/sitio\/wp-content\/uploads\/2023\/10\/Imagen-de-WhatsApp-2023-10-01-a-las-09.09.18_7d917c54.jpg","jetpack_shortlink":"https:\/\/wp.me\/p6RhLt-vWO","jetpack_sharing_enabled":true,"_links":{"self":[{"href":"https:\/\/eldiariodesanpedro.com.ar\/sitio\/wp-json\/wp\/v2\/posts\/122810","targetHints":{"allow":["GET"]}}],"collection":[{"href":"https:\/\/eldiariodesanpedro.com.ar\/sitio\/wp-json\/wp\/v2\/posts"}],"about":[{"href":"https:\/\/eldiariodesanpedro.com.ar\/sitio\/wp-json\/wp\/v2\/types\/post"}],"author":[{"embeddable":true,"href":"https:\/\/eldiariodesanpedro.com.ar\/sitio\/wp-json\/wp\/v2\/users\/4"}],"replies":[{"embeddable":true,"href":"https:\/\/eldiariodesanpedro.com.ar\/sitio\/wp-json\/wp\/v2\/comments?post=122810"}],"version-history":[{"count":1,"href":"https:\/\/eldiariodesanpedro.com.ar\/sitio\/wp-json\/wp\/v2\/posts\/122810\/revisions"}],"predecessor-version":[{"id":122813,"href":"https:\/\/eldiariodesanpedro.com.ar\/sitio\/wp-json\/wp\/v2\/posts\/122810\/revisions\/122813"}],"wp:featuredmedia":[{"embeddable":true,"href":"https:\/\/eldiariodesanpedro.com.ar\/sitio\/wp-json\/wp\/v2\/media\/122726"}],"wp:attachment":[{"href":"https:\/\/eldiariodesanpedro.com.ar\/sitio\/wp-json\/wp\/v2\/media?parent=122810"}],"wp:term":[{"taxonomy":"category","embeddable":true,"href":"https:\/\/eldiariodesanpedro.com.ar\/sitio\/wp-json\/wp\/v2\/categories?post=122810"},{"taxonomy":"post_tag","embeddable":true,"href":"https:\/\/eldiariodesanpedro.com.ar\/sitio\/wp-json\/wp\/v2\/tags?post=122810"}],"curies":[{"name":"wp","href":"https:\/\/api.w.org\/{rel}","templated":true}]}}