{"id":12281,"date":"2017-01-05T13:55:02","date_gmt":"2017-01-05T16:55:02","guid":{"rendered":"https:\/\/eldiariodesanpedro.com.ar\/sitio\/?p=12281"},"modified":"2017-01-05T13:55:02","modified_gmt":"2017-01-05T16:55:02","slug":"robaron-la-floreria-frente-al-cementerio","status":"publish","type":"post","link":"https:\/\/eldiariodesanpedro.com.ar\/sitio\/robaron-la-floreria-frente-al-cementerio\/","title":{"rendered":"Robaron la florer\u00eda frente al cementerio"},"content":{"rendered":"<p><!-- VideographyWP Plugin Message: Automatic video embedding prevented by plugin options. --><br \/>\nEn la madrugada de hoy la propietaria del comercio de flores ubicado en frente al cementerio local denuncio que autores ignorados en el transcurso de la madrugada habr\u00edan ingresado a su comercio ejerciendo violencia sobre la puerta trasera del local, la due\u00f1a pudo constatar que hab\u00eda faltantes de macetas varias, velas y corazones de acr\u00edlico. Intervino la UFI N\u00ba 7<\/p>\n","protected":false},"excerpt":{"rendered":"<p>En la madrugada de hoy la propietaria del comercio de flores ubicado en frente al cementerio local denuncio que autores ignorados en el transcurso de la madrugada habr\u00edan ingresado a su comercio ejerciendo violencia sobre la puerta trasera del local, la due\u00f1a pudo constatar que hab\u00eda faltantes de macetas varias, velas y corazones de acr\u00edlico. [&hellip;]<\/p>\n","protected":false},"author":4,"featured_media":9491,"comment_status":"open","ping_status":"closed","sticky":false,"template":"","format":"standard","meta":{"om_disable_all_campaigns":false,"_jetpack_memberships_contains_paid_content":false,"footnotes":""},"categories":[2,103],"tags":[],"class_list":["post-12281","post","type-post","status-publish","format-standard","has-post-thumbnail","hentry","category-locales","category-policiales-locales"],"aioseo_notices":[],"gutentor_comment":0,"jetpack_featured_media_url":"https:\/\/eldiariodesanpedro.com.ar\/sitio\/wp-content\/uploads\/2016\/11\/patrullero.jpg","jetpack_shortlink":"https:\/\/wp.me\/p6RhLt-3c5","jetpack_sharing_enabled":true,"_links":{"self":[{"href":"https:\/\/eldiariodesanpedro.com.ar\/sitio\/wp-json\/wp\/v2\/posts\/12281","targetHints":{"allow":["GET"]}}],"collection":[{"href":"https:\/\/eldiariodesanpedro.com.ar\/sitio\/wp-json\/wp\/v2\/posts"}],"about":[{"href":"https:\/\/eldiariodesanpedro.com.ar\/sitio\/wp-json\/wp\/v2\/types\/post"}],"author":[{"embeddable":true,"href":"https:\/\/eldiariodesanpedro.com.ar\/sitio\/wp-json\/wp\/v2\/users\/4"}],"replies":[{"embeddable":true,"href":"https:\/\/eldiariodesanpedro.com.ar\/sitio\/wp-json\/wp\/v2\/comments?post=12281"}],"version-history":[{"count":1,"href":"https:\/\/eldiariodesanpedro.com.ar\/sitio\/wp-json\/wp\/v2\/posts\/12281\/revisions"}],"predecessor-version":[{"id":12282,"href":"https:\/\/eldiariodesanpedro.com.ar\/sitio\/wp-json\/wp\/v2\/posts\/12281\/revisions\/12282"}],"wp:featuredmedia":[{"embeddable":true,"href":"https:\/\/eldiariodesanpedro.com.ar\/sitio\/wp-json\/wp\/v2\/media\/9491"}],"wp:attachment":[{"href":"https:\/\/eldiariodesanpedro.com.ar\/sitio\/wp-json\/wp\/v2\/media?parent=12281"}],"wp:term":[{"taxonomy":"category","embeddable":true,"href":"https:\/\/eldiariodesanpedro.com.ar\/sitio\/wp-json\/wp\/v2\/categories?post=12281"},{"taxonomy":"post_tag","embeddable":true,"href":"https:\/\/eldiariodesanpedro.com.ar\/sitio\/wp-json\/wp\/v2\/tags?post=12281"}],"curies":[{"name":"wp","href":"https:\/\/api.w.org\/{rel}","templated":true}]}}