{"id":122796,"date":"2023-10-03T11:51:00","date_gmt":"2023-10-03T14:51:00","guid":{"rendered":"https:\/\/eldiariodesanpedro.com.ar\/sitio\/?p=122796"},"modified":"2023-10-03T11:51:02","modified_gmt":"2023-10-03T14:51:02","slug":"edicto-de-sucesion-de-horacio-roberto-lambelet","status":"publish","type":"post","link":"https:\/\/eldiariodesanpedro.com.ar\/sitio\/edicto-de-sucesion-de-horacio-roberto-lambelet\/","title":{"rendered":"Edicto de Sucesi\u00f3n de Horacio Roberto Lambelet"},"content":{"rendered":"<!-- VideographyWP Plugin Message: Automatic video embedding prevented by plugin options. -->\n\n<p>El Juzgado de Paz Letrado de Baradero, cita y emplaza por treinta d\u00edas a herederos y acreedores de <strong>Horacio Roberto Lambelet<\/strong>.- Baradero, 27 de septiembre de 2023-<\/p>\n\n\n\n<p>ESTEBAN OMAR PERUSINA<br>ABOGADO SECRETARIO<\/p>\n\n\n\n<p>(Publicaci\u00f3n V\u00e1lida los d\u00edas 03, 04 y 05 de octubre de 2023)<br><a href=\"https:\/\/notificaciones.scba.gov.ar\/verificarnotificacion.aspx?codNotif=MH0JZ7ME6KJ9\">https:\/\/notificaciones.scba.gov.ar\/verificarnotificacion.aspx?codNotif=MH0JZ7ME6KJ9<\/a><\/p>\n","protected":false},"excerpt":{"rendered":"<p>El Juzgado de Paz Letrado de Baradero, cita y emplaza por treinta d\u00edas a herederos y acreedores de Horacio Roberto Lambelet.- Baradero, 27 de septiembre de 2023- ESTEBAN OMAR PERUSINAABOGADO SECRETARIO (Publicaci\u00f3n V\u00e1lida los d\u00edas 03, 04 y 05 de octubre de 2023)https:\/\/notificaciones.scba.gov.ar\/verificarnotificacion.aspx?codNotif=MH0JZ7ME6KJ9<\/p>\n","protected":false},"author":4,"featured_media":102746,"comment_status":"closed","ping_status":"closed","sticky":false,"template":"","format":"standard","meta":{"om_disable_all_campaigns":false,"_jetpack_memberships_contains_paid_content":false,"footnotes":""},"categories":[676,677],"tags":[4521],"class_list":["post-122796","post","type-post","status-publish","format-standard","has-post-thumbnail","hentry","category-edictos","category-edictos-sucesorios","tag-edicto-de-sucesion-de-horacio-roberto-lambelet"],"aioseo_notices":[],"gutentor_comment":0,"jetpack_featured_media_url":"https:\/\/eldiariodesanpedro.com.ar\/sitio\/wp-content\/uploads\/2022\/01\/EDICTO.jpg","jetpack_shortlink":"https:\/\/wp.me\/p6RhLt-vWA","jetpack_sharing_enabled":true,"_links":{"self":[{"href":"https:\/\/eldiariodesanpedro.com.ar\/sitio\/wp-json\/wp\/v2\/posts\/122796","targetHints":{"allow":["GET"]}}],"collection":[{"href":"https:\/\/eldiariodesanpedro.com.ar\/sitio\/wp-json\/wp\/v2\/posts"}],"about":[{"href":"https:\/\/eldiariodesanpedro.com.ar\/sitio\/wp-json\/wp\/v2\/types\/post"}],"author":[{"embeddable":true,"href":"https:\/\/eldiariodesanpedro.com.ar\/sitio\/wp-json\/wp\/v2\/users\/4"}],"replies":[{"embeddable":true,"href":"https:\/\/eldiariodesanpedro.com.ar\/sitio\/wp-json\/wp\/v2\/comments?post=122796"}],"version-history":[{"count":1,"href":"https:\/\/eldiariodesanpedro.com.ar\/sitio\/wp-json\/wp\/v2\/posts\/122796\/revisions"}],"predecessor-version":[{"id":122797,"href":"https:\/\/eldiariodesanpedro.com.ar\/sitio\/wp-json\/wp\/v2\/posts\/122796\/revisions\/122797"}],"wp:featuredmedia":[{"embeddable":true,"href":"https:\/\/eldiariodesanpedro.com.ar\/sitio\/wp-json\/wp\/v2\/media\/102746"}],"wp:attachment":[{"href":"https:\/\/eldiariodesanpedro.com.ar\/sitio\/wp-json\/wp\/v2\/media?parent=122796"}],"wp:term":[{"taxonomy":"category","embeddable":true,"href":"https:\/\/eldiariodesanpedro.com.ar\/sitio\/wp-json\/wp\/v2\/categories?post=122796"},{"taxonomy":"post_tag","embeddable":true,"href":"https:\/\/eldiariodesanpedro.com.ar\/sitio\/wp-json\/wp\/v2\/tags?post=122796"}],"curies":[{"name":"wp","href":"https:\/\/api.w.org\/{rel}","templated":true}]}}