{"id":122788,"date":"2023-10-03T20:49:26","date_gmt":"2023-10-03T23:49:26","guid":{"rendered":"https:\/\/eldiariodesanpedro.com.ar\/sitio\/?p=122788"},"modified":"2023-10-03T20:49:28","modified_gmt":"2023-10-03T23:49:28","slug":"historica-regularizacion-del-convenio-entre-la-municipalidad-y-el-tiro-federal","status":"publish","type":"post","link":"https:\/\/eldiariodesanpedro.com.ar\/sitio\/historica-regularizacion-del-convenio-entre-la-municipalidad-y-el-tiro-federal\/","title":{"rendered":"Hist\u00f3rica regularizaci\u00f3n del convenio entre la Municipalidad y el Tiro Federal"},"content":{"rendered":"<!-- VideographyWP Plugin Message: Automatic video embedding prevented by plugin options. -->\n\n<p>El lunes 2 de octubre por la ma\u00f1ana, en el despacho oficial, el Intendente Cecilio Salazar encabez\u00f3 la firma de un convenio entre la Municipalidad de San Pedro y el Tiro Federal \u201cRugby Bigu\u00e1\u201d representado por su presidente Mario P\u00e9rez, para actualizar y regularizar el v\u00ednculo que otorga a la instituci\u00f3n, la posesi\u00f3n del predio ubicado al pie de las barrancas.<\/p>\n\n\n\n<p>En un acto muy importante, que se concreta luego de las reuniones realizadas durante los \u00faltimos meses, ha quedado de manifiesto una vez m\u00e1s, la pol\u00edtica del intendente Cecilio Salazar, que ratifica el compromiso con la promoci\u00f3n y el desarrollo de las actividades deportivas y recreativas en beneficio de nuestra comunidad.<\/p>\n\n\n\n<p>El documento suscripto, que ser\u00e1 enviado para su convalidaci\u00f3n al HCD, concesiona al Tiro Federal Rugby Bigu\u00e1 por los pr\u00f3ximos 30 a\u00f1os el uso gratuito del predio ubicado en Av. Espa\u00f1a que el club utiliza para la pr\u00e1ctica del deporte, con la concurrencia de aproximadamente 400 deportistas.<\/p>\n\n\n\n<p>La entidad, que viene llevando adelante la pr\u00e1ctica del rugby desde hace 34 a\u00f1os, tiene proyectos muy importantes de cara al futuro, para los cu\u00e1les, tal cual reza el convenio firmado, necesitar\u00e1n la autorizaci\u00f3n de la municipalidad. Adem\u00e1s, con este acuerdo, el predio estar\u00e1 disponible para la organizaci\u00f3n de actividades p\u00fablicas.<\/p>\n\n\n\n<p>Junto al Intendente Cecilio Salazar y el Presidente del Tiro, participaron en el acto, el Vicepresidente Diego Almada, el Secretario de Gobierno, Mart\u00edn Baraybar y el Director de Deportes, Mariano Arnal.<br>El Intendente remarc\u00f3 que este plan de regularizaci\u00f3n vinculado con entidades de bien p\u00fablico continuar\u00e1 con otros tr\u00e1mites que se encuentran pendientes desde hace mucho tiempo y que buscan darles el respaldo y el acompa\u00f1amiento que estas instituciones\u00a0merecen.<\/p>\n\n\n\n<figure class=\"wp-block-image size-full\"><img decoding=\"async\" width=\"946\" height=\"630\" data-attachment-id=\"122806\" data-permalink=\"https:\/\/eldiariodesanpedro.com.ar\/sitio\/historica-regularizacion-del-convenio-entre-la-municipalidad-y-el-tiro-federal\/imagen-de-whatsapp-2023-10-03-a-las-10-51-04_86602678\/\" data-orig-file=\"https:\/\/eldiariodesanpedro.com.ar\/sitio\/wp-content\/uploads\/2023\/10\/Imagen-de-WhatsApp-2023-10-03-a-las-10.51.04_86602678.jpg\" data-orig-size=\"946,630\" data-comments-opened=\"0\" data-image-meta=\"{&quot;aperture&quot;:&quot;0&quot;,&quot;credit&quot;:&quot;&quot;,&quot;camera&quot;:&quot;&quot;,&quot;caption&quot;:&quot;&quot;,&quot;created_timestamp&quot;:&quot;0&quot;,&quot;copyright&quot;:&quot;&quot;,&quot;focal_length&quot;:&quot;0&quot;,&quot;iso&quot;:&quot;0&quot;,&quot;shutter_speed&quot;:&quot;0&quot;,&quot;title&quot;:&quot;&quot;,&quot;orientation&quot;:&quot;0&quot;}\" data-image-title=\"Imagen de WhatsApp 2023-10-03 a las 10.51.04_86602678\" data-image-description=\"\" data-image-caption=\"\" data-large-file=\"https:\/\/eldiariodesanpedro.com.ar\/sitio\/wp-content\/uploads\/2023\/10\/Imagen-de-WhatsApp-2023-10-03-a-las-10.51.04_86602678.jpg\" data-src=\"https:\/\/eldiariodesanpedro.com.ar\/sitio\/wp-content\/uploads\/2023\/10\/Imagen-de-WhatsApp-2023-10-03-a-las-10.51.04_86602678.jpg\" alt=\"\" class=\"wp-image-122806 lazyload\" data-srcset=\"https:\/\/eldiariodesanpedro.com.ar\/sitio\/wp-content\/uploads\/2023\/10\/Imagen-de-WhatsApp-2023-10-03-a-las-10.51.04_86602678.jpg 946w, https:\/\/eldiariodesanpedro.com.ar\/sitio\/wp-content\/uploads\/2023\/10\/Imagen-de-WhatsApp-2023-10-03-a-las-10.51.04_86602678-300x200.jpg 300w, https:\/\/eldiariodesanpedro.com.ar\/sitio\/wp-content\/uploads\/2023\/10\/Imagen-de-WhatsApp-2023-10-03-a-las-10.51.04_86602678-768x511.jpg 768w\" data-sizes=\"(max-width: 946px) 100vw, 946px\" src=\"data:image\/svg+xml;base64,PHN2ZyB3aWR0aD0iMSIgaGVpZ2h0PSIxIiB4bWxucz0iaHR0cDovL3d3dy53My5vcmcvMjAwMC9zdmciPjwvc3ZnPg==\" style=\"--smush-placeholder-width: 946px; --smush-placeholder-aspect-ratio: 946\/630;\" \/><\/figure>\n\n\n\n<figure class=\"wp-block-image size-large\"><img decoding=\"async\" width=\"1024\" height=\"347\" data-attachment-id=\"122808\" data-permalink=\"https:\/\/eldiariodesanpedro.com.ar\/sitio\/historica-regularizacion-del-convenio-entre-la-municipalidad-y-el-tiro-federal\/imagen-de-whatsapp-2023-10-03-a-las-10-38-40_09841dc1\/\" data-orig-file=\"https:\/\/eldiariodesanpedro.com.ar\/sitio\/wp-content\/uploads\/2023\/10\/Imagen-de-WhatsApp-2023-10-03-a-las-10.38.40_09841dc1.jpg\" data-orig-size=\"1180,400\" data-comments-opened=\"0\" data-image-meta=\"{&quot;aperture&quot;:&quot;0&quot;,&quot;credit&quot;:&quot;&quot;,&quot;camera&quot;:&quot;&quot;,&quot;caption&quot;:&quot;&quot;,&quot;created_timestamp&quot;:&quot;0&quot;,&quot;copyright&quot;:&quot;&quot;,&quot;focal_length&quot;:&quot;0&quot;,&quot;iso&quot;:&quot;0&quot;,&quot;shutter_speed&quot;:&quot;0&quot;,&quot;title&quot;:&quot;&quot;,&quot;orientation&quot;:&quot;0&quot;}\" data-image-title=\"Imagen de WhatsApp 2023-10-03 a las 10.38.40_09841dc1\" data-image-description=\"\" data-image-caption=\"\" data-large-file=\"https:\/\/eldiariodesanpedro.com.ar\/sitio\/wp-content\/uploads\/2023\/10\/Imagen-de-WhatsApp-2023-10-03-a-las-10.38.40_09841dc1-1024x347.jpg\" data-src=\"https:\/\/eldiariodesanpedro.com.ar\/sitio\/wp-content\/uploads\/2023\/10\/Imagen-de-WhatsApp-2023-10-03-a-las-10.38.40_09841dc1-1024x347.jpg\" alt=\"\" class=\"wp-image-122808 lazyload\" data-srcset=\"https:\/\/eldiariodesanpedro.com.ar\/sitio\/wp-content\/uploads\/2023\/10\/Imagen-de-WhatsApp-2023-10-03-a-las-10.38.40_09841dc1-1024x347.jpg 1024w, https:\/\/eldiariodesanpedro.com.ar\/sitio\/wp-content\/uploads\/2023\/10\/Imagen-de-WhatsApp-2023-10-03-a-las-10.38.40_09841dc1-300x102.jpg 300w, https:\/\/eldiariodesanpedro.com.ar\/sitio\/wp-content\/uploads\/2023\/10\/Imagen-de-WhatsApp-2023-10-03-a-las-10.38.40_09841dc1-768x260.jpg 768w, https:\/\/eldiariodesanpedro.com.ar\/sitio\/wp-content\/uploads\/2023\/10\/Imagen-de-WhatsApp-2023-10-03-a-las-10.38.40_09841dc1.jpg 1180w\" data-sizes=\"(max-width: 1024px) 100vw, 1024px\" src=\"data:image\/svg+xml;base64,PHN2ZyB3aWR0aD0iMSIgaGVpZ2h0PSIxIiB4bWxucz0iaHR0cDovL3d3dy53My5vcmcvMjAwMC9zdmciPjwvc3ZnPg==\" style=\"--smush-placeholder-width: 1024px; --smush-placeholder-aspect-ratio: 1024\/347;\" \/><\/figure>\n\n\n\n<figure class=\"wp-block-image size-full is-resized\"><img decoding=\"async\" data-attachment-id=\"122807\" data-permalink=\"https:\/\/eldiariodesanpedro.com.ar\/sitio\/historica-regularizacion-del-convenio-entre-la-municipalidad-y-el-tiro-federal\/banner-800x160-2\/\" data-orig-file=\"https:\/\/eldiariodesanpedro.com.ar\/sitio\/wp-content\/uploads\/2023\/10\/BANNER-800x160-2.jpg\" data-orig-size=\"800,160\" data-comments-opened=\"0\" data-image-meta=\"{&quot;aperture&quot;:&quot;0&quot;,&quot;credit&quot;:&quot;&quot;,&quot;camera&quot;:&quot;&quot;,&quot;caption&quot;:&quot;&quot;,&quot;created_timestamp&quot;:&quot;0&quot;,&quot;copyright&quot;:&quot;&quot;,&quot;focal_length&quot;:&quot;0&quot;,&quot;iso&quot;:&quot;0&quot;,&quot;shutter_speed&quot;:&quot;0&quot;,&quot;title&quot;:&quot;&quot;,&quot;orientation&quot;:&quot;1&quot;}\" data-image-title=\"BANNER-800&amp;#215;160-2\" data-image-description=\"\" data-image-caption=\"\" data-large-file=\"https:\/\/eldiariodesanpedro.com.ar\/sitio\/wp-content\/uploads\/2023\/10\/BANNER-800x160-2.jpg\" data-src=\"https:\/\/eldiariodesanpedro.com.ar\/sitio\/wp-content\/uploads\/2023\/10\/BANNER-800x160-2.jpg\" alt=\"\" class=\"wp-image-122807 lazyload\" style=\"--smush-placeholder-width: 840px; --smush-placeholder-aspect-ratio: 840\/168;width:840px;height:168px\" width=\"840\" height=\"168\" data-srcset=\"https:\/\/eldiariodesanpedro.com.ar\/sitio\/wp-content\/uploads\/2023\/10\/BANNER-800x160-2.jpg 800w, https:\/\/eldiariodesanpedro.com.ar\/sitio\/wp-content\/uploads\/2023\/10\/BANNER-800x160-2-300x60.jpg 300w, https:\/\/eldiariodesanpedro.com.ar\/sitio\/wp-content\/uploads\/2023\/10\/BANNER-800x160-2-768x154.jpg 768w\" data-sizes=\"(max-width: 840px) 100vw, 840px\" src=\"data:image\/svg+xml;base64,PHN2ZyB3aWR0aD0iMSIgaGVpZ2h0PSIxIiB4bWxucz0iaHR0cDovL3d3dy53My5vcmcvMjAwMC9zdmciPjwvc3ZnPg==\" \/><\/figure>\n","protected":false},"excerpt":{"rendered":"<p>El lunes 2 de octubre por la ma\u00f1ana, en el despacho oficial, el Intendente Cecilio Salazar encabez\u00f3 la firma de un convenio entre la Municipalidad de San Pedro y el Tiro Federal \u201cRugby Bigu\u00e1\u201d representado por su presidente Mario P\u00e9rez, para actualizar y regularizar el v\u00ednculo que otorga a la instituci\u00f3n, la posesi\u00f3n del predio [&hellip;]<\/p>\n","protected":false},"author":4,"featured_media":122805,"comment_status":"closed","ping_status":"closed","sticky":false,"template":"","format":"standard","meta":{"om_disable_all_campaigns":false,"_jetpack_memberships_contains_paid_content":false,"footnotes":""},"categories":[50,101,2],"tags":[197,696,33,19],"class_list":["post-122788","post","type-post","status-publish","format-standard","has-post-thumbnail","hentry","category-destacadas","category-interes-general-locales","category-locales","tag-buenos-aires","tag-interes-general","tag-locales","tag-san-pedro"],"aioseo_notices":[],"gutentor_comment":0,"jetpack_featured_media_url":"https:\/\/eldiariodesanpedro.com.ar\/sitio\/wp-content\/uploads\/2023\/10\/Imagen-de-WhatsApp-2023-10-03-a-las-10.51.04_928169e2.jpg","jetpack_shortlink":"https:\/\/wp.me\/p6RhLt-vWs","jetpack_sharing_enabled":true,"_links":{"self":[{"href":"https:\/\/eldiariodesanpedro.com.ar\/sitio\/wp-json\/wp\/v2\/posts\/122788","targetHints":{"allow":["GET"]}}],"collection":[{"href":"https:\/\/eldiariodesanpedro.com.ar\/sitio\/wp-json\/wp\/v2\/posts"}],"about":[{"href":"https:\/\/eldiariodesanpedro.com.ar\/sitio\/wp-json\/wp\/v2\/types\/post"}],"author":[{"embeddable":true,"href":"https:\/\/eldiariodesanpedro.com.ar\/sitio\/wp-json\/wp\/v2\/users\/4"}],"replies":[{"embeddable":true,"href":"https:\/\/eldiariodesanpedro.com.ar\/sitio\/wp-json\/wp\/v2\/comments?post=122788"}],"version-history":[{"count":1,"href":"https:\/\/eldiariodesanpedro.com.ar\/sitio\/wp-json\/wp\/v2\/posts\/122788\/revisions"}],"predecessor-version":[{"id":122809,"href":"https:\/\/eldiariodesanpedro.com.ar\/sitio\/wp-json\/wp\/v2\/posts\/122788\/revisions\/122809"}],"wp:featuredmedia":[{"embeddable":true,"href":"https:\/\/eldiariodesanpedro.com.ar\/sitio\/wp-json\/wp\/v2\/media\/122805"}],"wp:attachment":[{"href":"https:\/\/eldiariodesanpedro.com.ar\/sitio\/wp-json\/wp\/v2\/media?parent=122788"}],"wp:term":[{"taxonomy":"category","embeddable":true,"href":"https:\/\/eldiariodesanpedro.com.ar\/sitio\/wp-json\/wp\/v2\/categories?post=122788"},{"taxonomy":"post_tag","embeddable":true,"href":"https:\/\/eldiariodesanpedro.com.ar\/sitio\/wp-json\/wp\/v2\/tags?post=122788"}],"curies":[{"name":"wp","href":"https:\/\/api.w.org\/{rel}","templated":true}]}}