{"id":122780,"date":"2023-10-02T21:47:02","date_gmt":"2023-10-03T00:47:02","guid":{"rendered":"https:\/\/eldiariodesanpedro.com.ar\/sitio\/?p=122780"},"modified":"2023-10-03T08:45:59","modified_gmt":"2023-10-03T11:45:59","slug":"asablea-anual-ordinaria-de-la-asociacion-circulo-medico","status":"publish","type":"post","link":"https:\/\/eldiariodesanpedro.com.ar\/sitio\/asablea-anual-ordinaria-de-la-asociacion-circulo-medico\/","title":{"rendered":"Asablea Anual Ordinaria de la Asociaci\u00f3n Circulo Medico"},"content":{"rendered":"<!-- VideographyWP Plugin Message: Automatic video embedding prevented by plugin options. -->\n\n<p>LA ASOCIACION CIRCULO MEDICO DE SAN PEDRO tiene el agrado de invitar a sus asociados a la ASAMBLEA ANUAL ORDINARIA que se llevara a cabo en el local de la Entidad calle G\u00fcemes 48, el d\u00eda mi\u00e9rcoles 25 de octubre de 2023, a las 20.30 en primera citaci\u00f3n y 21.00 en segunda con el siguiente:<\/p>\n\n\n\n<p class=\"has-text-align-center\"><strong>ORDEN DEL DIA<\/strong><\/p>\n\n\n\n<ol class=\"wp-block-list\">\n<li>Designaci\u00f3n de dos Asambleistas para firmar el acta conjuntamente con el Sr. Presidente.<\/li>\n\n\n\n<li>Lectura y consideraci\u00f3n de la Memoria y aprobaci\u00f3n del Balance del ejercicio comprendido entre el 1 de Junio de 2022 al 31 de Mayo de 2023.<\/li>\n\n\n\n<li>Renovaci\u00f3n de Autoridades y elecci\u00f3n de los siguientes cargos:<br>Presidente por dos a\u00f1os en reemplazo de la Dra. Dold\u00e1n Liliana por terminaci\u00f3n de su mandato.<br>Prosecretario por dos a\u00f1os en reemplazo del Dr. Crucianelli Gast\u00f3n por terminaci\u00f3n de su mandato.<br>Tesorero por dos a\u00f1os en reemplazo del Dr. Ureta Daniel por terminaci\u00f3n su mandato.<br>Vocal segundo por dos a\u00f1os en reemplazo de la Dra. Perroud Carolina por terminaci\u00f3n de su mandato.<br>Revisores de cuentas en reemplazo de los Dres. Gerini Daniel y Taurizano Ana.<\/li>\n\n\n\n<li>Aprobaci\u00f3n de la gesti\u00f3n de la Comisi\u00f3n Directiva.<\/li>\n<\/ol>\n\n\n\n<p>Se informa con relaci\u00f3n al punto 3 que la presentaci\u00f3n de listas se recibir\u00e1 hasta 5 d\u00edas antes de la fecha fijada para la Asamblea seg\u00fan Estatuto.<\/p>\n\n\n\n<p>Para la primera convocatoria, es necesario un qu\u00f3rum de m\u00e1s de la mitad de los asociados con derecho a voto y en segunda convocatoria la asamblea se realiza con cualquier n\u00famero de socios presentes siempre que sea mayor que el de los miembros de la Comisi\u00f3n Directiva.<\/p>\n\n\n\n<p>SECRETARIO &#8211; Dr. Carzino Carlos<br>PRESIDENTE &#8211; Dra. Dold\u00e1n Liliana<\/p>\n","protected":false},"excerpt":{"rendered":"<p>LA ASOCIACION CIRCULO MEDICO DE SAN PEDRO tiene el agrado de invitar a sus asociados a la ASAMBLEA ANUAL ORDINARIA que se llevara a cabo en el local de la Entidad calle G\u00fcemes 48, el d\u00eda mi\u00e9rcoles 25 de octubre de 2023, a las 20.30 en primera citaci\u00f3n y 21.00 en segunda con el siguiente: [&hellip;]<\/p>\n","protected":false},"author":4,"featured_media":122782,"comment_status":"closed","ping_status":"closed","sticky":false,"template":"","format":"standard","meta":{"om_disable_all_campaigns":false,"_jetpack_memberships_contains_paid_content":false,"footnotes":""},"categories":[678,676],"tags":[],"class_list":["post-122780","post","type-post","status-publish","format-standard","has-post-thumbnail","hentry","category-convocatorias","category-edictos"],"aioseo_notices":[],"gutentor_comment":0,"jetpack_featured_media_url":"https:\/\/eldiariodesanpedro.com.ar\/sitio\/wp-content\/uploads\/2023\/10\/Circulo-Medico-Convocatoria.jpg","jetpack_shortlink":"https:\/\/wp.me\/p6RhLt-vWk","jetpack_sharing_enabled":true,"_links":{"self":[{"href":"https:\/\/eldiariodesanpedro.com.ar\/sitio\/wp-json\/wp\/v2\/posts\/122780","targetHints":{"allow":["GET"]}}],"collection":[{"href":"https:\/\/eldiariodesanpedro.com.ar\/sitio\/wp-json\/wp\/v2\/posts"}],"about":[{"href":"https:\/\/eldiariodesanpedro.com.ar\/sitio\/wp-json\/wp\/v2\/types\/post"}],"author":[{"embeddable":true,"href":"https:\/\/eldiariodesanpedro.com.ar\/sitio\/wp-json\/wp\/v2\/users\/4"}],"replies":[{"embeddable":true,"href":"https:\/\/eldiariodesanpedro.com.ar\/sitio\/wp-json\/wp\/v2\/comments?post=122780"}],"version-history":[{"count":1,"href":"https:\/\/eldiariodesanpedro.com.ar\/sitio\/wp-json\/wp\/v2\/posts\/122780\/revisions"}],"predecessor-version":[{"id":122783,"href":"https:\/\/eldiariodesanpedro.com.ar\/sitio\/wp-json\/wp\/v2\/posts\/122780\/revisions\/122783"}],"wp:featuredmedia":[{"embeddable":true,"href":"https:\/\/eldiariodesanpedro.com.ar\/sitio\/wp-json\/wp\/v2\/media\/122782"}],"wp:attachment":[{"href":"https:\/\/eldiariodesanpedro.com.ar\/sitio\/wp-json\/wp\/v2\/media?parent=122780"}],"wp:term":[{"taxonomy":"category","embeddable":true,"href":"https:\/\/eldiariodesanpedro.com.ar\/sitio\/wp-json\/wp\/v2\/categories?post=122780"},{"taxonomy":"post_tag","embeddable":true,"href":"https:\/\/eldiariodesanpedro.com.ar\/sitio\/wp-json\/wp\/v2\/tags?post=122780"}],"curies":[{"name":"wp","href":"https:\/\/api.w.org\/{rel}","templated":true}]}}