{"id":122777,"date":"2023-10-02T21:31:30","date_gmt":"2023-10-03T00:31:30","guid":{"rendered":"https:\/\/eldiariodesanpedro.com.ar\/sitio\/?p=122777"},"modified":"2023-10-03T09:25:20","modified_gmt":"2023-10-03T12:25:20","slug":"notificacion-inicio-de-temporada-produccion-de-arandano-2023-2024","status":"publish","type":"post","link":"https:\/\/eldiariodesanpedro.com.ar\/sitio\/notificacion-inicio-de-temporada-produccion-de-arandano-2023-2024\/","title":{"rendered":"Notificaci\u00f3n inicio de temporada producci\u00f3n de arandano 2023\/2024"},"content":{"rendered":"<!-- VideographyWP Plugin Message: Automatic video embedding prevented by plugin options. -->\n\n<p class=\"has-text-align-center\"><strong>ROCIO DEL SUR, LA CUBANA, PRODUCCION ARANDANO A\u00d1O 2023\/2024<\/strong><\/p>\n\n\n\n<p>La empresa notifica por este medio a todo el personal que a partir del d\u00eda 15\/10\/2023 comienza la CAMPA\u00d1A DE AR\u00c1NDANO en la planta de congelados.<\/p>\n\n\n\n<p>Se le dar\u00e1 prioridad a las personas que ya trabajaron en temporadas pasadas.<\/p>\n\n\n\n<p>Solicitamos personal femenino y masculino para trabajar en la l\u00ednea de producci\u00f3n.<\/p>\n\n\n\n<p>La Cubana S.A.\/Roc\u00edo del Sur<br>Acceso a Gdor. Castro<\/p>\n\n\n\n<p><strong>Gerente de Planta<\/strong><br><strong>Gonz\u00e1lez Javier<\/strong><\/p>\n\n\n\n<p>(Publicaci\u00f3n V\u00e1lida los d\u00edas 02 y 03 de octubre de 2023)<\/p>\n","protected":false},"excerpt":{"rendered":"<p>ROCIO DEL SUR, LA CUBANA, PRODUCCION ARANDANO A\u00d1O 2023\/2024 La empresa notifica por este medio a todo el personal que a partir del d\u00eda 15\/10\/2023 comienza la CAMPA\u00d1A DE AR\u00c1NDANO en la planta de congelados. Se le dar\u00e1 prioridad a las personas que ya trabajaron en temporadas pasadas. Solicitamos personal femenino y masculino para trabajar [&hellip;]<\/p>\n","protected":false},"author":4,"featured_media":122785,"comment_status":"closed","ping_status":"closed","sticky":false,"template":"","format":"standard","meta":{"om_disable_all_campaigns":false,"_jetpack_memberships_contains_paid_content":false,"footnotes":""},"categories":[678,676],"tags":[],"class_list":["post-122777","post","type-post","status-publish","format-standard","has-post-thumbnail","hentry","category-convocatorias","category-edictos"],"aioseo_notices":[],"gutentor_comment":0,"jetpack_featured_media_url":"https:\/\/eldiariodesanpedro.com.ar\/sitio\/wp-content\/uploads\/2023\/10\/La-Cubana-Rodio-del-Sur-octubre-2023-1.jpg","jetpack_shortlink":"https:\/\/wp.me\/p6RhLt-vWh","jetpack_sharing_enabled":true,"_links":{"self":[{"href":"https:\/\/eldiariodesanpedro.com.ar\/sitio\/wp-json\/wp\/v2\/posts\/122777","targetHints":{"allow":["GET"]}}],"collection":[{"href":"https:\/\/eldiariodesanpedro.com.ar\/sitio\/wp-json\/wp\/v2\/posts"}],"about":[{"href":"https:\/\/eldiariodesanpedro.com.ar\/sitio\/wp-json\/wp\/v2\/types\/post"}],"author":[{"embeddable":true,"href":"https:\/\/eldiariodesanpedro.com.ar\/sitio\/wp-json\/wp\/v2\/users\/4"}],"replies":[{"embeddable":true,"href":"https:\/\/eldiariodesanpedro.com.ar\/sitio\/wp-json\/wp\/v2\/comments?post=122777"}],"version-history":[{"count":2,"href":"https:\/\/eldiariodesanpedro.com.ar\/sitio\/wp-json\/wp\/v2\/posts\/122777\/revisions"}],"predecessor-version":[{"id":122786,"href":"https:\/\/eldiariodesanpedro.com.ar\/sitio\/wp-json\/wp\/v2\/posts\/122777\/revisions\/122786"}],"wp:featuredmedia":[{"embeddable":true,"href":"https:\/\/eldiariodesanpedro.com.ar\/sitio\/wp-json\/wp\/v2\/media\/122785"}],"wp:attachment":[{"href":"https:\/\/eldiariodesanpedro.com.ar\/sitio\/wp-json\/wp\/v2\/media?parent=122777"}],"wp:term":[{"taxonomy":"category","embeddable":true,"href":"https:\/\/eldiariodesanpedro.com.ar\/sitio\/wp-json\/wp\/v2\/categories?post=122777"},{"taxonomy":"post_tag","embeddable":true,"href":"https:\/\/eldiariodesanpedro.com.ar\/sitio\/wp-json\/wp\/v2\/tags?post=122777"}],"curies":[{"name":"wp","href":"https:\/\/api.w.org\/{rel}","templated":true}]}}