{"id":122774,"date":"2023-10-02T20:51:47","date_gmt":"2023-10-02T23:51:47","guid":{"rendered":"https:\/\/eldiariodesanpedro.com.ar\/sitio\/?p=122774"},"modified":"2023-10-02T20:51:49","modified_gmt":"2023-10-02T23:51:49","slug":"gravida-realizara-una-cena-aniversario","status":"publish","type":"post","link":"https:\/\/eldiariodesanpedro.com.ar\/sitio\/gravida-realizara-una-cena-aniversario\/","title":{"rendered":"Gravida realizara una cena aniversario"},"content":{"rendered":"<!-- VideographyWP Plugin Message: Automatic video embedding prevented by plugin options. -->\n\n<p>Gr\u00e1vida celebrar\u00e1 su 30\u00ba aniversario en San Pedro, y te invitamos a unirte a la celebraci\u00f3n junto con tus amigos en nuestra Cena Aniversario. El evento tendr\u00e1 lugar el s\u00e1bado 28 de octubre en el Paran\u00e1 Futbol Club, ofreciendo un men\u00fa excepcional y m\u00fasica de alta calidad. <\/p>\n","protected":false},"excerpt":{"rendered":"<p>Gr\u00e1vida celebrar\u00e1 su 30\u00ba aniversario en San Pedro, y te invitamos a unirte a la celebraci\u00f3n junto con tus amigos en nuestra Cena Aniversario. El evento tendr\u00e1 lugar el s\u00e1bado 28 de octubre en el Paran\u00e1 Futbol Club, ofreciendo un men\u00fa excepcional y m\u00fasica de alta calidad.<\/p>\n","protected":false},"author":4,"featured_media":122775,"comment_status":"closed","ping_status":"closed","sticky":false,"template":"","format":"standard","meta":{"om_disable_all_campaigns":false,"_jetpack_memberships_contains_paid_content":false,"footnotes":""},"categories":[101,2],"tags":[197,696,33,19],"class_list":["post-122774","post","type-post","status-publish","format-standard","has-post-thumbnail","hentry","category-interes-general-locales","category-locales","tag-buenos-aires","tag-interes-general","tag-locales","tag-san-pedro"],"aioseo_notices":[],"gutentor_comment":0,"jetpack_featured_media_url":"https:\/\/eldiariodesanpedro.com.ar\/sitio\/wp-content\/uploads\/2023\/10\/Cena-Aniversario-Gravida.jpeg","jetpack_shortlink":"https:\/\/wp.me\/p6RhLt-vWe","jetpack_sharing_enabled":true,"_links":{"self":[{"href":"https:\/\/eldiariodesanpedro.com.ar\/sitio\/wp-json\/wp\/v2\/posts\/122774","targetHints":{"allow":["GET"]}}],"collection":[{"href":"https:\/\/eldiariodesanpedro.com.ar\/sitio\/wp-json\/wp\/v2\/posts"}],"about":[{"href":"https:\/\/eldiariodesanpedro.com.ar\/sitio\/wp-json\/wp\/v2\/types\/post"}],"author":[{"embeddable":true,"href":"https:\/\/eldiariodesanpedro.com.ar\/sitio\/wp-json\/wp\/v2\/users\/4"}],"replies":[{"embeddable":true,"href":"https:\/\/eldiariodesanpedro.com.ar\/sitio\/wp-json\/wp\/v2\/comments?post=122774"}],"version-history":[{"count":1,"href":"https:\/\/eldiariodesanpedro.com.ar\/sitio\/wp-json\/wp\/v2\/posts\/122774\/revisions"}],"predecessor-version":[{"id":122776,"href":"https:\/\/eldiariodesanpedro.com.ar\/sitio\/wp-json\/wp\/v2\/posts\/122774\/revisions\/122776"}],"wp:featuredmedia":[{"embeddable":true,"href":"https:\/\/eldiariodesanpedro.com.ar\/sitio\/wp-json\/wp\/v2\/media\/122775"}],"wp:attachment":[{"href":"https:\/\/eldiariodesanpedro.com.ar\/sitio\/wp-json\/wp\/v2\/media?parent=122774"}],"wp:term":[{"taxonomy":"category","embeddable":true,"href":"https:\/\/eldiariodesanpedro.com.ar\/sitio\/wp-json\/wp\/v2\/categories?post=122774"},{"taxonomy":"post_tag","embeddable":true,"href":"https:\/\/eldiariodesanpedro.com.ar\/sitio\/wp-json\/wp\/v2\/tags?post=122774"}],"curies":[{"name":"wp","href":"https:\/\/api.w.org\/{rel}","templated":true}]}}