{"id":122760,"date":"2023-10-02T20:18:46","date_gmt":"2023-10-02T23:18:46","guid":{"rendered":"https:\/\/eldiariodesanpedro.com.ar\/sitio\/?p=122760"},"modified":"2023-10-02T20:18:48","modified_gmt":"2023-10-02T23:18:48","slug":"recuperan-elementos-franciscanos-en-plaza-constitucion","status":"publish","type":"post","link":"https:\/\/eldiariodesanpedro.com.ar\/sitio\/recuperan-elementos-franciscanos-en-plaza-constitucion\/","title":{"rendered":"Recuperan elementos franciscanos en Plaza Constituci\u00f3n"},"content":{"rendered":"<!-- VideographyWP Plugin Message: Automatic video embedding prevented by plugin options. -->\n\n<p><strong>Fueron detectados por el Grupo Conservacionista de F\u00f3siles. Se trata de herrajes que podr\u00edan haber correspondido a aberturas de la antigua capilla del Convento fundacional<\/strong><\/p>\n\n\n\n<p><strong>La \u00faltima prospecci\u00f3n realizada por el equipo del Museo Paleontol\u00f3gico de San Pedro, permiti\u00f3 la recuperaci\u00f3n de nuevos elementos vinculados a la historia de nuestra ciudad. Botones, municiones de armas de fuego, restos de copas de cristal, clavos del armado de andamios durante la construcci\u00f3n de la iglesia mayor, ofrendas religiosas y objetos de hierro forjado que podr\u00edan haber pertenecido a la iglesia del convento franciscano, son algunos de los elementos recuperados.&nbsp;<\/strong><\/p>\n\n\n\n<p><strong>EXVOTO DE PLATA<\/strong><\/p>\n\n\n\n<p><strong>Un objeto de plata, en forma de coraz\u00f3n, que en \u00e9pocas pasadas se utilizaba para solicitar o agradecer diferentes favores religiosos, fue encontrado en inmediaciones de la iglesia actual. Seg\u00fan las apreciaciones de Claudio Ruibal, anticuario de la ciudad, \u00abrepresenta una pr\u00e1ctica com\u00fan en la antig\u00fcedad, donde se agradec\u00edan cuestiones de salud f\u00edsica, problemas emocionales y dem\u00e1s inconvenientes o deseos, colgando objetos de diversas formas relacionadas al pedido realizado, en las paredes de los templos\u00bb.<\/strong><\/p>\n\n\n\n<p><strong>MONEDAS MACUQUINAS<\/strong><\/p>\n\n\n\n<p><strong>Un par de monedas muy antiguas, llamadas com\u00fanmente \u00abmacuquinas\u00bb, son parte de los elementos hallados con la colaboraci\u00f3n de&nbsp;<\/strong><strong>Ignacio Desanzo, quien con su equipo de detecci\u00f3n colabor\u00f3 con el grupo del museo para recuperar elementos met\u00e1licos.<\/strong><\/p>\n\n\n\n<p><strong>Esas monedas eran acu\u00f1adas de forma manual golpeando un fragmento met\u00e1lico hasta aplastarlo y luego estamp\u00e1ndoles un sello de un martillazo. Fueron comunes entre los siglos XVI al XVIII. En el caso de las halladas en la plaza Constituci\u00f3n, est\u00e1n fragmentadas, son de plata y presentan un gran desgaste que apenas deja distinguir el sello. Sin embargo, son grandes testimonios de un momento de la historia del pueblo.<\/strong><\/p>\n\n\n\n<p><strong>HERRAJES DEL CONVENTO<\/strong><\/p>\n\n\n\n<p><strong>Dos elementos llamaron la atenci\u00f3n del grupo del Museo Paleontol\u00f3gico.&nbsp; El primer elemento es una bisagra realizada en hierro forjado, de visible antig\u00fcedad, cuyo dise\u00f1o ya ha sido observado por el grupo del museo en ciertas aberturas franciscanas del siglo XVIII y principios del XIX.<\/strong><\/p>\n\n\n\n<p><strong>Pero el m\u00e1s vistoso de los herrajes hallados es uno realizado en metal fundido sobre molde, con la forma de una gran hoja de \u00e1rbol, de unos 7 mm de espesor, pesado, que habr\u00eda sido parte de un gran manij\u00f3n de hierro ubicado en alguna puerta de importancia.<\/strong><\/p>\n\n\n\n<p><strong>\u00abPor lo que vemos, este herraje ten\u00eda una argolla met\u00e1lica que serv\u00eda para tirar de una puerta al momento de cerrarla. Su cuidada ornamentaci\u00f3n nos hace pensar que debi\u00f3 haber estado colocado en una abertura de cierta importancia y tama\u00f1o. Por la cercan\u00eda de donde se constru\u00eda la iglesia actual, con la iglesia en ruinas del convento, en aquellos a\u00f1os (1860), pensamos que pudo haber estado colocado en alguna puerta que fue reutilizada como tablas, por los alba\u00f1iles que constru\u00edan la iglesia mayor\u00bb, explican desde el Grupo Conservacionista.<\/strong><\/p>\n\n\n\n<p><strong>\u00abCreemos que aquellos alba\u00f1iles, reutilizaron todo tipo de material que sirviera y que estuviera en la vieja iglesia del convento. En aquella \u00e9poca no hab\u00eda ferreter\u00edas donde ir a comprar cosas y si la soluci\u00f3n estaba al oto lado de la calle, abandonada y cay\u00e9ndose, hab\u00eda que aprovecharla\u00bb, deducen desde el GCF.<\/strong><\/p>\n\n\n\n<p><strong>Los objetos recuperados se encuentran en etapa de acondicionamiento y, m\u00e1s adelante, ser\u00e1n parte de una muestra que organizar\u00e1 el equipo del Museo Paleontol\u00f3gico para toda la comunidad.<\/strong><\/p>\n\n\n\n<figure class=\"wp-block-image size-full\"><img decoding=\"async\" width=\"800\" height=\"600\" data-attachment-id=\"122772\" data-permalink=\"https:\/\/eldiariodesanpedro.com.ar\/sitio\/recuperan-elementos-franciscanos-en-plaza-constitucion\/manijon\/\" data-orig-file=\"https:\/\/eldiariodesanpedro.com.ar\/sitio\/wp-content\/uploads\/2023\/10\/Manijon.jpg\" data-orig-size=\"800,600\" data-comments-opened=\"0\" data-image-meta=\"{&quot;aperture&quot;:&quot;0&quot;,&quot;credit&quot;:&quot;&quot;,&quot;camera&quot;:&quot;&quot;,&quot;caption&quot;:&quot;&quot;,&quot;created_timestamp&quot;:&quot;0&quot;,&quot;copyright&quot;:&quot;&quot;,&quot;focal_length&quot;:&quot;0&quot;,&quot;iso&quot;:&quot;0&quot;,&quot;shutter_speed&quot;:&quot;0&quot;,&quot;title&quot;:&quot;&quot;,&quot;orientation&quot;:&quot;0&quot;}\" data-image-title=\"Manij\u00f3n\" data-image-description=\"\" data-image-caption=\"\" data-large-file=\"https:\/\/eldiariodesanpedro.com.ar\/sitio\/wp-content\/uploads\/2023\/10\/Manijon.jpg\" data-src=\"https:\/\/eldiariodesanpedro.com.ar\/sitio\/wp-content\/uploads\/2023\/10\/Manijon.jpg\" alt=\"\" class=\"wp-image-122772 lazyload\" data-srcset=\"https:\/\/eldiariodesanpedro.com.ar\/sitio\/wp-content\/uploads\/2023\/10\/Manijon.jpg 800w, https:\/\/eldiariodesanpedro.com.ar\/sitio\/wp-content\/uploads\/2023\/10\/Manijon-300x225.jpg 300w, https:\/\/eldiariodesanpedro.com.ar\/sitio\/wp-content\/uploads\/2023\/10\/Manijon-768x576.jpg 768w, https:\/\/eldiariodesanpedro.com.ar\/sitio\/wp-content\/uploads\/2023\/10\/Manijon-272x204.jpg 272w\" data-sizes=\"(max-width: 800px) 100vw, 800px\" src=\"data:image\/svg+xml;base64,PHN2ZyB3aWR0aD0iMSIgaGVpZ2h0PSIxIiB4bWxucz0iaHR0cDovL3d3dy53My5vcmcvMjAwMC9zdmciPjwvc3ZnPg==\" style=\"--smush-placeholder-width: 800px; --smush-placeholder-aspect-ratio: 800\/600;\" \/><\/figure>\n\n\n\n<figure class=\"wp-block-image size-full\"><img decoding=\"async\" width=\"840\" height=\"630\" data-attachment-id=\"122770\" data-permalink=\"https:\/\/eldiariodesanpedro.com.ar\/sitio\/recuperan-elementos-franciscanos-en-plaza-constitucion\/img_20230907_193357820\/\" data-orig-file=\"https:\/\/eldiariodesanpedro.com.ar\/sitio\/wp-content\/uploads\/2023\/10\/IMG_20230907_193357820.jpg\" data-orig-size=\"840,630\" data-comments-opened=\"0\" data-image-meta=\"{&quot;aperture&quot;:&quot;2.2&quot;,&quot;credit&quot;:&quot;&quot;,&quot;camera&quot;:&quot;moto g(8)&quot;,&quot;caption&quot;:&quot;&quot;,&quot;created_timestamp&quot;:&quot;1694115238&quot;,&quot;copyright&quot;:&quot;&quot;,&quot;focal_length&quot;:&quot;1.85&quot;,&quot;iso&quot;:&quot;229&quot;,&quot;shutter_speed&quot;:&quot;0.02&quot;,&quot;title&quot;:&quot;&quot;,&quot;orientation&quot;:&quot;1&quot;}\" data-image-title=\"IMG_20230907_193357820\" data-image-description=\"\" data-image-caption=\"\" data-large-file=\"https:\/\/eldiariodesanpedro.com.ar\/sitio\/wp-content\/uploads\/2023\/10\/IMG_20230907_193357820.jpg\" data-src=\"https:\/\/eldiariodesanpedro.com.ar\/sitio\/wp-content\/uploads\/2023\/10\/IMG_20230907_193357820.jpg\" alt=\"\" class=\"wp-image-122770 lazyload\" data-srcset=\"https:\/\/eldiariodesanpedro.com.ar\/sitio\/wp-content\/uploads\/2023\/10\/IMG_20230907_193357820.jpg 840w, https:\/\/eldiariodesanpedro.com.ar\/sitio\/wp-content\/uploads\/2023\/10\/IMG_20230907_193357820-300x225.jpg 300w, https:\/\/eldiariodesanpedro.com.ar\/sitio\/wp-content\/uploads\/2023\/10\/IMG_20230907_193357820-768x576.jpg 768w, https:\/\/eldiariodesanpedro.com.ar\/sitio\/wp-content\/uploads\/2023\/10\/IMG_20230907_193357820-272x204.jpg 272w\" data-sizes=\"(max-width: 840px) 100vw, 840px\" src=\"data:image\/svg+xml;base64,PHN2ZyB3aWR0aD0iMSIgaGVpZ2h0PSIxIiB4bWxucz0iaHR0cDovL3d3dy53My5vcmcvMjAwMC9zdmciPjwvc3ZnPg==\" style=\"--smush-placeholder-width: 840px; --smush-placeholder-aspect-ratio: 840\/630;\" \/><\/figure>\n\n\n\n<figure class=\"wp-block-image size-full\"><img decoding=\"async\" width=\"840\" height=\"630\" data-attachment-id=\"122766\" data-permalink=\"https:\/\/eldiariodesanpedro.com.ar\/sitio\/recuperan-elementos-franciscanos-en-plaza-constitucion\/img_20230906_190048984\/\" data-orig-file=\"https:\/\/eldiariodesanpedro.com.ar\/sitio\/wp-content\/uploads\/2023\/10\/IMG_20230906_190048984.jpg\" data-orig-size=\"840,630\" data-comments-opened=\"0\" data-image-meta=\"{&quot;aperture&quot;:&quot;2.2&quot;,&quot;credit&quot;:&quot;&quot;,&quot;camera&quot;:&quot;moto g(8)&quot;,&quot;caption&quot;:&quot;&quot;,&quot;created_timestamp&quot;:&quot;1694026849&quot;,&quot;copyright&quot;:&quot;&quot;,&quot;focal_length&quot;:&quot;1.85&quot;,&quot;iso&quot;:&quot;197&quot;,&quot;shutter_speed&quot;:&quot;0.02&quot;,&quot;title&quot;:&quot;&quot;,&quot;orientation&quot;:&quot;1&quot;}\" data-image-title=\"IMG_20230906_190048984\" data-image-description=\"\" data-image-caption=\"\" data-large-file=\"https:\/\/eldiariodesanpedro.com.ar\/sitio\/wp-content\/uploads\/2023\/10\/IMG_20230906_190048984.jpg\" data-src=\"https:\/\/eldiariodesanpedro.com.ar\/sitio\/wp-content\/uploads\/2023\/10\/IMG_20230906_190048984.jpg\" alt=\"\" class=\"wp-image-122766 lazyload\" data-srcset=\"https:\/\/eldiariodesanpedro.com.ar\/sitio\/wp-content\/uploads\/2023\/10\/IMG_20230906_190048984.jpg 840w, https:\/\/eldiariodesanpedro.com.ar\/sitio\/wp-content\/uploads\/2023\/10\/IMG_20230906_190048984-272x204.jpg 272w\" data-sizes=\"(max-width: 840px) 100vw, 840px\" src=\"data:image\/svg+xml;base64,PHN2ZyB3aWR0aD0iMSIgaGVpZ2h0PSIxIiB4bWxucz0iaHR0cDovL3d3dy53My5vcmcvMjAwMC9zdmciPjwvc3ZnPg==\" style=\"--smush-placeholder-width: 840px; --smush-placeholder-aspect-ratio: 840\/630;\" \/><\/figure>\n","protected":false},"excerpt":{"rendered":"<p>Fueron detectados por el Grupo Conservacionista de F\u00f3siles. Se trata de herrajes que podr\u00edan haber correspondido a aberturas de la antigua capilla del Convento fundacional La \u00faltima prospecci\u00f3n realizada por el equipo del Museo Paleontol\u00f3gico de San Pedro, permiti\u00f3 la recuperaci\u00f3n de nuevos elementos vinculados a la historia de nuestra ciudad. Botones, municiones de armas [&hellip;]<\/p>\n","protected":false},"author":4,"featured_media":122768,"comment_status":"closed","ping_status":"closed","sticky":false,"template":"","format":"standard","meta":{"om_disable_all_campaigns":false,"_jetpack_memberships_contains_paid_content":false,"footnotes":""},"categories":[50,101,2],"tags":[197,696,33,19],"class_list":["post-122760","post","type-post","status-publish","format-standard","has-post-thumbnail","hentry","category-destacadas","category-interes-general-locales","category-locales","tag-buenos-aires","tag-interes-general","tag-locales","tag-san-pedro"],"aioseo_notices":[],"gutentor_comment":0,"jetpack_featured_media_url":"https:\/\/eldiariodesanpedro.com.ar\/sitio\/wp-content\/uploads\/2023\/10\/IMG_20230907_193202484.jpg","jetpack_shortlink":"https:\/\/wp.me\/p6RhLt-vW0","jetpack_sharing_enabled":true,"_links":{"self":[{"href":"https:\/\/eldiariodesanpedro.com.ar\/sitio\/wp-json\/wp\/v2\/posts\/122760","targetHints":{"allow":["GET"]}}],"collection":[{"href":"https:\/\/eldiariodesanpedro.com.ar\/sitio\/wp-json\/wp\/v2\/posts"}],"about":[{"href":"https:\/\/eldiariodesanpedro.com.ar\/sitio\/wp-json\/wp\/v2\/types\/post"}],"author":[{"embeddable":true,"href":"https:\/\/eldiariodesanpedro.com.ar\/sitio\/wp-json\/wp\/v2\/users\/4"}],"replies":[{"embeddable":true,"href":"https:\/\/eldiariodesanpedro.com.ar\/sitio\/wp-json\/wp\/v2\/comments?post=122760"}],"version-history":[{"count":1,"href":"https:\/\/eldiariodesanpedro.com.ar\/sitio\/wp-json\/wp\/v2\/posts\/122760\/revisions"}],"predecessor-version":[{"id":122773,"href":"https:\/\/eldiariodesanpedro.com.ar\/sitio\/wp-json\/wp\/v2\/posts\/122760\/revisions\/122773"}],"wp:featuredmedia":[{"embeddable":true,"href":"https:\/\/eldiariodesanpedro.com.ar\/sitio\/wp-json\/wp\/v2\/media\/122768"}],"wp:attachment":[{"href":"https:\/\/eldiariodesanpedro.com.ar\/sitio\/wp-json\/wp\/v2\/media?parent=122760"}],"wp:term":[{"taxonomy":"category","embeddable":true,"href":"https:\/\/eldiariodesanpedro.com.ar\/sitio\/wp-json\/wp\/v2\/categories?post=122760"},{"taxonomy":"post_tag","embeddable":true,"href":"https:\/\/eldiariodesanpedro.com.ar\/sitio\/wp-json\/wp\/v2\/tags?post=122760"}],"curies":[{"name":"wp","href":"https:\/\/api.w.org\/{rel}","templated":true}]}}