{"id":122753,"date":"2023-10-02T20:02:17","date_gmt":"2023-10-02T23:02:17","guid":{"rendered":"https:\/\/eldiariodesanpedro.com.ar\/sitio\/?p=122753"},"modified":"2023-10-02T20:02:18","modified_gmt":"2023-10-02T23:02:18","slug":"convenio-de-cooperacion-para-fortalecer-la-gestion-de-residuos-solidos-urbanos","status":"publish","type":"post","link":"https:\/\/eldiariodesanpedro.com.ar\/sitio\/convenio-de-cooperacion-para-fortalecer-la-gestion-de-residuos-solidos-urbanos\/","title":{"rendered":"Convenio de cooperaci\u00f3n para fortalecer la gesti\u00f3n de residuos s\u00f3lidos urbanos"},"content":{"rendered":"<!-- VideographyWP Plugin Message: Automatic video embedding prevented by plugin options. -->\n\n<p>Continuando las gestiones hacia la promoci\u00f3n de la inclusi\u00f3n social y el impulso de pr\u00e1cticas sustentables el Intendente Municipal, Cecilio Salazar, y el Presidente de la Cooperativa de Trabajo \u00abMundo Reciclado Limitada\u00bb, Jonatan Castillo, firmaron esta ma\u00f1ana un convenio de cooperaci\u00f3n que busca integrar a Recuperadores Urbanos (RU) al servicio p\u00fablico de gesti\u00f3n de residuos s\u00f3lidos urbanos secos (RSU) y fortalecer la econom\u00eda circular.<\/p>\n\n\n\n<p>La firma del convenio tuvo lugar en el despacho oficial y cont\u00f3 con la presencia del Secretario de Gobierno, Mart\u00edn Baraybar, el Secretario de Econom\u00eda y Hacienda, Alfredo Carrasco; el Director de Medio Ambiente, Gustavo Sol\u00e1; el referente del Movimiento de Trabajadores Excluidos, Patricio \u201cPoli\u201d Rosales y Lautaro Mat\u00e9u, representante de la Cooperativa de Trabajo \u00abMundo Reciclado Limitada\u201d.<\/p>\n\n\n\n<p>El convenio establece la prestaci\u00f3n de servicios por parte de la Cooperativa \u00abMundo Reciclado Limitada\u00bb, incluyendo la recolecci\u00f3n diferenciada, transporte hasta la planta de recuperaci\u00f3n y el tratamiento de residuos s\u00f3lidos urbanos secos.<\/p>\n\n\n\n<p>Adem\u00e1s, se promover\u00e1n capacitaciones y medidas de seguridad para los trabajadores, as\u00ed como la incorporaci\u00f3n de una perspectiva de g\u00e9nero en \u00e1mbitos\u00a0laborales.<\/p>\n\n\n\n<figure class=\"wp-block-image size-full\"><img decoding=\"async\" width=\"946\" height=\"630\" data-attachment-id=\"122756\" data-permalink=\"https:\/\/eldiariodesanpedro.com.ar\/sitio\/convenio-de-cooperacion-para-fortalecer-la-gestion-de-residuos-solidos-urbanos\/imagen-de-whatsapp-2023-10-02-a-las-17-11-13_4e31e42a\/\" data-orig-file=\"https:\/\/eldiariodesanpedro.com.ar\/sitio\/wp-content\/uploads\/2023\/10\/Imagen-de-WhatsApp-2023-10-02-a-las-17.11.13_4e31e42a.jpg\" data-orig-size=\"946,630\" data-comments-opened=\"0\" data-image-meta=\"{&quot;aperture&quot;:&quot;0&quot;,&quot;credit&quot;:&quot;&quot;,&quot;camera&quot;:&quot;&quot;,&quot;caption&quot;:&quot;&quot;,&quot;created_timestamp&quot;:&quot;0&quot;,&quot;copyright&quot;:&quot;&quot;,&quot;focal_length&quot;:&quot;0&quot;,&quot;iso&quot;:&quot;0&quot;,&quot;shutter_speed&quot;:&quot;0&quot;,&quot;title&quot;:&quot;&quot;,&quot;orientation&quot;:&quot;0&quot;}\" data-image-title=\"Imagen de WhatsApp 2023-10-02 a las 17.11.13_4e31e42a\" data-image-description=\"\" data-image-caption=\"\" data-large-file=\"https:\/\/eldiariodesanpedro.com.ar\/sitio\/wp-content\/uploads\/2023\/10\/Imagen-de-WhatsApp-2023-10-02-a-las-17.11.13_4e31e42a.jpg\" data-src=\"https:\/\/eldiariodesanpedro.com.ar\/sitio\/wp-content\/uploads\/2023\/10\/Imagen-de-WhatsApp-2023-10-02-a-las-17.11.13_4e31e42a.jpg\" alt=\"\" class=\"wp-image-122756 lazyload\" data-srcset=\"https:\/\/eldiariodesanpedro.com.ar\/sitio\/wp-content\/uploads\/2023\/10\/Imagen-de-WhatsApp-2023-10-02-a-las-17.11.13_4e31e42a.jpg 946w, https:\/\/eldiariodesanpedro.com.ar\/sitio\/wp-content\/uploads\/2023\/10\/Imagen-de-WhatsApp-2023-10-02-a-las-17.11.13_4e31e42a-300x200.jpg 300w, https:\/\/eldiariodesanpedro.com.ar\/sitio\/wp-content\/uploads\/2023\/10\/Imagen-de-WhatsApp-2023-10-02-a-las-17.11.13_4e31e42a-768x511.jpg 768w\" data-sizes=\"(max-width: 946px) 100vw, 946px\" src=\"data:image\/svg+xml;base64,PHN2ZyB3aWR0aD0iMSIgaGVpZ2h0PSIxIiB4bWxucz0iaHR0cDovL3d3dy53My5vcmcvMjAwMC9zdmciPjwvc3ZnPg==\" style=\"--smush-placeholder-width: 946px; --smush-placeholder-aspect-ratio: 946\/630;\" \/><\/figure>\n","protected":false},"excerpt":{"rendered":"<p>Continuando las gestiones hacia la promoci\u00f3n de la inclusi\u00f3n social y el impulso de pr\u00e1cticas sustentables el Intendente Municipal, Cecilio Salazar, y el Presidente de la Cooperativa de Trabajo \u00abMundo Reciclado Limitada\u00bb, Jonatan Castillo, firmaron esta ma\u00f1ana un convenio de cooperaci\u00f3n que busca integrar a Recuperadores Urbanos (RU) al servicio p\u00fablico de gesti\u00f3n de residuos [&hellip;]<\/p>\n","protected":false},"author":4,"featured_media":122754,"comment_status":"closed","ping_status":"closed","sticky":false,"template":"","format":"standard","meta":{"om_disable_all_campaigns":false,"_jetpack_memberships_contains_paid_content":false,"footnotes":""},"categories":[50,101,2],"tags":[197,696,33,19],"class_list":["post-122753","post","type-post","status-publish","format-standard","has-post-thumbnail","hentry","category-destacadas","category-interes-general-locales","category-locales","tag-buenos-aires","tag-interes-general","tag-locales","tag-san-pedro"],"aioseo_notices":[],"gutentor_comment":0,"jetpack_featured_media_url":"https:\/\/eldiariodesanpedro.com.ar\/sitio\/wp-content\/uploads\/2023\/10\/Imagen-de-WhatsApp-2023-10-02-a-las-17.11.11_c2b53bdd.jpg","jetpack_shortlink":"https:\/\/wp.me\/p6RhLt-vVT","jetpack_sharing_enabled":true,"_links":{"self":[{"href":"https:\/\/eldiariodesanpedro.com.ar\/sitio\/wp-json\/wp\/v2\/posts\/122753","targetHints":{"allow":["GET"]}}],"collection":[{"href":"https:\/\/eldiariodesanpedro.com.ar\/sitio\/wp-json\/wp\/v2\/posts"}],"about":[{"href":"https:\/\/eldiariodesanpedro.com.ar\/sitio\/wp-json\/wp\/v2\/types\/post"}],"author":[{"embeddable":true,"href":"https:\/\/eldiariodesanpedro.com.ar\/sitio\/wp-json\/wp\/v2\/users\/4"}],"replies":[{"embeddable":true,"href":"https:\/\/eldiariodesanpedro.com.ar\/sitio\/wp-json\/wp\/v2\/comments?post=122753"}],"version-history":[{"count":1,"href":"https:\/\/eldiariodesanpedro.com.ar\/sitio\/wp-json\/wp\/v2\/posts\/122753\/revisions"}],"predecessor-version":[{"id":122758,"href":"https:\/\/eldiariodesanpedro.com.ar\/sitio\/wp-json\/wp\/v2\/posts\/122753\/revisions\/122758"}],"wp:featuredmedia":[{"embeddable":true,"href":"https:\/\/eldiariodesanpedro.com.ar\/sitio\/wp-json\/wp\/v2\/media\/122754"}],"wp:attachment":[{"href":"https:\/\/eldiariodesanpedro.com.ar\/sitio\/wp-json\/wp\/v2\/media?parent=122753"}],"wp:term":[{"taxonomy":"category","embeddable":true,"href":"https:\/\/eldiariodesanpedro.com.ar\/sitio\/wp-json\/wp\/v2\/categories?post=122753"},{"taxonomy":"post_tag","embeddable":true,"href":"https:\/\/eldiariodesanpedro.com.ar\/sitio\/wp-json\/wp\/v2\/tags?post=122753"}],"curies":[{"name":"wp","href":"https:\/\/api.w.org\/{rel}","templated":true}]}}