{"id":122747,"date":"2023-10-02T11:15:58","date_gmt":"2023-10-02T14:15:58","guid":{"rendered":"https:\/\/eldiariodesanpedro.com.ar\/sitio\/?p=122747"},"modified":"2023-10-02T11:16:46","modified_gmt":"2023-10-02T14:16:46","slug":"una-casilla-que-seria-un-aguantadero-fue-prendida-fuego","status":"publish","type":"post","link":"https:\/\/eldiariodesanpedro.com.ar\/sitio\/una-casilla-que-seria-un-aguantadero-fue-prendida-fuego\/","title":{"rendered":"Una casilla que seria un \u00abaguantadero\u00bb fue prendida fuego"},"content":{"rendered":"<!-- VideographyWP Plugin Message: Automatic video embedding prevented by plugin options. -->\n\n<p>En la jornada de ayer domingo, tras un llamado a la comisar\u00eda local de San Pedro, se hizo presente un movil policial en una vivienda donde se constat\u00f3 un incendio en una casilla precaria ubicada en los fondos de un terreno. <\/p>\n\n\n\n<p>Se presume que esta casilla podr\u00eda haber sido utilizada como \u00abaguantadero\u00bb. La propiedad pertenece a una mujer de 32 a\u00f1os. El foco \u00edgneo fue controlado por el personal de los bomberos voluntarios y las perdidas fueron totales. <\/p>\n\n\n\n<p>La propietaria no expres\u00f3 su deseo de presentar una denuncia. Como resultado, se iniciaron actuaciones de oficio en el marco de la investigaci\u00f3n a cargo de la UFI 11.<\/p>\n\n\n\n<figure class=\"wp-block-image size-full\"><img decoding=\"async\" width=\"800\" height=\"160\" data-attachment-id=\"122732\" data-permalink=\"https:\/\/eldiariodesanpedro.com.ar\/sitio\/san-pedro-presenta-su-nueva-marca-en-la-fit\/banner-800x160\/\" data-orig-file=\"https:\/\/eldiariodesanpedro.com.ar\/sitio\/wp-content\/uploads\/2023\/10\/BANNER-800x160-1.jpg\" data-orig-size=\"800,160\" data-comments-opened=\"0\" data-image-meta=\"{&quot;aperture&quot;:&quot;0&quot;,&quot;credit&quot;:&quot;&quot;,&quot;camera&quot;:&quot;&quot;,&quot;caption&quot;:&quot;&quot;,&quot;created_timestamp&quot;:&quot;0&quot;,&quot;copyright&quot;:&quot;&quot;,&quot;focal_length&quot;:&quot;0&quot;,&quot;iso&quot;:&quot;0&quot;,&quot;shutter_speed&quot;:&quot;0&quot;,&quot;title&quot;:&quot;&quot;,&quot;orientation&quot;:&quot;1&quot;}\" data-image-title=\"BANNER 800&amp;#215;160\" data-image-description=\"\" data-image-caption=\"\" data-large-file=\"https:\/\/eldiariodesanpedro.com.ar\/sitio\/wp-content\/uploads\/2023\/10\/BANNER-800x160-1.jpg\" data-src=\"https:\/\/eldiariodesanpedro.com.ar\/sitio\/wp-content\/uploads\/2023\/10\/BANNER-800x160-1.jpg\" alt=\"\" class=\"wp-image-122732 lazyload\" data-srcset=\"https:\/\/eldiariodesanpedro.com.ar\/sitio\/wp-content\/uploads\/2023\/10\/BANNER-800x160-1.jpg 800w, https:\/\/eldiariodesanpedro.com.ar\/sitio\/wp-content\/uploads\/2023\/10\/BANNER-800x160-1-300x60.jpg 300w, https:\/\/eldiariodesanpedro.com.ar\/sitio\/wp-content\/uploads\/2023\/10\/BANNER-800x160-1-768x154.jpg 768w\" data-sizes=\"(max-width: 800px) 100vw, 800px\" src=\"data:image\/svg+xml;base64,PHN2ZyB3aWR0aD0iMSIgaGVpZ2h0PSIxIiB4bWxucz0iaHR0cDovL3d3dy53My5vcmcvMjAwMC9zdmciPjwvc3ZnPg==\" style=\"--smush-placeholder-width: 800px; --smush-placeholder-aspect-ratio: 800\/160;\" \/><\/figure>\n","protected":false},"excerpt":{"rendered":"<p>En la jornada de ayer domingo, tras un llamado a la comisar\u00eda local de San Pedro, se hizo presente un movil policial en una vivienda donde se constat\u00f3 un incendio en una casilla precaria ubicada en los fondos de un terreno. Se presume que esta casilla podr\u00eda haber sido utilizada como \u00abaguantadero\u00bb. La propiedad pertenece [&hellip;]<\/p>\n","protected":false},"author":4,"featured_media":122748,"comment_status":"closed","ping_status":"closed","sticky":false,"template":"","format":"standard","meta":{"om_disable_all_campaigns":false,"_jetpack_memberships_contains_paid_content":false,"footnotes":""},"categories":[50,2,103],"tags":[197,696,33,19],"class_list":["post-122747","post","type-post","status-publish","format-standard","has-post-thumbnail","hentry","category-destacadas","category-locales","category-policiales-locales","tag-buenos-aires","tag-interes-general","tag-locales","tag-san-pedro"],"aioseo_notices":[],"gutentor_comment":0,"jetpack_featured_media_url":"https:\/\/eldiariodesanpedro.com.ar\/sitio\/wp-content\/uploads\/2023\/10\/medida.png","jetpack_shortlink":"https:\/\/wp.me\/p6RhLt-vVN","jetpack_sharing_enabled":true,"_links":{"self":[{"href":"https:\/\/eldiariodesanpedro.com.ar\/sitio\/wp-json\/wp\/v2\/posts\/122747","targetHints":{"allow":["GET"]}}],"collection":[{"href":"https:\/\/eldiariodesanpedro.com.ar\/sitio\/wp-json\/wp\/v2\/posts"}],"about":[{"href":"https:\/\/eldiariodesanpedro.com.ar\/sitio\/wp-json\/wp\/v2\/types\/post"}],"author":[{"embeddable":true,"href":"https:\/\/eldiariodesanpedro.com.ar\/sitio\/wp-json\/wp\/v2\/users\/4"}],"replies":[{"embeddable":true,"href":"https:\/\/eldiariodesanpedro.com.ar\/sitio\/wp-json\/wp\/v2\/comments?post=122747"}],"version-history":[{"count":2,"href":"https:\/\/eldiariodesanpedro.com.ar\/sitio\/wp-json\/wp\/v2\/posts\/122747\/revisions"}],"predecessor-version":[{"id":122751,"href":"https:\/\/eldiariodesanpedro.com.ar\/sitio\/wp-json\/wp\/v2\/posts\/122747\/revisions\/122751"}],"wp:featuredmedia":[{"embeddable":true,"href":"https:\/\/eldiariodesanpedro.com.ar\/sitio\/wp-json\/wp\/v2\/media\/122748"}],"wp:attachment":[{"href":"https:\/\/eldiariodesanpedro.com.ar\/sitio\/wp-json\/wp\/v2\/media?parent=122747"}],"wp:term":[{"taxonomy":"category","embeddable":true,"href":"https:\/\/eldiariodesanpedro.com.ar\/sitio\/wp-json\/wp\/v2\/categories?post=122747"},{"taxonomy":"post_tag","embeddable":true,"href":"https:\/\/eldiariodesanpedro.com.ar\/sitio\/wp-json\/wp\/v2\/tags?post=122747"}],"curies":[{"name":"wp","href":"https:\/\/api.w.org\/{rel}","templated":true}]}}