{"id":122744,"date":"2023-10-02T11:00:38","date_gmt":"2023-10-02T14:00:38","guid":{"rendered":"https:\/\/eldiariodesanpedro.com.ar\/sitio\/?p=122744"},"modified":"2023-10-02T11:00:40","modified_gmt":"2023-10-02T14:00:40","slug":"hermano-indio-increible-ataque-a-una-ambulancia-del-same","status":"publish","type":"post","link":"https:\/\/eldiariodesanpedro.com.ar\/sitio\/hermano-indio-increible-ataque-a-una-ambulancia-del-same\/","title":{"rendered":"Hermano Indio: Incre\u00edble ataque a una ambulancia del Same"},"content":{"rendered":"<!-- VideographyWP Plugin Message: Automatic video embedding prevented by plugin options. -->\n\n<p>La unidad hab\u00eda concurrido ante una emergencia y se encontr\u00f3 con un conflicto vecinal que se transform\u00f3 en un incidente de proporciones.<\/p>\n\n\n\n<p>Un grave incidente entre vecinos se origin\u00f3 en la noche del s\u00e1bado en la intersecci\u00f3n de Hermano Indio y G\u00fcemes, en el coraz\u00f3n del barrio Hermano Indio.<\/p>\n\n\n\n<p>La situaci\u00f3n se desencaden\u00f3 luego de que los vecinos convocaran al servicio de emergencias Same para asistir a una mujer que hab\u00eda sufrido un accidente.<\/p>\n\n\n\n<p>La unidad arrib\u00f3 al lugar con el m\u00e9dico y su ch\u00f3fer correspondiente, pero una inesperada reacci\u00f3n de quienes se encontraban en el lugar puso en riesgo la integridad f\u00edsica de los emergent\u00f3logos.<\/p>\n\n\n\n<p>En un determinado momento, cuando se aprontaban a trasladar a la mujer accidentada, se gener\u00f3 un altercado de proporciones que oblig\u00f3 a que intervenga la polic\u00eda. All\u00ed, mientras los efectivos utilizaban postas de gomas para disuadir a los violentos, comenzaron a caer piedras de todos lados lo que afect\u00f3 a la ambulancia y de milagro no alcanz\u00f3 a los trabajadores.<\/p>\n\n\n\n<p>Como pudieron, los profesionales se fueron del lugar llevando adem\u00e1s a un hombre que hab\u00eda resultado herido en el incidente. El lesionado reaccion\u00f3 cuando era trasladado y reaccion\u00f3 adentro de la ambulancia misma lo que gener\u00f3 un momento de mucha tensi\u00f3n.<\/p>\n\n\n\n<p>Ambas personas pudieron ser asistidas en el hospital pero la ambulancia qued\u00f3 visiblemente afectada por las balas de gomas y piedras que dominaron la escena por momentos en el lugar.<\/p>\n\n\n\n<figure class=\"wp-block-image size-full\"><img decoding=\"async\" width=\"800\" height=\"160\" data-attachment-id=\"122732\" data-permalink=\"https:\/\/eldiariodesanpedro.com.ar\/sitio\/san-pedro-presenta-su-nueva-marca-en-la-fit\/banner-800x160\/\" data-orig-file=\"https:\/\/eldiariodesanpedro.com.ar\/sitio\/wp-content\/uploads\/2023\/10\/BANNER-800x160-1.jpg\" data-orig-size=\"800,160\" data-comments-opened=\"0\" data-image-meta=\"{&quot;aperture&quot;:&quot;0&quot;,&quot;credit&quot;:&quot;&quot;,&quot;camera&quot;:&quot;&quot;,&quot;caption&quot;:&quot;&quot;,&quot;created_timestamp&quot;:&quot;0&quot;,&quot;copyright&quot;:&quot;&quot;,&quot;focal_length&quot;:&quot;0&quot;,&quot;iso&quot;:&quot;0&quot;,&quot;shutter_speed&quot;:&quot;0&quot;,&quot;title&quot;:&quot;&quot;,&quot;orientation&quot;:&quot;1&quot;}\" data-image-title=\"BANNER 800&amp;#215;160\" data-image-description=\"\" data-image-caption=\"\" data-large-file=\"https:\/\/eldiariodesanpedro.com.ar\/sitio\/wp-content\/uploads\/2023\/10\/BANNER-800x160-1.jpg\" data-src=\"https:\/\/eldiariodesanpedro.com.ar\/sitio\/wp-content\/uploads\/2023\/10\/BANNER-800x160-1.jpg\" alt=\"\" class=\"wp-image-122732 lazyload\" data-srcset=\"https:\/\/eldiariodesanpedro.com.ar\/sitio\/wp-content\/uploads\/2023\/10\/BANNER-800x160-1.jpg 800w, https:\/\/eldiariodesanpedro.com.ar\/sitio\/wp-content\/uploads\/2023\/10\/BANNER-800x160-1-300x60.jpg 300w, https:\/\/eldiariodesanpedro.com.ar\/sitio\/wp-content\/uploads\/2023\/10\/BANNER-800x160-1-768x154.jpg 768w\" data-sizes=\"(max-width: 800px) 100vw, 800px\" src=\"data:image\/svg+xml;base64,PHN2ZyB3aWR0aD0iMSIgaGVpZ2h0PSIxIiB4bWxucz0iaHR0cDovL3d3dy53My5vcmcvMjAwMC9zdmciPjwvc3ZnPg==\" style=\"--smush-placeholder-width: 800px; --smush-placeholder-aspect-ratio: 800\/160;\" \/><\/figure>\n\n\n\n<p>Fuente: San Pedro Informa<\/p>\n","protected":false},"excerpt":{"rendered":"<p>La unidad hab\u00eda concurrido ante una emergencia y se encontr\u00f3 con un conflicto vecinal que se transform\u00f3 en un incidente de proporciones. Un grave incidente entre vecinos se origin\u00f3 en la noche del s\u00e1bado en la intersecci\u00f3n de Hermano Indio y G\u00fcemes, en el coraz\u00f3n del barrio Hermano Indio. La situaci\u00f3n se desencaden\u00f3 luego de [&hellip;]<\/p>\n","protected":false},"author":4,"featured_media":122745,"comment_status":"closed","ping_status":"closed","sticky":false,"template":"","format":"standard","meta":{"om_disable_all_campaigns":false,"_jetpack_memberships_contains_paid_content":false,"footnotes":""},"categories":[50,101,2],"tags":[],"class_list":["post-122744","post","type-post","status-publish","format-standard","has-post-thumbnail","hentry","category-destacadas","category-interes-general-locales","category-locales"],"aioseo_notices":[],"gutentor_comment":0,"jetpack_featured_media_url":"https:\/\/eldiariodesanpedro.com.ar\/sitio\/wp-content\/uploads\/2023\/10\/0000022230-resized-1920x1080-1.jpg","jetpack_shortlink":"https:\/\/wp.me\/p6RhLt-vVK","jetpack_sharing_enabled":true,"_links":{"self":[{"href":"https:\/\/eldiariodesanpedro.com.ar\/sitio\/wp-json\/wp\/v2\/posts\/122744","targetHints":{"allow":["GET"]}}],"collection":[{"href":"https:\/\/eldiariodesanpedro.com.ar\/sitio\/wp-json\/wp\/v2\/posts"}],"about":[{"href":"https:\/\/eldiariodesanpedro.com.ar\/sitio\/wp-json\/wp\/v2\/types\/post"}],"author":[{"embeddable":true,"href":"https:\/\/eldiariodesanpedro.com.ar\/sitio\/wp-json\/wp\/v2\/users\/4"}],"replies":[{"embeddable":true,"href":"https:\/\/eldiariodesanpedro.com.ar\/sitio\/wp-json\/wp\/v2\/comments?post=122744"}],"version-history":[{"count":1,"href":"https:\/\/eldiariodesanpedro.com.ar\/sitio\/wp-json\/wp\/v2\/posts\/122744\/revisions"}],"predecessor-version":[{"id":122746,"href":"https:\/\/eldiariodesanpedro.com.ar\/sitio\/wp-json\/wp\/v2\/posts\/122744\/revisions\/122746"}],"wp:featuredmedia":[{"embeddable":true,"href":"https:\/\/eldiariodesanpedro.com.ar\/sitio\/wp-json\/wp\/v2\/media\/122745"}],"wp:attachment":[{"href":"https:\/\/eldiariodesanpedro.com.ar\/sitio\/wp-json\/wp\/v2\/media?parent=122744"}],"wp:term":[{"taxonomy":"category","embeddable":true,"href":"https:\/\/eldiariodesanpedro.com.ar\/sitio\/wp-json\/wp\/v2\/categories?post=122744"},{"taxonomy":"post_tag","embeddable":true,"href":"https:\/\/eldiariodesanpedro.com.ar\/sitio\/wp-json\/wp\/v2\/tags?post=122744"}],"curies":[{"name":"wp","href":"https:\/\/api.w.org\/{rel}","templated":true}]}}