{"id":122741,"date":"2023-10-02T10:56:51","date_gmt":"2023-10-02T13:56:51","guid":{"rendered":"https:\/\/eldiariodesanpedro.com.ar\/sitio\/?p=122741"},"modified":"2023-10-02T10:56:54","modified_gmt":"2023-10-02T13:56:54","slug":"los-clubes-acorralados-por-la-inseguridad","status":"publish","type":"post","link":"https:\/\/eldiariodesanpedro.com.ar\/sitio\/los-clubes-acorralados-por-la-inseguridad\/","title":{"rendered":"Los clubes acorralados por la inseguridad"},"content":{"rendered":"<!-- VideographyWP Plugin Message: Automatic video embedding prevented by plugin options. -->\n\n<p>Una secuencia de episodios que se vienen dando desde hace a\u00f1os ponen en riesgo el d\u00eda a d\u00eda de varias instituciones, mientras que otras toman todo tipo de medidas para subsistir.<\/p>\n\n\n\n<p>a problem\u00e1tica de los clubes y principalmente los denominados \u00abde barrios\u00bb es cada vez m\u00e1s delicada.<\/p>\n\n\n\n<p>A la cruda realidad econ\u00f3mica que afrontan a diario se les suma la inseguridad que reina desde hace a\u00f1os pero que en tiempos como estos se acent\u00faa a\u00fan m\u00e1s.<\/p>\n\n\n\n<p>En las \u00faltimos d\u00edas varias instituciones fueron v\u00edctimas de diversos hechos delictivos.<\/p>\n\n\n\n<p>El club La Esperanza es quien hace pocas horas sufri\u00f3 el robo del tendido el\u00e9ctrico de la cancha de f\u00fatbol auxiliar, la misma situaci\u00f3n que le toc\u00f3 atravesar a Defensores Unidos la semana pasada.<\/p>\n\n\n\n<p>A esto hay que sumarle los hechos ya conocidos que se produjeron en el club El Tanque, Independencia F\u00fatbol Club, El Porvenir, San Roque, Villa Igoillo y Banfield, entre otros, o hasta el mism\u00edsimo Estadio Municipal donde en las \u00faltimas semanas hubo varias sustracciones de bicicletas.<\/p>\n\n\n\n<p>Y como si algo faltara, por estos d\u00edas aparecieron algunas personas preocupadas por las obras que se est\u00e1n realizando en el club El Tanque o el faltante de una planta, pero nadie pregunt\u00f3 ni se interes\u00f3 por los robos sufridos all\u00ed, pero es la misma zona donde se han realizado construcciones imponentes de todo tipo pero ante eso nadie dijo nada. La entidad decidi\u00f3 realizar el cerramiento perimetral de la cancha ya hartos de los robos.<\/p>\n\n\n\n<p>La problem\u00e1tica es interminable y no hay demasiadas herramientas si no es con la colaboraci\u00f3n de todos. Pero lo m\u00e1s grave y doloroso es que para que a los delincuentes les rinda hay gente del otro lado que compra y se interesa, es m\u00e1s, han habido casos en el que las personas que lo hacen est\u00e1n o estuvieron participando en esas mismas instituciones.<\/p>\n\n\n\n<figure class=\"wp-block-image size-full\"><img decoding=\"async\" width=\"800\" height=\"160\" data-attachment-id=\"122732\" data-permalink=\"https:\/\/eldiariodesanpedro.com.ar\/sitio\/san-pedro-presenta-su-nueva-marca-en-la-fit\/banner-800x160\/\" data-orig-file=\"https:\/\/eldiariodesanpedro.com.ar\/sitio\/wp-content\/uploads\/2023\/10\/BANNER-800x160-1.jpg\" data-orig-size=\"800,160\" data-comments-opened=\"0\" data-image-meta=\"{&quot;aperture&quot;:&quot;0&quot;,&quot;credit&quot;:&quot;&quot;,&quot;camera&quot;:&quot;&quot;,&quot;caption&quot;:&quot;&quot;,&quot;created_timestamp&quot;:&quot;0&quot;,&quot;copyright&quot;:&quot;&quot;,&quot;focal_length&quot;:&quot;0&quot;,&quot;iso&quot;:&quot;0&quot;,&quot;shutter_speed&quot;:&quot;0&quot;,&quot;title&quot;:&quot;&quot;,&quot;orientation&quot;:&quot;1&quot;}\" data-image-title=\"BANNER 800&amp;#215;160\" data-image-description=\"\" data-image-caption=\"\" data-large-file=\"https:\/\/eldiariodesanpedro.com.ar\/sitio\/wp-content\/uploads\/2023\/10\/BANNER-800x160-1.jpg\" data-src=\"https:\/\/eldiariodesanpedro.com.ar\/sitio\/wp-content\/uploads\/2023\/10\/BANNER-800x160-1.jpg\" alt=\"\" class=\"wp-image-122732 lazyload\" data-srcset=\"https:\/\/eldiariodesanpedro.com.ar\/sitio\/wp-content\/uploads\/2023\/10\/BANNER-800x160-1.jpg 800w, https:\/\/eldiariodesanpedro.com.ar\/sitio\/wp-content\/uploads\/2023\/10\/BANNER-800x160-1-300x60.jpg 300w, https:\/\/eldiariodesanpedro.com.ar\/sitio\/wp-content\/uploads\/2023\/10\/BANNER-800x160-1-768x154.jpg 768w\" data-sizes=\"(max-width: 800px) 100vw, 800px\" src=\"data:image\/svg+xml;base64,PHN2ZyB3aWR0aD0iMSIgaGVpZ2h0PSIxIiB4bWxucz0iaHR0cDovL3d3dy53My5vcmcvMjAwMC9zdmciPjwvc3ZnPg==\" style=\"--smush-placeholder-width: 800px; --smush-placeholder-aspect-ratio: 800\/160;\" \/><\/figure>\n\n\n\n<p>Fuente: San Pedro Informa<\/p>\n","protected":false},"excerpt":{"rendered":"<p>Una secuencia de episodios que se vienen dando desde hace a\u00f1os ponen en riesgo el d\u00eda a d\u00eda de varias instituciones, mientras que otras toman todo tipo de medidas para subsistir. a problem\u00e1tica de los clubes y principalmente los denominados \u00abde barrios\u00bb es cada vez m\u00e1s delicada. A la cruda realidad econ\u00f3mica que afrontan a [&hellip;]<\/p>\n","protected":false},"author":4,"featured_media":122742,"comment_status":"closed","ping_status":"closed","sticky":false,"template":"","format":"standard","meta":{"om_disable_all_campaigns":false,"_jetpack_memberships_contains_paid_content":false,"footnotes":""},"categories":[50,101,2],"tags":[197,696,33,19],"class_list":["post-122741","post","type-post","status-publish","format-standard","has-post-thumbnail","hentry","category-destacadas","category-interes-general-locales","category-locales","tag-buenos-aires","tag-interes-general","tag-locales","tag-san-pedro"],"aioseo_notices":[],"gutentor_comment":0,"jetpack_featured_media_url":"https:\/\/eldiariodesanpedro.com.ar\/sitio\/wp-content\/uploads\/2023\/10\/0000022229-resized-1920x1080-1.jpg","jetpack_shortlink":"https:\/\/wp.me\/p6RhLt-vVH","jetpack_sharing_enabled":true,"_links":{"self":[{"href":"https:\/\/eldiariodesanpedro.com.ar\/sitio\/wp-json\/wp\/v2\/posts\/122741","targetHints":{"allow":["GET"]}}],"collection":[{"href":"https:\/\/eldiariodesanpedro.com.ar\/sitio\/wp-json\/wp\/v2\/posts"}],"about":[{"href":"https:\/\/eldiariodesanpedro.com.ar\/sitio\/wp-json\/wp\/v2\/types\/post"}],"author":[{"embeddable":true,"href":"https:\/\/eldiariodesanpedro.com.ar\/sitio\/wp-json\/wp\/v2\/users\/4"}],"replies":[{"embeddable":true,"href":"https:\/\/eldiariodesanpedro.com.ar\/sitio\/wp-json\/wp\/v2\/comments?post=122741"}],"version-history":[{"count":1,"href":"https:\/\/eldiariodesanpedro.com.ar\/sitio\/wp-json\/wp\/v2\/posts\/122741\/revisions"}],"predecessor-version":[{"id":122743,"href":"https:\/\/eldiariodesanpedro.com.ar\/sitio\/wp-json\/wp\/v2\/posts\/122741\/revisions\/122743"}],"wp:featuredmedia":[{"embeddable":true,"href":"https:\/\/eldiariodesanpedro.com.ar\/sitio\/wp-json\/wp\/v2\/media\/122742"}],"wp:attachment":[{"href":"https:\/\/eldiariodesanpedro.com.ar\/sitio\/wp-json\/wp\/v2\/media?parent=122741"}],"wp:term":[{"taxonomy":"category","embeddable":true,"href":"https:\/\/eldiariodesanpedro.com.ar\/sitio\/wp-json\/wp\/v2\/categories?post=122741"},{"taxonomy":"post_tag","embeddable":true,"href":"https:\/\/eldiariodesanpedro.com.ar\/sitio\/wp-json\/wp\/v2\/tags?post=122741"}],"curies":[{"name":"wp","href":"https:\/\/api.w.org\/{rel}","templated":true}]}}