{"id":122738,"date":"2023-10-02T10:53:16","date_gmt":"2023-10-02T13:53:16","guid":{"rendered":"https:\/\/eldiariodesanpedro.com.ar\/sitio\/?p=122738"},"modified":"2023-10-02T10:53:19","modified_gmt":"2023-10-02T13:53:19","slug":"morro-iglesias-fue-decimo-en-su-regreso-al-tcp","status":"publish","type":"post","link":"https:\/\/eldiariodesanpedro.com.ar\/sitio\/morro-iglesias-fue-decimo-en-su-regreso-al-tcp\/","title":{"rendered":"\u00abMorro\u00bb Iglesias fue d\u00e9cimo en su regreso al TCP"},"content":{"rendered":"<!-- VideographyWP Plugin Message: Automatic video embedding prevented by plugin options. -->\n\n<p>El piloto sampedrino tuvo una buena actuaci\u00f3n en su presentaci\u00f3n en San Nicol\u00e1s. El ganador fue Tobias Mart\u00ednez.<\/p>\n\n\n\n<p>Se corri\u00f3 en San Nicol\u00e1s la 12da. fecha del campeonato de TC Pista, la categor\u00eda telonera del Turismo Carretera.<\/p>\n\n\n\n<p>La prueba marc\u00f3 el regreso del sampedrino Fernando \u00abMorro\u00bb Iglesias a la categor\u00eda y lo hizo de la mejor manera.<\/p>\n\n\n\n<p>El auto, que present\u00f3 un nuevo dise\u00f1o, indio dentro de lo esperado y le permiti\u00f3 a Iglesias clasificarse 10mo. en la final del domingo.<\/p>\n\n\n\n<p>\u00abTop ten final!! Sacamos los remos y llegamos a estar P7 en un momento hasta que perdimos mucha tracci\u00f3n!.<\/p>\n\n\n\n<p>Simplemente gracias a todos los integrantes del equipo. Gracias familia, amigos, auspiciantes y todos los que se acercaron al box a tirar su buena onda\u00bb.<\/p>\n\n\n\n<p>El sanjuanino Tobias Mart\u00ednez logr\u00f3 ganar la 12\u00b0 final del a\u00f1o y estir\u00f3 a 54 la diferencia a su favor en la Copa de Plata.<\/p>\n\n\n\n<figure class=\"wp-block-image size-full\"><img decoding=\"async\" width=\"800\" height=\"160\" data-attachment-id=\"122732\" data-permalink=\"https:\/\/eldiariodesanpedro.com.ar\/sitio\/san-pedro-presenta-su-nueva-marca-en-la-fit\/banner-800x160\/\" data-orig-file=\"https:\/\/eldiariodesanpedro.com.ar\/sitio\/wp-content\/uploads\/2023\/10\/BANNER-800x160-1.jpg\" data-orig-size=\"800,160\" data-comments-opened=\"0\" data-image-meta=\"{&quot;aperture&quot;:&quot;0&quot;,&quot;credit&quot;:&quot;&quot;,&quot;camera&quot;:&quot;&quot;,&quot;caption&quot;:&quot;&quot;,&quot;created_timestamp&quot;:&quot;0&quot;,&quot;copyright&quot;:&quot;&quot;,&quot;focal_length&quot;:&quot;0&quot;,&quot;iso&quot;:&quot;0&quot;,&quot;shutter_speed&quot;:&quot;0&quot;,&quot;title&quot;:&quot;&quot;,&quot;orientation&quot;:&quot;1&quot;}\" data-image-title=\"BANNER 800&amp;#215;160\" data-image-description=\"\" data-image-caption=\"\" data-large-file=\"https:\/\/eldiariodesanpedro.com.ar\/sitio\/wp-content\/uploads\/2023\/10\/BANNER-800x160-1.jpg\" data-src=\"https:\/\/eldiariodesanpedro.com.ar\/sitio\/wp-content\/uploads\/2023\/10\/BANNER-800x160-1.jpg\" alt=\"\" class=\"wp-image-122732 lazyload\" data-srcset=\"https:\/\/eldiariodesanpedro.com.ar\/sitio\/wp-content\/uploads\/2023\/10\/BANNER-800x160-1.jpg 800w, https:\/\/eldiariodesanpedro.com.ar\/sitio\/wp-content\/uploads\/2023\/10\/BANNER-800x160-1-300x60.jpg 300w, https:\/\/eldiariodesanpedro.com.ar\/sitio\/wp-content\/uploads\/2023\/10\/BANNER-800x160-1-768x154.jpg 768w\" data-sizes=\"(max-width: 800px) 100vw, 800px\" src=\"data:image\/svg+xml;base64,PHN2ZyB3aWR0aD0iMSIgaGVpZ2h0PSIxIiB4bWxucz0iaHR0cDovL3d3dy53My5vcmcvMjAwMC9zdmciPjwvc3ZnPg==\" style=\"--smush-placeholder-width: 800px; --smush-placeholder-aspect-ratio: 800\/160;\" \/><\/figure>\n\n\n\n<p>Fuente: San Pedro Infroma<\/p>\n","protected":false},"excerpt":{"rendered":"<p>El piloto sampedrino tuvo una buena actuaci\u00f3n en su presentaci\u00f3n en San Nicol\u00e1s. El ganador fue Tobias Mart\u00ednez. Se corri\u00f3 en San Nicol\u00e1s la 12da. fecha del campeonato de TC Pista, la categor\u00eda telonera del Turismo Carretera. La prueba marc\u00f3 el regreso del sampedrino Fernando \u00abMorro\u00bb Iglesias a la categor\u00eda y lo hizo de la [&hellip;]<\/p>\n","protected":false},"author":4,"featured_media":122739,"comment_status":"closed","ping_status":"closed","sticky":false,"template":"","format":"standard","meta":{"om_disable_all_campaigns":false,"_jetpack_memberships_contains_paid_content":false,"footnotes":""},"categories":[101,2],"tags":[197,696,33,19],"class_list":["post-122738","post","type-post","status-publish","format-standard","has-post-thumbnail","hentry","category-interes-general-locales","category-locales","tag-buenos-aires","tag-interes-general","tag-locales","tag-san-pedro"],"aioseo_notices":[],"gutentor_comment":0,"jetpack_featured_media_url":"https:\/\/eldiariodesanpedro.com.ar\/sitio\/wp-content\/uploads\/2023\/10\/0000022231-resized-1920x1080-1.jpg","jetpack_shortlink":"https:\/\/wp.me\/p6RhLt-vVE","jetpack_sharing_enabled":true,"_links":{"self":[{"href":"https:\/\/eldiariodesanpedro.com.ar\/sitio\/wp-json\/wp\/v2\/posts\/122738","targetHints":{"allow":["GET"]}}],"collection":[{"href":"https:\/\/eldiariodesanpedro.com.ar\/sitio\/wp-json\/wp\/v2\/posts"}],"about":[{"href":"https:\/\/eldiariodesanpedro.com.ar\/sitio\/wp-json\/wp\/v2\/types\/post"}],"author":[{"embeddable":true,"href":"https:\/\/eldiariodesanpedro.com.ar\/sitio\/wp-json\/wp\/v2\/users\/4"}],"replies":[{"embeddable":true,"href":"https:\/\/eldiariodesanpedro.com.ar\/sitio\/wp-json\/wp\/v2\/comments?post=122738"}],"version-history":[{"count":1,"href":"https:\/\/eldiariodesanpedro.com.ar\/sitio\/wp-json\/wp\/v2\/posts\/122738\/revisions"}],"predecessor-version":[{"id":122740,"href":"https:\/\/eldiariodesanpedro.com.ar\/sitio\/wp-json\/wp\/v2\/posts\/122738\/revisions\/122740"}],"wp:featuredmedia":[{"embeddable":true,"href":"https:\/\/eldiariodesanpedro.com.ar\/sitio\/wp-json\/wp\/v2\/media\/122739"}],"wp:attachment":[{"href":"https:\/\/eldiariodesanpedro.com.ar\/sitio\/wp-json\/wp\/v2\/media?parent=122738"}],"wp:term":[{"taxonomy":"category","embeddable":true,"href":"https:\/\/eldiariodesanpedro.com.ar\/sitio\/wp-json\/wp\/v2\/categories?post=122738"},{"taxonomy":"post_tag","embeddable":true,"href":"https:\/\/eldiariodesanpedro.com.ar\/sitio\/wp-json\/wp\/v2\/tags?post=122738"}],"curies":[{"name":"wp","href":"https:\/\/api.w.org\/{rel}","templated":true}]}}