{"id":122712,"date":"2023-09-29T19:59:26","date_gmt":"2023-09-29T22:59:26","guid":{"rendered":"https:\/\/eldiariodesanpedro.com.ar\/sitio\/?p=122712"},"modified":"2023-09-29T19:59:29","modified_gmt":"2023-09-29T22:59:29","slug":"proyectan-un-festival-en-castro-con-la-presentacion-de-trulala-y-damas-gratis","status":"publish","type":"post","link":"https:\/\/eldiariodesanpedro.com.ar\/sitio\/proyectan-un-festival-en-castro-con-la-presentacion-de-trulala-y-damas-gratis\/","title":{"rendered":"Proyectan un festival en Castro con la presentaci\u00f3n de Trulala y Damas Gratis"},"content":{"rendered":"<!-- VideographyWP Plugin Message: Automatic video embedding prevented by plugin options. -->\n\n<p>Si bien todav\u00eda no est\u00e1 un cien por ciento confirmado este viernes el Intendente Municipal Cecilio Salazar mantuvo un encuentro con los empresarios Marcelo \u00abel Tigre\u00bb Romero y Denis Yara para programar un atractivo festival musical a desarrollarse en pocas semanas. Ser\u00e1 el 29 de octubre en la cancha de Agricultores de Gdor. Castro.<\/p>\n\n\n\n<p>\u00abEl Tigre\u00bb Marcelo, reconocido en el ambiente art\u00edstico y principalmente en la movida tropical, traer\u00eda a los grupos m\u00e1s taquilleros acompa\u00f1ado por el empresario sampedrino Denis Yara, a qui\u00e9n \u00faltimamente se lo vio demasiado cerca de la actriz y humorista Anita Martinez, amiga a la vez del empresario capitalino.<\/p>\n\n\n\n<p>Extraoficialmente se supo que Damas Gratis, Trulala, Los Charros y Yerba Brava, m\u00e1s otros grupos de gran convocatoria en la actualidad ser\u00edan parte del festival.<\/p>\n\n\n\n<p>En los pr\u00f3ximos d\u00edas los organizadores y autoridades municipales volver\u00e1n a reunirse pero ya para hacer el lanzamiento oficial.<\/p>\n","protected":false},"excerpt":{"rendered":"<p>Si bien todav\u00eda no est\u00e1 un cien por ciento confirmado este viernes el Intendente Municipal Cecilio Salazar mantuvo un encuentro con los empresarios Marcelo \u00abel Tigre\u00bb Romero y Denis Yara para programar un atractivo festival musical a desarrollarse en pocas semanas. Ser\u00e1 el 29 de octubre en la cancha de Agricultores de Gdor. Castro. \u00abEl [&hellip;]<\/p>\n","protected":false},"author":4,"featured_media":122713,"comment_status":"closed","ping_status":"closed","sticky":false,"template":"","format":"standard","meta":{"om_disable_all_campaigns":false,"_jetpack_memberships_contains_paid_content":false,"footnotes":""},"categories":[50,101,2],"tags":[197,696,33,19],"class_list":["post-122712","post","type-post","status-publish","format-standard","has-post-thumbnail","hentry","category-destacadas","category-interes-general-locales","category-locales","tag-buenos-aires","tag-interes-general","tag-locales","tag-san-pedro"],"aioseo_notices":[],"gutentor_comment":0,"jetpack_featured_media_url":"https:\/\/eldiariodesanpedro.com.ar\/sitio\/wp-content\/uploads\/2023\/09\/medida-16.png","jetpack_shortlink":"https:\/\/wp.me\/p6RhLt-vVe","jetpack_sharing_enabled":true,"_links":{"self":[{"href":"https:\/\/eldiariodesanpedro.com.ar\/sitio\/wp-json\/wp\/v2\/posts\/122712","targetHints":{"allow":["GET"]}}],"collection":[{"href":"https:\/\/eldiariodesanpedro.com.ar\/sitio\/wp-json\/wp\/v2\/posts"}],"about":[{"href":"https:\/\/eldiariodesanpedro.com.ar\/sitio\/wp-json\/wp\/v2\/types\/post"}],"author":[{"embeddable":true,"href":"https:\/\/eldiariodesanpedro.com.ar\/sitio\/wp-json\/wp\/v2\/users\/4"}],"replies":[{"embeddable":true,"href":"https:\/\/eldiariodesanpedro.com.ar\/sitio\/wp-json\/wp\/v2\/comments?post=122712"}],"version-history":[{"count":1,"href":"https:\/\/eldiariodesanpedro.com.ar\/sitio\/wp-json\/wp\/v2\/posts\/122712\/revisions"}],"predecessor-version":[{"id":122714,"href":"https:\/\/eldiariodesanpedro.com.ar\/sitio\/wp-json\/wp\/v2\/posts\/122712\/revisions\/122714"}],"wp:featuredmedia":[{"embeddable":true,"href":"https:\/\/eldiariodesanpedro.com.ar\/sitio\/wp-json\/wp\/v2\/media\/122713"}],"wp:attachment":[{"href":"https:\/\/eldiariodesanpedro.com.ar\/sitio\/wp-json\/wp\/v2\/media?parent=122712"}],"wp:term":[{"taxonomy":"category","embeddable":true,"href":"https:\/\/eldiariodesanpedro.com.ar\/sitio\/wp-json\/wp\/v2\/categories?post=122712"},{"taxonomy":"post_tag","embeddable":true,"href":"https:\/\/eldiariodesanpedro.com.ar\/sitio\/wp-json\/wp\/v2\/tags?post=122712"}],"curies":[{"name":"wp","href":"https:\/\/api.w.org\/{rel}","templated":true}]}}