{"id":122709,"date":"2023-09-29T14:42:04","date_gmt":"2023-09-29T17:42:04","guid":{"rendered":"https:\/\/eldiariodesanpedro.com.ar\/sitio\/?p=122709"},"modified":"2023-09-29T14:42:06","modified_gmt":"2023-09-29T17:42:06","slug":"allanamiento-y-secuestro-de-un-telefono-robado","status":"publish","type":"post","link":"https:\/\/eldiariodesanpedro.com.ar\/sitio\/allanamiento-y-secuestro-de-un-telefono-robado\/","title":{"rendered":"Allanamiento y secuestro de un telefono robado"},"content":{"rendered":"<!-- VideographyWP Plugin Message: Automatic video embedding prevented by plugin options. -->\n\n<p>Este jueves, el Personal del Grupo T\u00e1ctico Operativos llev\u00f3 a cabo tareas investigativas en relaci\u00f3n a un hecho de hurto. Se dirigieron a un domicilio ubicado en Ruffa al 500, donde realizaron una diligencia de allanamiento ordenada por el Juzgado de Garant\u00edas n \u00b01. La diligencia arroj\u00f3 un resultado afirmativo, lo que llev\u00f3 al secuestro de un tel\u00e9fono celular. La persona implicada, una mujer de 27 a\u00f1os de edad, fue puesta a disposici\u00f3n de la justicia y notificada de la formaci\u00f3n de la causa. La investigaci\u00f3n est\u00e1 a cargo de la UFI 07.<\/p>\n","protected":false},"excerpt":{"rendered":"<p>Este jueves, el Personal del Grupo T\u00e1ctico Operativos llev\u00f3 a cabo tareas investigativas en relaci\u00f3n a un hecho de hurto. Se dirigieron a un domicilio ubicado en Ruffa al 500, donde realizaron una diligencia de allanamiento ordenada por el Juzgado de Garant\u00edas n \u00b01. La diligencia arroj\u00f3 un resultado afirmativo, lo que llev\u00f3 al secuestro [&hellip;]<\/p>\n","protected":false},"author":4,"featured_media":122710,"comment_status":"closed","ping_status":"closed","sticky":false,"template":"","format":"standard","meta":{"om_disable_all_campaigns":false,"_jetpack_memberships_contains_paid_content":false,"footnotes":""},"categories":[2,103],"tags":[197,33,95,19],"class_list":["post-122709","post","type-post","status-publish","format-standard","has-post-thumbnail","hentry","category-locales","category-policiales-locales","tag-buenos-aires","tag-locales","tag-policiales","tag-san-pedro"],"aioseo_notices":[],"gutentor_comment":0,"jetpack_featured_media_url":"https:\/\/eldiariodesanpedro.com.ar\/sitio\/wp-content\/uploads\/2023\/09\/medida-15.png","jetpack_shortlink":"https:\/\/wp.me\/p6RhLt-vVb","jetpack_sharing_enabled":true,"_links":{"self":[{"href":"https:\/\/eldiariodesanpedro.com.ar\/sitio\/wp-json\/wp\/v2\/posts\/122709","targetHints":{"allow":["GET"]}}],"collection":[{"href":"https:\/\/eldiariodesanpedro.com.ar\/sitio\/wp-json\/wp\/v2\/posts"}],"about":[{"href":"https:\/\/eldiariodesanpedro.com.ar\/sitio\/wp-json\/wp\/v2\/types\/post"}],"author":[{"embeddable":true,"href":"https:\/\/eldiariodesanpedro.com.ar\/sitio\/wp-json\/wp\/v2\/users\/4"}],"replies":[{"embeddable":true,"href":"https:\/\/eldiariodesanpedro.com.ar\/sitio\/wp-json\/wp\/v2\/comments?post=122709"}],"version-history":[{"count":1,"href":"https:\/\/eldiariodesanpedro.com.ar\/sitio\/wp-json\/wp\/v2\/posts\/122709\/revisions"}],"predecessor-version":[{"id":122711,"href":"https:\/\/eldiariodesanpedro.com.ar\/sitio\/wp-json\/wp\/v2\/posts\/122709\/revisions\/122711"}],"wp:featuredmedia":[{"embeddable":true,"href":"https:\/\/eldiariodesanpedro.com.ar\/sitio\/wp-json\/wp\/v2\/media\/122710"}],"wp:attachment":[{"href":"https:\/\/eldiariodesanpedro.com.ar\/sitio\/wp-json\/wp\/v2\/media?parent=122709"}],"wp:term":[{"taxonomy":"category","embeddable":true,"href":"https:\/\/eldiariodesanpedro.com.ar\/sitio\/wp-json\/wp\/v2\/categories?post=122709"},{"taxonomy":"post_tag","embeddable":true,"href":"https:\/\/eldiariodesanpedro.com.ar\/sitio\/wp-json\/wp\/v2\/tags?post=122709"}],"curies":[{"name":"wp","href":"https:\/\/api.w.org\/{rel}","templated":true}]}}