{"id":122706,"date":"2023-09-29T14:14:26","date_gmt":"2023-09-29T17:14:26","guid":{"rendered":"https:\/\/eldiariodesanpedro.com.ar\/sitio\/?p=122706"},"modified":"2023-09-29T14:14:28","modified_gmt":"2023-09-29T17:14:28","slug":"charla-gratuita-sobre-abordaje-de-sexualidad-en-la-discapacidad-el-proximo-martes-en-sadiv","status":"publish","type":"post","link":"https:\/\/eldiariodesanpedro.com.ar\/sitio\/charla-gratuita-sobre-abordaje-de-sexualidad-en-la-discapacidad-el-proximo-martes-en-sadiv\/","title":{"rendered":"Charla Gratuita sobre Abordaje de Sexualidad en la Discapacidad el proximo martes en Sadiv"},"content":{"rendered":"<!-- VideographyWP Plugin Message: Automatic video embedding prevented by plugin options. -->\n\n<p>La asociaci\u00f3n Tipul y Tramas espacios de formaci\u00f3n ofrecer\u00e1n una charla el martes 3 de octubre a las 18 hs en el sal\u00f3n auditorio del Htal Privado Sadiv. El tema de la charla ser\u00e1 el abordaje y acompa\u00f1amiento de la sexualidad en la discapacidad. La charla estar\u00e1 a cargo de los licenciados Leonardo Gonz\u00e1lez y Ana Laura Szklanny, quienes tienen experiencia en la tem\u00e1tica y en otros aspectos relacionados con la discapacidad, la ni\u00f1ez y la adolescencia.<\/p>\n\n\n\n<p>La charla es de acceso gratuito y se proporcionar\u00e1 un certificado de asistencia. Adem\u00e1s, se ofrecer\u00e1 un coffe break. Esta actividad est\u00e1 dirigida a docentes, profesionales, acompa\u00f1antes terap\u00e9uticos, familias y p\u00fablico en general. Para inscribirse, se debe enviar un correo electr\u00f3nico a <a href=\"mailto:tramasplataforma@gmail.com\">tramasplataforma@gmail.com<\/a> o contactar a trav\u00e9s de Instagram en tipul_ok.<\/p>\n","protected":false},"excerpt":{"rendered":"<p>La asociaci\u00f3n Tipul y Tramas espacios de formaci\u00f3n ofrecer\u00e1n una charla el martes 3 de octubre a las 18 hs en el sal\u00f3n auditorio del Htal Privado Sadiv. El tema de la charla ser\u00e1 el abordaje y acompa\u00f1amiento de la sexualidad en la discapacidad. La charla estar\u00e1 a cargo de los licenciados Leonardo Gonz\u00e1lez y [&hellip;]<\/p>\n","protected":false},"author":4,"featured_media":122707,"comment_status":"closed","ping_status":"closed","sticky":false,"template":"","format":"standard","meta":{"om_disable_all_campaigns":false,"_jetpack_memberships_contains_paid_content":false,"footnotes":""},"categories":[101,2],"tags":[197,696,33,19],"class_list":["post-122706","post","type-post","status-publish","format-standard","has-post-thumbnail","hentry","category-interes-general-locales","category-locales","tag-buenos-aires","tag-interes-general","tag-locales","tag-san-pedro"],"aioseo_notices":[],"gutentor_comment":0,"jetpack_featured_media_url":"https:\/\/eldiariodesanpedro.com.ar\/sitio\/wp-content\/uploads\/2023\/09\/medida-14.png","jetpack_shortlink":"https:\/\/wp.me\/p6RhLt-vV8","jetpack_sharing_enabled":true,"_links":{"self":[{"href":"https:\/\/eldiariodesanpedro.com.ar\/sitio\/wp-json\/wp\/v2\/posts\/122706","targetHints":{"allow":["GET"]}}],"collection":[{"href":"https:\/\/eldiariodesanpedro.com.ar\/sitio\/wp-json\/wp\/v2\/posts"}],"about":[{"href":"https:\/\/eldiariodesanpedro.com.ar\/sitio\/wp-json\/wp\/v2\/types\/post"}],"author":[{"embeddable":true,"href":"https:\/\/eldiariodesanpedro.com.ar\/sitio\/wp-json\/wp\/v2\/users\/4"}],"replies":[{"embeddable":true,"href":"https:\/\/eldiariodesanpedro.com.ar\/sitio\/wp-json\/wp\/v2\/comments?post=122706"}],"version-history":[{"count":1,"href":"https:\/\/eldiariodesanpedro.com.ar\/sitio\/wp-json\/wp\/v2\/posts\/122706\/revisions"}],"predecessor-version":[{"id":122708,"href":"https:\/\/eldiariodesanpedro.com.ar\/sitio\/wp-json\/wp\/v2\/posts\/122706\/revisions\/122708"}],"wp:featuredmedia":[{"embeddable":true,"href":"https:\/\/eldiariodesanpedro.com.ar\/sitio\/wp-json\/wp\/v2\/media\/122707"}],"wp:attachment":[{"href":"https:\/\/eldiariodesanpedro.com.ar\/sitio\/wp-json\/wp\/v2\/media?parent=122706"}],"wp:term":[{"taxonomy":"category","embeddable":true,"href":"https:\/\/eldiariodesanpedro.com.ar\/sitio\/wp-json\/wp\/v2\/categories?post=122706"},{"taxonomy":"post_tag","embeddable":true,"href":"https:\/\/eldiariodesanpedro.com.ar\/sitio\/wp-json\/wp\/v2\/tags?post=122706"}],"curies":[{"name":"wp","href":"https:\/\/api.w.org\/{rel}","templated":true}]}}