{"id":122696,"date":"2023-09-29T14:01:58","date_gmt":"2023-09-29T17:01:58","guid":{"rendered":"https:\/\/eldiariodesanpedro.com.ar\/sitio\/?p=122696"},"modified":"2023-09-29T14:02:00","modified_gmt":"2023-09-29T17:02:00","slug":"entrega-del-kit-numero-80-del-programa-qunita-bonaerense-en-san-pedro","status":"publish","type":"post","link":"https:\/\/eldiariodesanpedro.com.ar\/sitio\/entrega-del-kit-numero-80-del-programa-qunita-bonaerense-en-san-pedro\/","title":{"rendered":"Entrega del Kit numero 80 del Programa Qunita Bonaerense en San Pedro"},"content":{"rendered":"<!-- VideographyWP Plugin Message: Automatic video embedding prevented by plugin options. -->\n\n<p>Hoy por la ma\u00f1ana, en el Hospital Municipal Emilio Ruffa, se vivi\u00f3 una emocionante jornada con la entrega del kit N\u00b0 80 del programa Qunita bonaerense a M\u00e1ximo, un reci\u00e9n nacido que lleg\u00f3 al mundo el pasado lunes.<\/p>\n\n\n\n<p>En el marco de la recorrida por el nosocomio, el Intendente Municipal, Cecilio Salazar; el Secretario de Salud, Pablo Pichioni; la Directora del Hospital, Dra. Mar\u00eda Vargas; el Director Administrativo, Roberto Borgo, presenciaron la entrega a la madre del reci\u00e9n nacido del kit que incluye un portabeb\u00e9, una cuna, indumentaria tanto para el beb\u00e9 como para la madre, elementos de cuidado e higiene como un term\u00f3metro digital, toallas, baberos, cremas, entre otros; tambi\u00e9n se proporciona ropa de cama, juguetes, una gu\u00eda y un kit de viaje.<\/p>\n\n\n\n<p>El programa Qunita bonaerense es una iniciativa integral, p\u00fablica y gratuita que tiene como objetivo acompa\u00f1ar la salud de las personas embarazadas y sus familias, promoviendo el cuidado de los ni\u00f1os y ni\u00f1as hasta los 3 a\u00f1os de edad. Su prop\u00f3sito es brindar todo lo necesario para una crianza con plenos derechos, en l\u00ednea con la Ley 27.611 de \u00abAtenci\u00f3n y Cuidado Integral de la Salud durante el Embarazo y la Primera Infancia\u00bb, tambi\u00e9n conocida como Ley de\u00a0los\u00a01000\u00a0d\u00edas.<\/p>\n\n\n\n<figure class=\"wp-block-image size-full\"><img decoding=\"async\" width=\"946\" height=\"630\" data-attachment-id=\"122699\" data-permalink=\"https:\/\/eldiariodesanpedro.com.ar\/sitio\/entrega-del-kit-numero-80-del-programa-qunita-bonaerense-en-san-pedro\/imagen-de-whatsapp-2023-09-29-a-las-13-41-281\/\" data-orig-file=\"https:\/\/eldiariodesanpedro.com.ar\/sitio\/wp-content\/uploads\/2023\/09\/Imagen-de-WhatsApp-2023-09-29-a-las-13.41.281.jpg\" data-orig-size=\"946,630\" data-comments-opened=\"0\" data-image-meta=\"{&quot;aperture&quot;:&quot;0&quot;,&quot;credit&quot;:&quot;&quot;,&quot;camera&quot;:&quot;&quot;,&quot;caption&quot;:&quot;&quot;,&quot;created_timestamp&quot;:&quot;0&quot;,&quot;copyright&quot;:&quot;&quot;,&quot;focal_length&quot;:&quot;0&quot;,&quot;iso&quot;:&quot;0&quot;,&quot;shutter_speed&quot;:&quot;0&quot;,&quot;title&quot;:&quot;&quot;,&quot;orientation&quot;:&quot;0&quot;}\" data-image-title=\"Imagen de WhatsApp 2023-09-29 a las 13.41.281\" data-image-description=\"\" data-image-caption=\"\" data-large-file=\"https:\/\/eldiariodesanpedro.com.ar\/sitio\/wp-content\/uploads\/2023\/09\/Imagen-de-WhatsApp-2023-09-29-a-las-13.41.281.jpg\" data-src=\"https:\/\/eldiariodesanpedro.com.ar\/sitio\/wp-content\/uploads\/2023\/09\/Imagen-de-WhatsApp-2023-09-29-a-las-13.41.281.jpg\" alt=\"\" class=\"wp-image-122699 lazyload\" data-srcset=\"https:\/\/eldiariodesanpedro.com.ar\/sitio\/wp-content\/uploads\/2023\/09\/Imagen-de-WhatsApp-2023-09-29-a-las-13.41.281.jpg 946w, https:\/\/eldiariodesanpedro.com.ar\/sitio\/wp-content\/uploads\/2023\/09\/Imagen-de-WhatsApp-2023-09-29-a-las-13.41.281-300x200.jpg 300w, https:\/\/eldiariodesanpedro.com.ar\/sitio\/wp-content\/uploads\/2023\/09\/Imagen-de-WhatsApp-2023-09-29-a-las-13.41.281-768x511.jpg 768w\" data-sizes=\"(max-width: 946px) 100vw, 946px\" src=\"data:image\/svg+xml;base64,PHN2ZyB3aWR0aD0iMSIgaGVpZ2h0PSIxIiB4bWxucz0iaHR0cDovL3d3dy53My5vcmcvMjAwMC9zdmciPjwvc3ZnPg==\" style=\"--smush-placeholder-width: 946px; --smush-placeholder-aspect-ratio: 946\/630;\" \/><\/figure>\n","protected":false},"excerpt":{"rendered":"<p>Hoy por la ma\u00f1ana, en el Hospital Municipal Emilio Ruffa, se vivi\u00f3 una emocionante jornada con la entrega del kit N\u00b0 80 del programa Qunita bonaerense a M\u00e1ximo, un reci\u00e9n nacido que lleg\u00f3 al mundo el pasado lunes. En el marco de la recorrida por el nosocomio, el Intendente Municipal, Cecilio Salazar; el Secretario de [&hellip;]<\/p>\n","protected":false},"author":4,"featured_media":122697,"comment_status":"closed","ping_status":"closed","sticky":false,"template":"","format":"standard","meta":{"om_disable_all_campaigns":false,"_jetpack_memberships_contains_paid_content":false,"footnotes":""},"categories":[50,101,2],"tags":[197,696,33,19],"class_list":["post-122696","post","type-post","status-publish","format-standard","has-post-thumbnail","hentry","category-destacadas","category-interes-general-locales","category-locales","tag-buenos-aires","tag-interes-general","tag-locales","tag-san-pedro"],"aioseo_notices":[],"gutentor_comment":0,"jetpack_featured_media_url":"https:\/\/eldiariodesanpedro.com.ar\/sitio\/wp-content\/uploads\/2023\/09\/Imagen-de-WhatsApp-2023-09-29-a-las-13.41.27.jpg","jetpack_shortlink":"https:\/\/wp.me\/p6RhLt-vUY","jetpack_sharing_enabled":true,"_links":{"self":[{"href":"https:\/\/eldiariodesanpedro.com.ar\/sitio\/wp-json\/wp\/v2\/posts\/122696","targetHints":{"allow":["GET"]}}],"collection":[{"href":"https:\/\/eldiariodesanpedro.com.ar\/sitio\/wp-json\/wp\/v2\/posts"}],"about":[{"href":"https:\/\/eldiariodesanpedro.com.ar\/sitio\/wp-json\/wp\/v2\/types\/post"}],"author":[{"embeddable":true,"href":"https:\/\/eldiariodesanpedro.com.ar\/sitio\/wp-json\/wp\/v2\/users\/4"}],"replies":[{"embeddable":true,"href":"https:\/\/eldiariodesanpedro.com.ar\/sitio\/wp-json\/wp\/v2\/comments?post=122696"}],"version-history":[{"count":1,"href":"https:\/\/eldiariodesanpedro.com.ar\/sitio\/wp-json\/wp\/v2\/posts\/122696\/revisions"}],"predecessor-version":[{"id":122700,"href":"https:\/\/eldiariodesanpedro.com.ar\/sitio\/wp-json\/wp\/v2\/posts\/122696\/revisions\/122700"}],"wp:featuredmedia":[{"embeddable":true,"href":"https:\/\/eldiariodesanpedro.com.ar\/sitio\/wp-json\/wp\/v2\/media\/122697"}],"wp:attachment":[{"href":"https:\/\/eldiariodesanpedro.com.ar\/sitio\/wp-json\/wp\/v2\/media?parent=122696"}],"wp:term":[{"taxonomy":"category","embeddable":true,"href":"https:\/\/eldiariodesanpedro.com.ar\/sitio\/wp-json\/wp\/v2\/categories?post=122696"},{"taxonomy":"post_tag","embeddable":true,"href":"https:\/\/eldiariodesanpedro.com.ar\/sitio\/wp-json\/wp\/v2\/tags?post=122696"}],"curies":[{"name":"wp","href":"https:\/\/api.w.org\/{rel}","templated":true}]}}