{"id":122688,"date":"2023-09-29T13:56:11","date_gmt":"2023-09-29T16:56:11","guid":{"rendered":"https:\/\/eldiariodesanpedro.com.ar\/sitio\/?p=122688"},"modified":"2023-09-29T13:56:13","modified_gmt":"2023-09-29T16:56:13","slug":"presentacion-de-la-nueva-ambulancia-de-alta-complejidad-para-el-hospital-emilio-ruffa","status":"publish","type":"post","link":"https:\/\/eldiariodesanpedro.com.ar\/sitio\/presentacion-de-la-nueva-ambulancia-de-alta-complejidad-para-el-hospital-emilio-ruffa\/","title":{"rendered":"Presentaci\u00f3n de la nueva ambulancia de alta complejidad para el hospital Emilio Ruffa"},"content":{"rendered":"<!-- VideographyWP Plugin Message: Automatic video embedding prevented by plugin options. -->\n\n<p>Esta ma\u00f1ana, el Intendente Municipal Cecilio Salazar visit\u00f3 el Hospital Dr. Emilio Ruffa donde se incorpor\u00f3 la nueva ambulancia a la flota de la Secretar\u00eda de Salud de la Municipalidad de San Pedro donada por el gobernador Axel Kicillof junto al ministro de Salud Nicol\u00e1s Kreplak.<\/p>\n\n\n\n<p>Acompa\u00f1ado por el Secretario de Salud, Dr. Pablo Pichioni; la Directora del Hospital Municipal Dr. Emilio Ruffa, Dra. Mar\u00eda Vargas; el Director Administrativo, Roberto Borgo; el Director de Personal, Facundo G\u00f3mez, y parte del equipo del nosocomio conocieron la Ford Tr\u00e1nsit 0 KM equipada con un gabinete de doble tubo de ox\u00edgeno, dos tubos port\u00e1tiles, monitor multiparam\u00e9trico, bolso de trauma y tabla r\u00edgida de estriaci\u00f3n. Este veh\u00edculo ser\u00e1 acondicionado para prestar servicios de Unidad de Alta Complejidad, fortaleciendo la atenci\u00f3n de emergencias en nuestra comunidad.<\/p>\n\n\n\n<p>Durante la visita el Intendente conoci\u00f3 los equipos que se integraron recientemente al equipamiento del Hospital, son quince concentradores de ox\u00edgeno de 5 kilos y diecisiete de 10 kilos, completando un total de 32 equipos.<br>Estos concentradores toman aire del entorno, lo purifican y separan el ox\u00edgeno de otros gases presentes en el aire para garantizar que las personas con insuficiencia respiratoria tengan acceso al ox\u00edgeno necesario para mantener una buena oxigenaci\u00f3n de la sangre y facilitar\u00a0la\u00a0respiraci\u00f3n.<\/p>\n\n\n\n<figure class=\"wp-block-image size-full\"><img decoding=\"async\" width=\"946\" height=\"630\" data-attachment-id=\"122691\" data-permalink=\"https:\/\/eldiariodesanpedro.com.ar\/sitio\/presentacion-de-la-nueva-ambulancia-de-alta-complejidad-para-el-hospital-emilio-ruffa\/imagen-de-whatsapp-2023-09-29-a-las-13-34-14\/\" data-orig-file=\"https:\/\/eldiariodesanpedro.com.ar\/sitio\/wp-content\/uploads\/2023\/09\/Imagen-de-WhatsApp-2023-09-29-a-las-13.34.14.jpg\" data-orig-size=\"946,630\" data-comments-opened=\"0\" data-image-meta=\"{&quot;aperture&quot;:&quot;0&quot;,&quot;credit&quot;:&quot;&quot;,&quot;camera&quot;:&quot;&quot;,&quot;caption&quot;:&quot;&quot;,&quot;created_timestamp&quot;:&quot;0&quot;,&quot;copyright&quot;:&quot;&quot;,&quot;focal_length&quot;:&quot;0&quot;,&quot;iso&quot;:&quot;0&quot;,&quot;shutter_speed&quot;:&quot;0&quot;,&quot;title&quot;:&quot;&quot;,&quot;orientation&quot;:&quot;0&quot;}\" data-image-title=\"Imagen de WhatsApp 2023-09-29 a las 13.34.14\" data-image-description=\"\" data-image-caption=\"\" data-large-file=\"https:\/\/eldiariodesanpedro.com.ar\/sitio\/wp-content\/uploads\/2023\/09\/Imagen-de-WhatsApp-2023-09-29-a-las-13.34.14.jpg\" data-src=\"https:\/\/eldiariodesanpedro.com.ar\/sitio\/wp-content\/uploads\/2023\/09\/Imagen-de-WhatsApp-2023-09-29-a-las-13.34.14.jpg\" alt=\"\" class=\"wp-image-122691 lazyload\" data-srcset=\"https:\/\/eldiariodesanpedro.com.ar\/sitio\/wp-content\/uploads\/2023\/09\/Imagen-de-WhatsApp-2023-09-29-a-las-13.34.14.jpg 946w, https:\/\/eldiariodesanpedro.com.ar\/sitio\/wp-content\/uploads\/2023\/09\/Imagen-de-WhatsApp-2023-09-29-a-las-13.34.14-300x200.jpg 300w, https:\/\/eldiariodesanpedro.com.ar\/sitio\/wp-content\/uploads\/2023\/09\/Imagen-de-WhatsApp-2023-09-29-a-las-13.34.14-768x511.jpg 768w\" data-sizes=\"(max-width: 946px) 100vw, 946px\" src=\"data:image\/svg+xml;base64,PHN2ZyB3aWR0aD0iMSIgaGVpZ2h0PSIxIiB4bWxucz0iaHR0cDovL3d3dy53My5vcmcvMjAwMC9zdmciPjwvc3ZnPg==\" style=\"--smush-placeholder-width: 946px; --smush-placeholder-aspect-ratio: 946\/630;\" \/><\/figure>\n\n\n\n<figure class=\"wp-block-image size-full\"><img decoding=\"async\" width=\"946\" height=\"630\" data-attachment-id=\"122693\" data-permalink=\"https:\/\/eldiariodesanpedro.com.ar\/sitio\/presentacion-de-la-nueva-ambulancia-de-alta-complejidad-para-el-hospital-emilio-ruffa\/imagen-de-whatsapp-2023-09-29-a-las-13-34-16\/\" data-orig-file=\"https:\/\/eldiariodesanpedro.com.ar\/sitio\/wp-content\/uploads\/2023\/09\/Imagen-de-WhatsApp-2023-09-29-a-las-13.34.16.jpg\" data-orig-size=\"946,630\" data-comments-opened=\"0\" data-image-meta=\"{&quot;aperture&quot;:&quot;0&quot;,&quot;credit&quot;:&quot;&quot;,&quot;camera&quot;:&quot;&quot;,&quot;caption&quot;:&quot;&quot;,&quot;created_timestamp&quot;:&quot;0&quot;,&quot;copyright&quot;:&quot;&quot;,&quot;focal_length&quot;:&quot;0&quot;,&quot;iso&quot;:&quot;0&quot;,&quot;shutter_speed&quot;:&quot;0&quot;,&quot;title&quot;:&quot;&quot;,&quot;orientation&quot;:&quot;0&quot;}\" data-image-title=\"Imagen de WhatsApp 2023-09-29 a las 13.34.16\" data-image-description=\"\" data-image-caption=\"\" data-large-file=\"https:\/\/eldiariodesanpedro.com.ar\/sitio\/wp-content\/uploads\/2023\/09\/Imagen-de-WhatsApp-2023-09-29-a-las-13.34.16.jpg\" data-src=\"https:\/\/eldiariodesanpedro.com.ar\/sitio\/wp-content\/uploads\/2023\/09\/Imagen-de-WhatsApp-2023-09-29-a-las-13.34.16.jpg\" alt=\"\" class=\"wp-image-122693 lazyload\" data-srcset=\"https:\/\/eldiariodesanpedro.com.ar\/sitio\/wp-content\/uploads\/2023\/09\/Imagen-de-WhatsApp-2023-09-29-a-las-13.34.16.jpg 946w, https:\/\/eldiariodesanpedro.com.ar\/sitio\/wp-content\/uploads\/2023\/09\/Imagen-de-WhatsApp-2023-09-29-a-las-13.34.16-300x200.jpg 300w, https:\/\/eldiariodesanpedro.com.ar\/sitio\/wp-content\/uploads\/2023\/09\/Imagen-de-WhatsApp-2023-09-29-a-las-13.34.16-768x511.jpg 768w\" data-sizes=\"(max-width: 946px) 100vw, 946px\" src=\"data:image\/svg+xml;base64,PHN2ZyB3aWR0aD0iMSIgaGVpZ2h0PSIxIiB4bWxucz0iaHR0cDovL3d3dy53My5vcmcvMjAwMC9zdmciPjwvc3ZnPg==\" style=\"--smush-placeholder-width: 946px; --smush-placeholder-aspect-ratio: 946\/630;\" \/><\/figure>\n","protected":false},"excerpt":{"rendered":"<p>Esta ma\u00f1ana, el Intendente Municipal Cecilio Salazar visit\u00f3 el Hospital Dr. Emilio Ruffa donde se incorpor\u00f3 la nueva ambulancia a la flota de la Secretar\u00eda de Salud de la Municipalidad de San Pedro donada por el gobernador Axel Kicillof junto al ministro de Salud Nicol\u00e1s Kreplak. Acompa\u00f1ado por el Secretario de Salud, Dr. Pablo Pichioni; [&hellip;]<\/p>\n","protected":false},"author":4,"featured_media":122694,"comment_status":"closed","ping_status":"closed","sticky":false,"template":"","format":"standard","meta":{"om_disable_all_campaigns":false,"_jetpack_memberships_contains_paid_content":false,"footnotes":""},"categories":[50,101,2],"tags":[],"class_list":["post-122688","post","type-post","status-publish","format-standard","has-post-thumbnail","hentry","category-destacadas","category-interes-general-locales","category-locales"],"aioseo_notices":[],"gutentor_comment":0,"jetpack_featured_media_url":"https:\/\/eldiariodesanpedro.com.ar\/sitio\/wp-content\/uploads\/2023\/09\/Imagen-de-WhatsApp-2023-09-29-a-las-13.34.161.jpg","jetpack_shortlink":"https:\/\/wp.me\/p6RhLt-vUQ","jetpack_sharing_enabled":true,"_links":{"self":[{"href":"https:\/\/eldiariodesanpedro.com.ar\/sitio\/wp-json\/wp\/v2\/posts\/122688","targetHints":{"allow":["GET"]}}],"collection":[{"href":"https:\/\/eldiariodesanpedro.com.ar\/sitio\/wp-json\/wp\/v2\/posts"}],"about":[{"href":"https:\/\/eldiariodesanpedro.com.ar\/sitio\/wp-json\/wp\/v2\/types\/post"}],"author":[{"embeddable":true,"href":"https:\/\/eldiariodesanpedro.com.ar\/sitio\/wp-json\/wp\/v2\/users\/4"}],"replies":[{"embeddable":true,"href":"https:\/\/eldiariodesanpedro.com.ar\/sitio\/wp-json\/wp\/v2\/comments?post=122688"}],"version-history":[{"count":1,"href":"https:\/\/eldiariodesanpedro.com.ar\/sitio\/wp-json\/wp\/v2\/posts\/122688\/revisions"}],"predecessor-version":[{"id":122695,"href":"https:\/\/eldiariodesanpedro.com.ar\/sitio\/wp-json\/wp\/v2\/posts\/122688\/revisions\/122695"}],"wp:featuredmedia":[{"embeddable":true,"href":"https:\/\/eldiariodesanpedro.com.ar\/sitio\/wp-json\/wp\/v2\/media\/122694"}],"wp:attachment":[{"href":"https:\/\/eldiariodesanpedro.com.ar\/sitio\/wp-json\/wp\/v2\/media?parent=122688"}],"wp:term":[{"taxonomy":"category","embeddable":true,"href":"https:\/\/eldiariodesanpedro.com.ar\/sitio\/wp-json\/wp\/v2\/categories?post=122688"},{"taxonomy":"post_tag","embeddable":true,"href":"https:\/\/eldiariodesanpedro.com.ar\/sitio\/wp-json\/wp\/v2\/tags?post=122688"}],"curies":[{"name":"wp","href":"https:\/\/api.w.org\/{rel}","templated":true}]}}