{"id":122685,"date":"2023-09-29T13:47:57","date_gmt":"2023-09-29T16:47:57","guid":{"rendered":"https:\/\/eldiariodesanpedro.com.ar\/sitio\/?p=122685"},"modified":"2023-09-29T13:47:59","modified_gmt":"2023-09-29T16:47:59","slug":"creacion-de-nueva-comision-de-fomento-en-el-barrio-la-tosquera","status":"publish","type":"post","link":"https:\/\/eldiariodesanpedro.com.ar\/sitio\/creacion-de-nueva-comision-de-fomento-en-el-barrio-la-tosquera\/","title":{"rendered":"Creaci\u00f3n de Nueva Comisi\u00f3n de Fomento en el Barrio La Tosquera"},"content":{"rendered":"<!-- VideographyWP Plugin Message: Automatic video embedding prevented by plugin options. -->\n\n<p>La Direcci\u00f3n de Comisiones de Fomento de la Municipalidad de San Pedro informa la conformaci\u00f3n de la nueva Comisi\u00f3n de Fomento en el barrio La Tosquera, la cual fue confirmada este jueves.<\/p>\n\n\n\n<p>La comisi\u00f3n est\u00e1 integrada por los siguientes miembros:<\/p>\n\n\n\n<p>Presidente: Hugo Ibarra<br>Vicepresidente: Adriana Gonz\u00e1lez<br>Secretario: Joel G\u00f3mez<br>Prosecretario: Daniel Molina<br>Tesorero: Carlos Pardos<br>Protesorero: Anal\u00eda Vel\u00e1zquez<br>Vocales: Mar\u00eda Vel\u00e1zquez, Lucrecia Correa, Nancy Navarro, Adriana C\u00e1ceres, Rub\u00e9n Leiva, Marisa Vel\u00e1zquez, Lourdes Vel\u00e1zquez, Dora Bedetti<br>Revisor de cuentas: Ver\u00f3nica Pav\u00f3n<\/p>\n\n\n\n<p>Desde la Direcci\u00f3n se contin\u00faa brindando apoyo a los grupos ya existentes y motivando a los barrios que a\u00fan no han conformado sus comisiones a hacerlo, planificando reuniones en otros barrios de la ciudad para mantener una comunicaci\u00f3n cercana con los vecinos y fomentar la creaci\u00f3n de comisiones en aquellos lugares que a\u00fan no cuentan con ellas y reactivando las que se encuentren&nbsp;en&nbsp;desuso.<\/p>\n","protected":false},"excerpt":{"rendered":"<p>La Direcci\u00f3n de Comisiones de Fomento de la Municipalidad de San Pedro informa la conformaci\u00f3n de la nueva Comisi\u00f3n de Fomento en el barrio La Tosquera, la cual fue confirmada este jueves. La comisi\u00f3n est\u00e1 integrada por los siguientes miembros: Presidente: Hugo IbarraVicepresidente: Adriana Gonz\u00e1lezSecretario: Joel G\u00f3mezProsecretario: Daniel MolinaTesorero: Carlos PardosProtesorero: Anal\u00eda Vel\u00e1zquezVocales: Mar\u00eda Vel\u00e1zquez, [&hellip;]<\/p>\n","protected":false},"author":4,"featured_media":122686,"comment_status":"closed","ping_status":"closed","sticky":false,"template":"","format":"standard","meta":{"om_disable_all_campaigns":false,"_jetpack_memberships_contains_paid_content":false,"footnotes":""},"categories":[101,2],"tags":[197,696,33,19],"class_list":["post-122685","post","type-post","status-publish","format-standard","has-post-thumbnail","hentry","category-interes-general-locales","category-locales","tag-buenos-aires","tag-interes-general","tag-locales","tag-san-pedro"],"aioseo_notices":[],"gutentor_comment":0,"jetpack_featured_media_url":"https:\/\/eldiariodesanpedro.com.ar\/sitio\/wp-content\/uploads\/2023\/09\/Imagen-de-WhatsApp-2023-09-29-a-las-11.00.28.jpg","jetpack_shortlink":"https:\/\/wp.me\/p6RhLt-vUN","jetpack_sharing_enabled":true,"_links":{"self":[{"href":"https:\/\/eldiariodesanpedro.com.ar\/sitio\/wp-json\/wp\/v2\/posts\/122685","targetHints":{"allow":["GET"]}}],"collection":[{"href":"https:\/\/eldiariodesanpedro.com.ar\/sitio\/wp-json\/wp\/v2\/posts"}],"about":[{"href":"https:\/\/eldiariodesanpedro.com.ar\/sitio\/wp-json\/wp\/v2\/types\/post"}],"author":[{"embeddable":true,"href":"https:\/\/eldiariodesanpedro.com.ar\/sitio\/wp-json\/wp\/v2\/users\/4"}],"replies":[{"embeddable":true,"href":"https:\/\/eldiariodesanpedro.com.ar\/sitio\/wp-json\/wp\/v2\/comments?post=122685"}],"version-history":[{"count":1,"href":"https:\/\/eldiariodesanpedro.com.ar\/sitio\/wp-json\/wp\/v2\/posts\/122685\/revisions"}],"predecessor-version":[{"id":122687,"href":"https:\/\/eldiariodesanpedro.com.ar\/sitio\/wp-json\/wp\/v2\/posts\/122685\/revisions\/122687"}],"wp:featuredmedia":[{"embeddable":true,"href":"https:\/\/eldiariodesanpedro.com.ar\/sitio\/wp-json\/wp\/v2\/media\/122686"}],"wp:attachment":[{"href":"https:\/\/eldiariodesanpedro.com.ar\/sitio\/wp-json\/wp\/v2\/media?parent=122685"}],"wp:term":[{"taxonomy":"category","embeddable":true,"href":"https:\/\/eldiariodesanpedro.com.ar\/sitio\/wp-json\/wp\/v2\/categories?post=122685"},{"taxonomy":"post_tag","embeddable":true,"href":"https:\/\/eldiariodesanpedro.com.ar\/sitio\/wp-json\/wp\/v2\/tags?post=122685"}],"curies":[{"name":"wp","href":"https:\/\/api.w.org\/{rel}","templated":true}]}}